{"id":151721,"date":"2026-07-08T20:06:22","date_gmt":"2026-07-08T20:06:22","guid":{"rendered":"https:\/\/www.europesays.com\/afrique\/151721\/"},"modified":"2026-07-08T20:06:22","modified_gmt":"2026-07-08T20:06:22","slug":"cyclisme-sur-piste-le-vannetais-etienne-oliviero-survole-le-kilometre-des-championnats-deurope","status":"publish","type":"post","link":"https:\/\/www.europesays.com\/afrique\/151721\/","title":{"rendered":"Cyclisme sur piste. Le Vannetais \u00c9tienne Oliviero, survole le kilom\u00e8tre des championnats d\u2019Europe"},"content":{"rendered":"<p>\n                Article premium,<br \/>\n                    R\u00e9serv\u00e9 aux\u00a0abonn\u00e9s\n            <\/p>\n<p class=\"su-standfirst chapeau\">Une claque monumentale. L\u2019espoir vannetais \u00c9tienne Oliviero s\u2019est offert la couronne de champion d\u2019Europe du kilom\u00e8tre\u00a0(U23) ce mercredi 8\u00a0juillet, en Allemagne. \u00c0 20\u00a0ans, le Breton s\u2019impose avec une marge insolente de pr\u00e8s de cinq dixi\u00e8mes sur son dauphin, \u00e9touffant la concurrence.<\/p>\n<p>                                        <img decoding=\"async\" class=\"su-media\" src=\"https:\/\/media.ouest-france.fr\/v1\/pictures\/MjAyNjA3MDE4ZDdlY2NhOTkxYTRlY2NlMjFmNjNmMWFmYzQwNTc?width=630&amp;height=354&amp;focuspoint=50%2C25&amp;cropresize=1&amp;client_id=bpeditorial&amp;sign=cfeafe0282db08b01218e264d5712e89d1b7bdf26114d016277c2f8a7c55d19d\" alt=\"Mercredi 8\u00a0juillet, \u00c9tienne Oliviero s\u2019impose aux championnats d\u2019Europe U23\u00a0du kilom\u00e8tre sur piste.\"  \/><\/p>\n<p>                            Mercredi 8\u00a0juillet, \u00c9tienne Oliviero s\u2019impose aux championnats d\u2019Europe U23\u00a0du kilom\u00e8tre sur piste. | ANADOLU VIA AFP<\/p>\n<p>                            fermer<\/p>\n<p><img decoding=\"async\" data-ofmaxheight=\"\" class=\"su-media lazyload\" alt=\"Mercredi 8\u00a0juillet, \u00c9tienne Oliviero s\u2019impose aux championnats d\u2019Europe U23\u00a0du kilom\u00e8tre sur piste.\" src=\"data:image\/png;base64,iVBORw0KGgoAAAANSUhEUgAAABAAAAAJCAYAAAA7KqwyAAAAGXRFWHRTb2Z0d2FyZQBBZG9iZSBJbWFnZVJlYWR5ccllPAAAABhJREFUeNpi\/P\/\/PwMlgHHUgFEDgAAgwAD+lBrvy+NcxAAAAABJRU5ErkJggg==\" data-oflazyload=\"{&quot;srcset&quot;:&quot;https:\/\/media.ouest-france.fr\/v1\/pictures\/MjAyNjA3MDE4ZDdlY2NhOTkxYTRlY2NlMjFmNjNmMWFmYzQwNTc?width=320&amp;focuspoint=50%2C25&amp;cropresize=1&amp;client_id=bpeditorial&amp;sign=b7ede1e9f3713dce6563d3973629e59147aeabb155dd0f5f2712cae791f641c4 320w,https:\/\/media.ouest-france.fr\/v1\/pictures\/MjAyNjA3MDE4ZDdlY2NhOTkxYTRlY2NlMjFmNjNmMWFmYzQwNTc?width=375&amp;focuspoint=50%2C25&amp;cropresize=1&amp;client_id=bpeditorial&amp;sign=c8b80dc57aece46fb046b5e51ba8d68c050257ee036827d4867bb5cd9431557b 360w,https:\/\/media.ouest-france.fr\/v1\/pictures\/MjAyNjA3MDE4ZDdlY2NhOTkxYTRlY2NlMjFmNjNmMWFmYzQwNTc?width=480&amp;focuspoint=50%2C25&amp;cropresize=1&amp;client_id=bpeditorial&amp;sign=bdb1806bbeebbae8f951e70964772b4aedb0669eba9d775852e745538de4c3b0 480w,https:\/\/media.ouest-france.fr\/v1\/pictures\/MjAyNjA3MDE4ZDdlY2NhOTkxYTRlY2NlMjFmNjNmMWFmYzQwNTc?width=630&amp;focuspoint=50%2C25&amp;cropresize=1&amp;client_id=bpeditorial&amp;sign=ee24e4e6bd806394c590c05d6c207a08e5d777325bd4292933ed13e37b66cbf4 630w,https:\/\/media.ouest-france.fr\/v1\/pictures\/MjAyNjA3MDE4ZDdlY2NhOTkxYTRlY2NlMjFmNjNmMWFmYzQwNTc?width=940&amp;focuspoint=50%2C25&amp;cropresize=1&amp;client_id=bpeditorial&amp;sign=5f29f2a0d992c0df4926a0ca2f02f6366d8915ea9f231d9e43baf87c15ff9894 940w,https:\/\/media.ouest-france.fr\/v1\/pictures\/MjAyNjA3MDE4ZDdlY2NhOTkxYTRlY2NlMjFmNjNmMWFmYzQwNTc?width=1260&amp;focuspoint=50%2C25&amp;cropresize=1&amp;client_id=bpeditorial&amp;sign=9f127fe0c66821a1d8e25ab5908622ac40795f441ec1bcf548886a805432c82a 1260w&quot;}\"\/>Mercredi 8\u00a0juillet, \u00c9tienne Oliviero s\u2019impose aux championnats d\u2019Europe U23\u00a0du kilom\u00e8tre sur piste. | ANADOLU VIA AFP                            <\/p>\n<p>Il n\u2019y a pas eu de match, ce mercredi 8\u00a0juillet, dans l\u2019ambiance bouillante du Lausitz Velodrome \u00e0 Cottbus\u00a0(Allemagne). Imp\u00e9rial de bout en bout, l\u2019espoir vannetais \u00c9tienne Oliviero a survol\u00e9 les d\u00e9bats sans trembler pour s\u2019offrir la couronne de champion d\u2019Europe U23\u00a0du kilom\u00e8tre, faisant briller le maillot tricolore sur ses \u00e9paules.<\/p>\n<p>Lire aussi.\u00a0<a href=\"https:\/\/www.ouest-france.fr\/sport\/cyclisme\/piste\/cyclisme-sur-piste-jai-tout-a-apprendre-etienne-oliviero-va-se-frotter-au-gratin-mondial-a-hong-kong-a105b818-3803-11f1-84b8-e1d91f8f7aaa\" target=\"_blank\" rel=\"nofollow noopener\">Cyclisme sur piste. \u00ab J\u2019ai tout \u00e0 apprendre \u00bb : Etienne Oliviero va se frotter au gratin mondial \u00e0 Hong&#8230;<\/a><\/p>\n<p style=\"text-align: center; background-color: #dbbe4d; padding-top: 5px; padding-bottom: 5px; font-size: 14px;\">D\u00e9j\u00e0 abonn\u00e9 ? <a data-trkartmonet=\"Identification\" data-trk-sipa=\"{\" blockcategory=\"\" paywall=\"\" href=\"http:\/\/www.ouest-france.fr\/login?redirect=https:\/\/www.ouest-france.fr\/sport\/cyclisme\/cyclisme-sur-piste-le-vannetais-etienne-oliviero-survole-le-kilometre-des-championnats-deurope-9ac3ecc4-7aeb-11f1-a705-e1977a1c2ed8\" rel=\"nofollow noopener\" title=\"Se connecter \u00e0 Ouest-France\" class=\"su-link-light\" target=\"_blank\">Connectez-vous<\/a><\/p>\n<p style=\"text-align: center; padding-top: 15px; padding-bottom: 8px; vertical-align: bottom;\">bloqu\u00e9 Pour lire la suite, abonnez-vous<\/p>\n<p style=\"text-align: center;\">1er mois \u00e0 1\u20ac<\/p>\n<p style=\"text-align: center; margin-top: -5px;\">Annulable \u00e0 tout moment<\/p>\n<p style=\"text-align: center;\">\u00a0<\/p>\n<p style=\"text-align: center;\"><a data-ida=\"\" data-trkartmonet=\"Tunnel OF+\" data-trk-sipa=\"{&#010;\" blockcategory=\"\" paywall=\"\" :=\"\" m=\"\" of=\"\" class=\"su-button su-subscription\" data-trk-bloc=\"paywall\" href=\"https:\/\/abonnement.ouest-france.fr\/tunnel\/pack-essentiel-article\/122096117101?int_medium=lien&amp;int_campaign=PWFR0225-OF&amp;int_content=page-article-payant_boutonjaune-paywall&amp;marquesource=OF&amp;rt=https:\/\/www.ouest-france.fr\/sport\/cyclisme\/cyclisme-sur-piste-le-vannetais-etienne-oliviero-survole-le-kilometre-des-championnats-deurope-9ac3ecc4-7aeb-11f1-a705-e1977a1c2ed8\" rel=\"nofollow noopener\" target=\"_blank\">Je m&rsquo;abonne<\/a><\/p>\n<p style=\"text-align: center; padding-top: 10px; padding-bottom: 10px;\"><img decoding=\"async\" src=\"https:\/\/media.ouest-france.fr\/v1\/fonts\/be7723fcee3f1866f1ce99184077fc6f-carte-bancaire.svg?height=36\" alt=\"CB\"\/>\u00a0\u00a0<img decoding=\"async\" src=\"https:\/\/media.ouest-france.fr\/v1\/fonts\/1819d54c599d8afa64539cfba4ac9dde-rib.svg?height=36\" alt=\"RIB\"\/>\u00a0\u00a0<img decoding=\"async\" src=\"https:\/\/media.ouest-france.fr\/v1\/fonts\/065fc80d7b6a03d14a834c224ce723e1-paypal.svg?height=36\" alt=\"PAYPAL\"\/><\/p>\n","protected":false},"excerpt":{"rendered":"Article premium, R\u00e9serv\u00e9 aux\u00a0abonn\u00e9s Une claque monumentale. L\u2019espoir vannetais \u00c9tienne Oliviero s\u2019est offert la couronne de champion d\u2019Europe&hellip;\n","protected":false},"author":2,"featured_media":151722,"comment_status":"","ping_status":"","sticky":false,"template":"","format":"standard","meta":{"footnotes":"","_share_on_mastodon":"0"},"categories":[2],"tags":[3488,1468,18,19782,10472,46,4937],"class_list":["post-151721","post","type-post","status-publish","format-standard","has-post-thumbnail","category-europe","tag-bretagne","tag-cyclisme","tag-europe","tag-locmine","tag-morbihan","tag-sport","tag-vannes"],"share_on_mastodon":{"url":"https:\/\/pubeurope.com\/@afrique\/116886161795274610","error":""},"_links":{"self":[{"href":"https:\/\/www.europesays.com\/afrique\/wp-json\/wp\/v2\/posts\/151721","targetHints":{"allow":["GET"]}}],"collection":[{"href":"https:\/\/www.europesays.com\/afrique\/wp-json\/wp\/v2\/posts"}],"about":[{"href":"https:\/\/www.europesays.com\/afrique\/wp-json\/wp\/v2\/types\/post"}],"author":[{"embeddable":true,"href":"https:\/\/www.europesays.com\/afrique\/wp-json\/wp\/v2\/users\/2"}],"replies":[{"embeddable":true,"href":"https:\/\/www.europesays.com\/afrique\/wp-json\/wp\/v2\/comments?post=151721"}],"version-history":[{"count":0,"href":"https:\/\/www.europesays.com\/afrique\/wp-json\/wp\/v2\/posts\/151721\/revisions"}],"wp:featuredmedia":[{"embeddable":true,"href":"https:\/\/www.europesays.com\/afrique\/wp-json\/wp\/v2\/media\/151722"}],"wp:attachment":[{"href":"https:\/\/www.europesays.com\/afrique\/wp-json\/wp\/v2\/media?parent=151721"}],"wp:term":[{"taxonomy":"category","embeddable":true,"href":"https:\/\/www.europesays.com\/afrique\/wp-json\/wp\/v2\/categories?post=151721"},{"taxonomy":"post_tag","embeddable":true,"href":"https:\/\/www.europesays.com\/afrique\/wp-json\/wp\/v2\/tags?post=151721"}],"curies":[{"name":"wp","href":"https:\/\/api.w.org\/{rel}","templated":true}]}}