{"id":154132,"date":"2026-07-11T17:22:22","date_gmt":"2026-07-11T17:22:22","guid":{"rendered":"https:\/\/www.europesays.com\/afrique\/154132\/"},"modified":"2026-07-11T17:22:22","modified_gmt":"2026-07-11T17:22:22","slug":"maroc-les-notes-des-bleus-mbappe-a-encore-tout-change-rabiot-omnipresent-dans-le-quart-de-coupe-du-monde","status":"publish","type":"post","link":"https:\/\/www.europesays.com\/afrique\/154132\/","title":{"rendered":"Maroc. Les notes des Bleus : Mbapp\u00e9 a encore tout chang\u00e9, Rabiot omnipr\u00e9sent dans le quart de Coupe du monde"},"content":{"rendered":"<p>\n                Article premium,<br \/>\n                    R\u00e9serv\u00e9 aux\u00a0abonn\u00e9s\n            <\/p>\n<p class=\"su-standfirst chapeau\">L\u2019\u00e9quipe de France a compost\u00e9 son billet pour le dernier carr\u00e9 de la Coupe du monde pour la troisi\u00e8me fois cons\u00e9cutive, ce jeudi 9\u00a0juillet en \u00e9liminant le Maroc\u00a0(2-0) en quart de finale. D\u00e9couvrez les notes des Bleus lors de ce choc face aux Lions de l\u2019Atlas qu\u2019ils avaient d\u00e9j\u00e0 sortis \u00e0 ce stade de la comp\u00e9tition en 2022, au Qatar.<\/p>\n<p>                                        <img decoding=\"async\" class=\"su-media\" src=\"https:\/\/www.europesays.com\/afrique\/wp-content\/uploads\/2026\/07\/MjAyNjA3NjU2NDBhYmUzZDNhOWRjNmM1NTgxM2JlZmYyZmYxOGY.webp\" alt=\"Kylian Mbapp\u00e9 a fait souffrir son ami Acharaf Hakimi et le capitaine des Bleus a encore d\u00e9bloqu\u00e9 la situation contribuant encore la qualification de l\u2019\u00e9quipe de France en demi-finale de la Coupe du monde en \u00e9liminant le Maroc.\"  \/><\/p>\n<p>                            Kylian Mbapp\u00e9 a fait souffrir son ami Acharaf Hakimi et le capitaine des Bleus a encore d\u00e9bloqu\u00e9 la situation contribuant encore la qualification de l\u2019\u00e9quipe de France en demi-finale de la Coupe du monde en \u00e9liminant le Maroc. | ODD ANDERSEN \/ AFP<\/p>\n<p>                            fermer<\/p>\n<p><img decoding=\"async\" data-ofmaxheight=\"\" class=\"su-media lazyload\" alt=\"Kylian Mbapp\u00e9 a fait souffrir son ami Acharaf Hakimi et le capitaine des Bleus a encore d\u00e9bloqu\u00e9 la situation contribuant encore la qualification de l\u2019\u00e9quipe de France en demi-finale de la Coupe du monde en \u00e9liminant le Maroc.\" src=\"data:image\/png;base64,iVBORw0KGgoAAAANSUhEUgAAABAAAAAJCAYAAAA7KqwyAAAAGXRFWHRTb2Z0d2FyZQBBZG9iZSBJbWFnZVJlYWR5ccllPAAAABhJREFUeNpi\/P\/\/PwMlgHHUgFEDgAAgwAD+lBrvy+NcxAAAAABJRU5ErkJggg==\" data-oflazyload=\"{&quot;srcset&quot;:&quot;https:\/\/media.ouest-france.fr\/v1\/pictures\/MjAyNjA3NjU2NDBhYmUzZDNhOWRjNmM1NTgxM2JlZmYyZmYxOGY?width=320&amp;focuspoint=48%2C44&amp;cropresize=1&amp;client_id=bpeditorial&amp;sign=d40eb7547dbf242cc421e315aa4453342a9fd31460ef6ab15ce89354ef6e6faa 320w,https:\/\/media.ouest-france.fr\/v1\/pictures\/MjAyNjA3NjU2NDBhYmUzZDNhOWRjNmM1NTgxM2JlZmYyZmYxOGY?width=375&amp;focuspoint=48%2C44&amp;cropresize=1&amp;client_id=bpeditorial&amp;sign=7ac0b0d68b8f582b2a0bfd13ef77f8ff9f3d4604ae9eef67563b46bc1947adbd 360w,https:\/\/media.ouest-france.fr\/v1\/pictures\/MjAyNjA3NjU2NDBhYmUzZDNhOWRjNmM1NTgxM2JlZmYyZmYxOGY?width=480&amp;focuspoint=48%2C44&amp;cropresize=1&amp;client_id=bpeditorial&amp;sign=dcb1545d164f9838210558c7992418a9dabc2da4e8d9843570f707eb63052454 480w,https:\/\/media.ouest-france.fr\/v1\/pictures\/MjAyNjA3NjU2NDBhYmUzZDNhOWRjNmM1NTgxM2JlZmYyZmYxOGY?width=630&amp;focuspoint=48%2C44&amp;cropresize=1&amp;client_id=bpeditorial&amp;sign=becc6003fb5af31e860911b13fe0ff6714fe34164f7f512dc06f075f32b81a15 630w,https:\/\/media.ouest-france.fr\/v1\/pictures\/MjAyNjA3NjU2NDBhYmUzZDNhOWRjNmM1NTgxM2JlZmYyZmYxOGY?width=940&amp;focuspoint=48%2C44&amp;cropresize=1&amp;client_id=bpeditorial&amp;sign=f0a967d52b1b4dbd4f2f119e27dd608b7ab7d1d276ac89e694c348d8fe20c6c5 940w,https:\/\/media.ouest-france.fr\/v1\/pictures\/MjAyNjA3NjU2NDBhYmUzZDNhOWRjNmM1NTgxM2JlZmYyZmYxOGY?width=1260&amp;focuspoint=48%2C44&amp;cropresize=1&amp;client_id=bpeditorial&amp;sign=60c2ae9aea2dd31e3d658ebeed71a83025b6afbb5dec30bc71bed6cc4d8c6533 1260w&quot;}\"\/>Kylian Mbapp\u00e9 a fait souffrir son ami Acharaf Hakimi et le capitaine des Bleus a encore d\u00e9bloqu\u00e9 la situation contribuant encore la qualification de l\u2019\u00e9quipe de France en demi-finale de la Coupe du monde en \u00e9liminant le Maroc. | ODD ANDERSEN \/ AFP                            <\/p>\n<p>Apr\u00e8s 2018 \u2060et 2022, l\u2019\u00e9quipe de France de football jouera \u2060mardi une troisi\u00e8me demi-finale \u200cde Coupe du monde cons\u00e9cutive \u200cgr\u00e2ce \u00e0 sa victoire contre le Maroc\u00a0(2-0) ce jeudi 9\u00a0juillet. Une performance rare qui semble pourtant logique tant les \u200cBleus figurent parmi les favoris \u2060du tournoi. La France est seulement la troisi\u00e8me nation \u00e0 disputer trois demi-finales d\u2019affil\u00e9e au Mondial apr\u00e8s l\u2019Allemagne\u00a0(de 1982 \u00e0 1990 et de 2002 \u00e0 2014) \u200cet le Br\u00e9sil\u00a0(de 1994 \u00e0 2002).\u00a0\u00c7a semble logique et naturel mais il faut y arriver, a estim\u00e9 sur M6\u00a0le s\u00e9lectionneur <a href=\"https:\/\/www.ouest-france.fr\/sport\/coupe-du-monde\/france-maroc-cetait-complique-deschamps-et-mbappe-modestes-apres-la-qualification-en-demie-de-coupe-du-monde-f918ca7a-7bdf-11f1-a705-e1977a1c2ed8\" target=\"_blank\" rel=\"nofollow noopener\">Didier Deschamps<\/a> apr\u00e8s la rencontre.<\/p>\n<p>MAIGNAN\u00a0(6\u00a0sur 10). Son premier arr\u00eat, o\u00f9 il d\u00e9tourne un tir d\u2019Ounahi, a eu lieu \u00e0 la 82e minute, symbole d\u2019un quart de finale de Coupe du monde tranquille pour le portier des Bleus.<\/p>\n<p>KOUND\u00c9\u00a0(6). Le jeu marocain penchant \u00e0&#8230;<\/p>\n<p style=\"text-align: center; background-color: #dbbe4d; padding-top: 5px; padding-bottom: 5px; font-size: 14px;\">D\u00e9j\u00e0 abonn\u00e9 ? <a data-trkartmonet=\"Identification\" data-trk-sipa=\"{\" blockcategory=\"\" paywall=\"\" href=\"http:\/\/www.ouest-france.fr\/login?redirect=https:\/\/www.ouest-france.fr\/sport\/coupe-du-monde\/france-maroc-les-notes-des-bleus-mbappe-a-encore-tout-change-rabiot-omnipresent-dans-le-quart-de-coupe-du-monde-26272956-7bec-11f1-a705-e1977a1c2ed8\" rel=\"nofollow noopener\" title=\"Se connecter \u00e0 Ouest-France\" class=\"su-link-light\" target=\"_blank\">Connectez-vous<\/a><\/p>\n<p style=\"text-align: center; padding-top: 15px; padding-bottom: 8px; vertical-align: bottom;\">bloqu\u00e9 Pour lire la suite, abonnez-vous<\/p>\n<p style=\"text-align: center;\">1er mois \u00e0 1\u20ac<\/p>\n<p style=\"text-align: center; margin-top: -5px;\">Annulable \u00e0 tout moment<\/p>\n<p style=\"text-align: center;\">\u00a0<\/p>\n<p style=\"text-align: center;\"><a data-ida=\"\" data-trkartmonet=\"Tunnel OF+\" data-trk-sipa=\"{&#010;\" blockcategory=\"\" paywall=\"\" :=\"\" m=\"\" of=\"\" class=\"su-button su-subscription\" data-trk-bloc=\"paywall\" href=\"https:\/\/abonnement.ouest-france.fr\/tunnel\/pack-essentiel-article\/122096117101?int_medium=lien&amp;int_campaign=PWFR0225-OF&amp;int_content=page-article-payant_boutonjaune-paywall&amp;marquesource=OF&amp;rt=https:\/\/www.ouest-france.fr\/sport\/coupe-du-monde\/france-maroc-les-notes-des-bleus-mbappe-a-encore-tout-change-rabiot-omnipresent-dans-le-quart-de-coupe-du-monde-26272956-7bec-11f1-a705-e1977a1c2ed8\" rel=\"nofollow noopener\" target=\"_blank\">Je m&rsquo;abonne<\/a><\/p>\n<p style=\"text-align: center; padding-top: 10px; padding-bottom: 10px;\"><img decoding=\"async\" src=\"https:\/\/media.ouest-france.fr\/v1\/fonts\/be7723fcee3f1866f1ce99184077fc6f-carte-bancaire.svg?height=36\" alt=\"CB\"\/>\u00a0\u00a0<img decoding=\"async\" src=\"https:\/\/media.ouest-france.fr\/v1\/fonts\/1819d54c599d8afa64539cfba4ac9dde-rib.svg?height=36\" alt=\"RIB\"\/>\u00a0\u00a0<img decoding=\"async\" src=\"https:\/\/media.ouest-france.fr\/v1\/fonts\/065fc80d7b6a03d14a834c224ce723e1-paypal.svg?height=36\" alt=\"PAYPAL\"\/><\/p>\n","protected":false},"excerpt":{"rendered":"Article premium, R\u00e9serv\u00e9 aux\u00a0abonn\u00e9s L\u2019\u00e9quipe de France a compost\u00e9 son billet pour le dernier carr\u00e9 de la Coupe&hellip;\n","protected":false},"author":2,"featured_media":154133,"comment_status":"","ping_status":"","sticky":false,"template":"","format":"standard","meta":{"footnotes":"","_share_on_mastodon":"0"},"categories":[83],"tags":[1012,2631,17392,7096,308,86,46,225],"class_list":["post-154132","post","type-post","status-publish","format-standard","has-post-thumbnail","category-maroc","tag-actualite-en-continu","tag-coupe-du-monde-de-football","tag-equipe-de-france-football","tag-equipe-du-maroc-de-football","tag-football","tag-maroc","tag-sport","tag-une"],"share_on_mastodon":{"url":"https:\/\/pubeurope.com\/@afrique\/116902503905660258","error":""},"_links":{"self":[{"href":"https:\/\/www.europesays.com\/afrique\/wp-json\/wp\/v2\/posts\/154132","targetHints":{"allow":["GET"]}}],"collection":[{"href":"https:\/\/www.europesays.com\/afrique\/wp-json\/wp\/v2\/posts"}],"about":[{"href":"https:\/\/www.europesays.com\/afrique\/wp-json\/wp\/v2\/types\/post"}],"author":[{"embeddable":true,"href":"https:\/\/www.europesays.com\/afrique\/wp-json\/wp\/v2\/users\/2"}],"replies":[{"embeddable":true,"href":"https:\/\/www.europesays.com\/afrique\/wp-json\/wp\/v2\/comments?post=154132"}],"version-history":[{"count":0,"href":"https:\/\/www.europesays.com\/afrique\/wp-json\/wp\/v2\/posts\/154132\/revisions"}],"wp:featuredmedia":[{"embeddable":true,"href":"https:\/\/www.europesays.com\/afrique\/wp-json\/wp\/v2\/media\/154133"}],"wp:attachment":[{"href":"https:\/\/www.europesays.com\/afrique\/wp-json\/wp\/v2\/media?parent=154132"}],"wp:term":[{"taxonomy":"category","embeddable":true,"href":"https:\/\/www.europesays.com\/afrique\/wp-json\/wp\/v2\/categories?post=154132"},{"taxonomy":"post_tag","embeddable":true,"href":"https:\/\/www.europesays.com\/afrique\/wp-json\/wp\/v2\/tags?post=154132"}],"curies":[{"name":"wp","href":"https:\/\/api.w.org\/{rel}","templated":true}]}}