{"id":154188,"date":"2026-07-11T18:53:19","date_gmt":"2026-07-11T18:53:19","guid":{"rendered":"https:\/\/www.europesays.com\/afrique\/154188\/"},"modified":"2026-07-11T18:53:19","modified_gmt":"2026-07-11T18:53:19","slug":"air-algerie-receptionne-son-premier-boeing-737-max-8-et-un-atr-72-600","status":"publish","type":"post","link":"https:\/\/www.europesays.com\/afrique\/154188\/","title":{"rendered":"Air Alg\u00e9rie r\u00e9ceptionne son premier Boeing 737 Max 8 et un ATR 72-600"},"content":{"rendered":"<p>Les nouveaux appareils Boeing command\u00e9s par <a href=\"https:\/\/www.tsa-algerie.com\/hamza-benhamouda-air-algerie-receptionnera-5-boeing-737-max-8-en-2026\/\" rel=\"nofollow noopener\" target=\"_blank\">Air Alg\u00e9rie<\/a> en 2023 commencent \u00e0 \u00eatre livr\u00e9s.<\/p>\n<p>La compagnie a\u00e9rienne alg\u00e9rienne annonce la r\u00e9ception du premier Boeing 737 MAX 8 et d\u2019un premier ATR 72-600 ainsi que l\u2019inauguration d\u2019un nouveau centre de catering.<\/p>\n<p class=\"a-lire-box\" style=\"&#13;&#10;                    margin:20px 0;&#13;&#10;                    padding:12px 0;&#13;&#10;                    border-top:1px solid #ddd;&#13;&#10;                    border-bottom:1px solid #ddd;&#13;&#10;                    line-height:1.8;&#13;&#10;                 \">&#13;<br \/>\n                    A lire aussi :&#13;<br \/>\n                    <a href=\"https:\/\/www.tsa-algerie.com\/air-algerie-casse-les-prix-avec-une-nouvelle-promotion\/\" class=\"a-lire-link\" style=\"color:#000;text-decoration:none;font-weight:600;\" rel=\"nofollow noopener\" target=\"_blank\">&#13;<br \/>\n                        Air Alg\u00e9rie casse les prix avec une nouvelle promotion&#13;<br \/>\n                    <\/a>&#13;\n                <\/p>\n<p>\u00a0<\/p>\n<p class=\"a-lire-box\" style=\"&#13;&#10;                    margin:20px 0;&#13;&#10;                    padding:12px 0;&#13;&#10;                    border-top:1px solid #ddd;&#13;&#10;                    border-bottom:1px solid #ddd;&#13;&#10;                    line-height:1.8;&#13;&#10;                 \">&#13;<br \/>\n                    A lire aussi :&#13;<br \/>\n                    <a href=\"https:\/\/www.tsa-algerie.com\/economie-algerienne-3-bonnes-nouvelles-en-ce-debut-dannee-2025\/\" class=\"a-lire-link\" style=\"color:#000;text-decoration:none;font-weight:600;\" rel=\"nofollow noopener\" target=\"_blank\">&#13;<br \/>\n                        \u00c9conomie alg\u00e9rienne : 3 bonnes nouvelles en ce d\u00e9but d\u2019ann\u00e9e 2025&#13;<br \/>\n                    <\/a>&#13;\n                <\/p>\n<p dir=\"ltr\">Le 30 juin, la compagnie avait annonc\u00e9 la tenue d\u2019une c\u00e9r\u00e9monie le 8 juillet pour la r\u00e9ception des nouveaux appareils.<\/p>\n<p>Air Alg\u00e9rie renforce sa flotte par un Boeing 737 MAX 8 et un ATR 72-600<\/p>\n<p dir=\"ltr\">Ce samedi 11 juillet, Air Alg\u00e9rie a annonc\u00e9 que les nouveaux avions ont \u00e9t\u00e9 officiellement livr\u00e9s.<\/p>\n<p class=\"a-lire-box\" style=\"&#13;&#10;                    margin:20px 0;&#13;&#10;                    padding:12px 0;&#13;&#10;                    border-top:1px solid #ddd;&#13;&#10;                    border-bottom:1px solid #ddd;&#13;&#10;                    line-height:1.8;&#13;&#10;                 \">&#13;<br \/>\n                    A lire aussi :&#13;<br \/>\n                    <a href=\"https:\/\/www.tsa-algerie.com\/la-france-sinteresse-a-la-pomme-de-terre-algerienne\/\" class=\"a-lire-link\" style=\"color:#000;text-decoration:none;font-weight:600;\" rel=\"nofollow noopener\" target=\"_blank\">&#13;<br \/>\n                        La France s\u2019int\u00e9resse \u00e0 la pomme de terre alg\u00e9rienne\u00a0&#13;<br \/>\n                    <\/a>&#13;\n                <\/p>\n<p dir=\"ltr\"> Ces acquisitions entrent dans le cadre de la strat\u00e9gie de modernisation de la flotte et de d\u00e9veloppement des infrastructures d\u2019<a href=\"https:\/\/www.tsa-algerie.com\/air-algerie-nouvelle-campagne-de-recrutement-dhotesses-et-de-stewards\/\" rel=\"nofollow noopener\" target=\"_blank\">Air Alg\u00e9rie<\/a>, \u201cen coh\u00e9rence avec la vision nationale visant \u00e0 moderniser le secteur du transport a\u00e9rien et \u00e0 renforcer sa performance\u201d, indique la compagnie dans un communiqu\u00e9.<\/p>\n<p dir=\"ltr\">Air Alg\u00e9rie a r\u00e9ceptionn\u00e9 au cours de la c\u00e9r\u00e9monie son premier Boeing 737 MAX 8, baptis\u00e9 \u201cFreedom\u201d. <\/p>\n<p dir=\"ltr\">Il s\u2019agit du premier appareil d\u2019un programme d\u2019acquisition de dix avions de ce type, \u201cdestin\u00e9s \u00e0 renforcer les capacit\u00e9s op\u00e9rationnelles\u201d de la flotte de la compagnie nationale, ainsi qu\u2019\u00e0 \u201caccompagner sa croissance et \u00e0 r\u00e9pondre aux plus hauts standards du transport a\u00e9rien\u201d, lit-on dans le communiqu\u00e9.<\/p>\n<p dir=\"ltr\">\u00c0 la m\u00eame occasion, le premier ATR 72-600, baptis\u00e9 \u201cTassili\u201d, a \u00e9t\u00e9 r\u00e9ceptionn\u00e9. C\u2019est \u00e9galement le premier d\u2019un programme de seize appareils du m\u00eame type destin\u00e9s \u00e0 la filiale Domestic Airlines, dans l\u2019objectif de \u201crenforcer le transport a\u00e9rien domestique, d\u2019am\u00e9liorer la desserte des diff\u00e9rentes r\u00e9gions du pays et de soutenir le d\u00e9veloppement du r\u00e9seau national de transport a\u00e9rien int\u00e9rieur.\u201d<\/p>\n<p>Un nouveau centre de catering de 14 000 m\u00b2 et 40 000 repas\/jour\u00a0<\/p>\n<p dir=\"ltr\">L\u2019\u00e9v\u00e9nement a aussi vu l\u2019inauguration officielle du nouveau centre de production \u201cAir Taste Factory\u201d de la filiale Air Alg\u00e9rie Catering. <\/p>\n<p dir=\"ltr\">D\u2019une superficie de 14 250 m\u00b2 et dot\u00e9 d\u2019une capacit\u00e9 de 40 000 repas par jour, cet \u201cinvestissement strat\u00e9gique\u201d vise \u00e0 \u201caccro\u00eetre les capacit\u00e9s de production, \u00e0 moderniser les services de catering selon les plus hauts standards internationaux et \u00e0 accompagner le d\u00e9veloppement des activit\u00e9s du groupe\u201d, a expliqu\u00e9 Air Alg\u00e9rie.\u00a0<\/p>\n<p>\u201cRenforcer la position de l\u2019Alg\u00e9rie en tant que hub r\u00e9gional\u201d<\/p>\n<p dir=\"ltr\">\u201cCes r\u00e9alisations marquent une nouvelle \u00e9tape dans la modernisation du groupe Air Alg\u00e9rie et refl\u00e8tent sa vision d\u2019un transport a\u00e9rien moderne, performant et int\u00e9gr\u00e9, fond\u00e9 sur le renouvellement de la flotte et le d\u00e9veloppement des infrastructures, contribuant ainsi \u00e0 renforcer la position de l\u2019Alg\u00e9rie en tant que hub r\u00e9gional du transport a\u00e9rien et \u00e0 soutenir le d\u00e9veloppement \u00e9conomique national\u201d, s\u2019est f\u00e9licit\u00e9e la compagnie a\u00e9rienne alg\u00e9rienne.<\/p>\n<p dir=\"ltr\">Les 10 appareils Boeing 737 MAX 8 ont \u00e9t\u00e9 command\u00e9s en 2023 aupr\u00e8s du constructeur am\u00e9ricain, pour livraison en 2027. <\/p>\n<p dir=\"ltr\">La compagnie avait aussi annonc\u00e9 la commande d\u2019appareils A330-900 aupr\u00e8s du constructeur europ\u00e9en Airbus.<\/p>\n<p dir=\"ltr\">En juillet 2025, c\u2019est une commande de 16 nouveaux appareils turbopropulseurs qui a \u00e9t\u00e9 pass\u00e9e aupr\u00e8s du constructeur franco-italien ATR.<\/p>\n<p dir=\"ltr\">Les premiers Airbus ont commenc\u00e9 \u00e0 \u00eatre livr\u00e9s fin 2025. En mars dernier, la compagnie a annonc\u00e9 que les Boeing seront r\u00e9ceptionn\u00e9s avant les d\u00e9lais contractuels, cinq \u00e0 partir de juillet 2026 et le reste en 2027.\u00a0<\/p>\n","protected":false},"excerpt":{"rendered":"Les nouveaux appareils Boeing command\u00e9s par Air Alg\u00e9rie en 2023 commencent \u00e0 \u00eatre livr\u00e9s. La compagnie a\u00e9rienne alg\u00e9rienne&hellip;\n","protected":false},"author":2,"featured_media":154189,"comment_status":"","ping_status":"","sticky":false,"template":"","format":"standard","meta":{"footnotes":"","_share_on_mastodon":"0"},"categories":[85],"tags":[362,116,49082],"class_list":["post-154188","post","type-post","status-publish","format-standard","has-post-thumbnail","category-algerie","tag-air-algerie","tag-algerie","tag-boeing-737-max-8"],"share_on_mastodon":{"url":"https:\/\/pubeurope.com\/@afrique\/116902861345966332","error":""},"_links":{"self":[{"href":"https:\/\/www.europesays.com\/afrique\/wp-json\/wp\/v2\/posts\/154188","targetHints":{"allow":["GET"]}}],"collection":[{"href":"https:\/\/www.europesays.com\/afrique\/wp-json\/wp\/v2\/posts"}],"about":[{"href":"https:\/\/www.europesays.com\/afrique\/wp-json\/wp\/v2\/types\/post"}],"author":[{"embeddable":true,"href":"https:\/\/www.europesays.com\/afrique\/wp-json\/wp\/v2\/users\/2"}],"replies":[{"embeddable":true,"href":"https:\/\/www.europesays.com\/afrique\/wp-json\/wp\/v2\/comments?post=154188"}],"version-history":[{"count":0,"href":"https:\/\/www.europesays.com\/afrique\/wp-json\/wp\/v2\/posts\/154188\/revisions"}],"wp:featuredmedia":[{"embeddable":true,"href":"https:\/\/www.europesays.com\/afrique\/wp-json\/wp\/v2\/media\/154189"}],"wp:attachment":[{"href":"https:\/\/www.europesays.com\/afrique\/wp-json\/wp\/v2\/media?parent=154188"}],"wp:term":[{"taxonomy":"category","embeddable":true,"href":"https:\/\/www.europesays.com\/afrique\/wp-json\/wp\/v2\/categories?post=154188"},{"taxonomy":"post_tag","embeddable":true,"href":"https:\/\/www.europesays.com\/afrique\/wp-json\/wp\/v2\/tags?post=154188"}],"curies":[{"name":"wp","href":"https:\/\/api.w.org\/{rel}","templated":true}]}}