{"id":154337,"date":"2026-07-11T23:05:27","date_gmt":"2026-07-11T23:05:27","guid":{"rendered":"https:\/\/www.europesays.com\/afrique\/154337\/"},"modified":"2026-07-11T23:05:27","modified_gmt":"2026-07-11T23:05:27","slug":"algerie-ce-que-revele-vraiment-lelimination-des-fennecs","status":"publish","type":"post","link":"https:\/\/www.europesays.com\/afrique\/154337\/","title":{"rendered":"Alg\u00e9rie : ce que r\u00e9v\u00e8le vraiment l&rsquo;\u00e9limination des Fennecs"},"content":{"rendered":"<p>Une sortie qui prolonge une mal\u00e9diction<\/p>\n<p>Pour sa cinqui\u00e8me participation \u00e0 une Coupe du monde, et la premi\u00e8re depuis 2014, l&rsquo;Alg\u00e9rie esp\u00e9rait enfin franchir un tour \u00e0 \u00e9limination directe. Le groupe J (Argentine, Autriche, Jordanie)\u00a0 avait r\u00e9serv\u00e9 son lot de frayeurs et d&rsquo;espoirs : lourde d\u00e9faite inaugurale face \u00e0 l&rsquo;Albiceleste, victoire face \u00e0 la Jordanie, puis un sursaut spectaculaire, un 3-3 arrach\u00e9 \u00e0 l&rsquo;Autriche gr\u00e2ce \u00e0 un doubl\u00e9 de Riyad Mahrez, suffisant pour se qualifier parmi les meilleurs troisi\u00e8mes des douze groupes. Mais face \u00e0 une Suisse solide, les Verts n&rsquo;ont jamais exist\u00e9 : ouverture du score de Breel Embolo, puis un second but de Dan Ndoye cons\u00e9cutif \u00e0 une relance rat\u00e9e en d\u00e9fense.<\/p>\n<p style=\"margin: 0.0px 0.0px 0.0px 0.0px; font: 13.0px 'Helvetica Neue'; min-height: 15.0px;\"><img loading=\"lazy\" decoding=\"async\" src=\"https:\/\/www.europesays.com\/afrique\/wp-content\/uploads\/2026\/07\/8fbd0eb3-6cf2-4289-95ba-481579e4b0fa.webp\" alt=\"Riyad Mahrez\" width=\"1835\" height=\"1041\"\/><\/p>\n<p style=\"margin-bottom: 0cm;\">Score final 2-0, et un constat qui commence \u00e0 peser : en cinq participations mondiales, l&rsquo;Alg\u00e9rie n&rsquo;a toujours pas remport\u00e9 le moindre match \u00e0 \u00e9limination directe. Mahrez, capitaine et symbole de cette g\u00e9n\u00e9ration, a annonc\u00e9 sa retraite internationale sur la pelouse du BC Place, dans la foul\u00e9e du coup de sifflet final : douze ans sous le maillot, plus de 110 s\u00e9lections, 40 buts, une Coupe d&rsquo;Afrique des nations remport\u00e9e en 2019. Une page se tourne, dans la douleur plut\u00f4t que dans la fiert\u00e9.<\/p>\n<p>Le feuilleton Zidane, sympt\u00f4me d&rsquo;un mal plus large<\/p>\n<p style=\"margin: 0.0px 0.0px 0.0px 0.0px; font: 13.0px 'Helvetica Neue';\"><img loading=\"lazy\" decoding=\"async\" src=\"https:\/\/www.europesays.com\/afrique\/wp-content\/uploads\/2026\/07\/e2e1f669-172d-4dcb-b4ab-9cc73858e4c2.jpg\" alt=\"Lucas Zidane\" width=\"642\" height=\"382\"\/><\/p>\n<p style=\"margin-bottom: 0cm;\">Aucun \u00e9pisode n&rsquo;aura autant cristallis\u00e9 les tensions que celui de Luca Zidane. Le fils de Zinedine, form\u00e9 dans les cat\u00e9gories jeunes fran\u00e7aises avant de choisir de repr\u00e9senter l&rsquo;Alg\u00e9rie \u00e0 l&rsquo;automne 2025, s&rsquo;\u00e9tait impos\u00e9 comme gardien titulaire d\u00e8s la CAN 2025 au Maroc. Mais son Mondial a vir\u00e9 au calvaire : fautif sur l&rsquo;un des buts encaiss\u00e9s face \u00e0 l&rsquo;Argentine, peu convaincant contre la Jordanie, il a \u00e9t\u00e9 \u00e9cart\u00e9 au profit d&rsquo;Oussama Benbot pour le match d\u00e9cisif contre l&rsquo;Autriche, un choix qui a provoqu\u00e9 une vive pol\u00e9mique, d&rsquo;autant que son rempla\u00e7ant n&rsquo;a pas davantage rassur\u00e9.<\/p>\n<p style=\"margin-bottom: 0cm;\">Petkovi\u0107 l&rsquo;a finalement r\u00e9align\u00e9 en catastrophe pour les seizi\u00e8mes de finale face \u00e0 la Suisse, un revirement de plus dans une gestion du poste jug\u00e9e erratique. \u00ab Il y a un souci de formation \u00e0 ce poste \u00bb, confiait un proche de la s\u00e9lection au Parisien, rappelant qu&rsquo;aucun gardien alg\u00e9rien de rang mondial n&rsquo;a \u00e9merg\u00e9 depuis Ra\u00efs M&rsquo;Bolhi. Une phrase qui, bien au-del\u00e0 des cages, r\u00e9sume le diagnostic port\u00e9 sur tout un syst\u00e8me : capable d&rsquo;exporter des talents individuels vers l&rsquo;Europe enti\u00e8re, mais incapable de structurer sa propre fili\u00e8re de formation.<\/p>\n<p>Une \u00e9quipe sans boussole tactique<\/p>\n<p>Sur le banc, Vladimir Petkovi\u0107 n&rsquo;a pas \u00e9t\u00e9 \u00e9pargn\u00e9. Face \u00e0 des Suisses sup\u00e9rieurs, il a fait le choix contest\u00e9 du jeu ouvert, avec une attaque sans avant-centre de m\u00e9tier, Ibrahim Maza \u00e9voluant en faux num\u00e9ro 9. Un pari perdu d&rsquo;avance selon une bonne partie de la presse alg\u00e9rienne, qui a d\u00e9nonc\u00e9 une prestation \u00ab sans ligne directrice \u00bb. Le journaliste d&rsquo;investigation Romain Molina, tr\u00e8s actif sur le dossier alg\u00e9rien depuis l&rsquo;\u00e9limination, a rapport\u00e9 qu&rsquo;une majorit\u00e9 de joueurs ne comprenait plus vraiment les choix et les orientations tactiques du s\u00e9lectionneur suisse une d\u00e9fense \u00e0 trois install\u00e9e puis abandonn\u00e9e en cours de tournoi, un entrejeu sans consignes claires.<\/p>\n<p>Des affirmations que la FAF a fermement d\u00e9menties, jugeant \u00ab archi faux \u00bb l&rsquo;essentiel des informations distill\u00e9es, tandis que plusieurs m\u00e9dias alg\u00e9riens, \u00e0 l&rsquo;image de La Gazette du Fennec, ont publiquement mis en doute la fiabilit\u00e9 de ses sources. Il n&#8217;emp\u00eache : entre le ballottage permanent dans les cages et l&rsquo;absence de plan de jeu lisible sur le terrain, l&rsquo;incoh\u00e9rence sportive, elle, n&rsquo;a \u00e9t\u00e9 contest\u00e9e par personne.<\/p>\n<p>Le vide de la formation<\/p>\n<p style=\"margin-bottom: 0cm;\">Le cas le plus r\u00e9v\u00e9lateur de ces derniers jours ne concerne pourtant pas l&rsquo;\u00e9quipe A, mais les U20. Razik Nedder, ancien formateur historique de l&rsquo;AS Saint-\u00c9tienne pendant quinze ans, avait \u00e9t\u00e9 recrut\u00e9 en avril 2025 pour prendre en main la s\u00e9lection alg\u00e9rienne des moins de 20 ans. Dix-huit mois plus tard, il vient d&rsquo;annoncer son d\u00e9part pour rejoindre le staff du Havre AC, en Ligue 1 fran\u00e7aise sans avoir dirig\u00e9 le moindre match officiel entretemps, faute d&rsquo;une organisation suffisante de la part de la f\u00e9d\u00e9ration. Son d\u00e9part intervient \u00e0 deux mois des qualifications UNAF pour la CAN U20 2027, laissant la FAF sans s\u00e9lectionneur jeune \u00e0 un moment charni\u00e8re.<\/p>\n<p style=\"margin-bottom: 0cm;\">Ce paradoxe, une g\u00e9n\u00e9ration de techniciens alg\u00e9riens ou binationaux reconnus ailleurs, mais sous-employ\u00e9s ou mal accompagn\u00e9s chez eux se retrouve \u00e0 tous les \u00e9tages. Slimane Raho, ancien international form\u00e9 \u00e0 la JS Kabylie, vient de remporter le championnat de RD Congo avec le TP Mazembe en moins de six mois, apr\u00e8s avoir longtemps \u00e9t\u00e9 snob\u00e9 par les clubs alg\u00e9riens qui lui pr\u00e9f\u00e9raient des noms \u00e9trangers. Le constat vaut aussi pour la gestion : malgr\u00e9 des budgets colossaux, adoss\u00e9s aux entreprises publiques, les clubs de Ligue 1 alg\u00e9rienne peinent \u00e0 se doter de cellules de recrutement modernes, de scouting structur\u00e9 ou de direction sportive au sens o\u00f9 l&rsquo;entend le football europ\u00e9en\u00a0 un vide que plusieurs observateurs, dont des cadres de la diaspora ayant fait leurs preuves en France, appellent d\u00e9sormais \u00e0 combler en urgence.<\/p>\n<p>La facture Petkovi\u0107 et l&rsquo;ombre du \u00ab grand d\u00e9ballage \u00bb<\/p>\n<p style=\"margin: 0.0px 0.0px 0.0px 0.0px; font: 13.0px 'Helvetica Neue'; min-height: 15.0px;\"><img loading=\"lazy\" decoding=\"async\" src=\"https:\/\/www.europesays.com\/afrique\/wp-content\/uploads\/2026\/07\/841818ad-13cb-4fd1-a502-7255b8e26bb4.webp\" alt=\"Vladimir Petkovic\" width=\"642\" height=\"382\"\/><\/p>\n<p>Arriv\u00e9 en f\u00e9vrier 2024, aur\u00e9ol\u00e9 d&rsquo;un passage par les Girondins de Bordeaux et la Lazio Rome, Vladimir Petkovi\u0107 avait men\u00e9 l&rsquo;Alg\u00e9rie jusqu&rsquo;en quarts de finale de la CAN 2025 puis au deuxi\u00e8me tour du Mondial sans jamais convaincre pleinement sur le fond. Le 7 juin dernier, dix jours avant le coup d&rsquo;envoi du tournoi, son contrat a \u00e9t\u00e9 prolong\u00e9 jusqu&rsquo;en 2028 et son salaire revaloris\u00e9 de 135 000 \u00e0 160 000 euros mensuels, sur d\u00e9cision de Walid Sadi, sans consultation du bureau f\u00e9d\u00e9ral, selon Romain Molina.<\/p>\n<p>Une fois l&rsquo;\u00e9chec consomm\u00e9, la rupture est apparue in\u00e9vitable : un accord de principe aurait \u00e9t\u00e9 trouv\u00e9, mais les modalit\u00e9s financi\u00e8res bloquent tout. La FAF invoque une clause lui permettant de se s\u00e9parer du technicien pour deux mois de salaire, soit environ 320 000 euros ; Petkovi\u0107, par la voix de son avocat, r\u00e9clamerait l&rsquo;int\u00e9gralit\u00e9 de son contrat jusqu&rsquo;en 2028, une somme qui avoisinerait les 5 millions d&rsquo;euros selon plusieurs sources, et menacerait de saisir la FIFA en cas de d\u00e9saccord.<\/p>\n<p>Sur son compte X, Molina a \u00e9voqu\u00e9, au-del\u00e0 du seul cas Petkovi\u0107, \u00ab une f\u00e9d\u00e9ration qui se d\u00e9compose \u00bb, citant p\u00eale-m\u00eale des primes de qualification mal r\u00e9parties, des factures impay\u00e9es \u00e0 des prestataires de l&rsquo;h\u00f4tellerie au fournisseur de viande de la d\u00e9l\u00e9gation et des luttes de clans internes. Des accusations que la f\u00e9d\u00e9ration a cat\u00e9goriquement rejet\u00e9es, mais qui ont trouv\u00e9 un \u00e9cho jusque dans l&rsquo;h\u00e9micycle et sur les plateaux de t\u00e9l\u00e9vision alg\u00e9riens, o\u00f9 d&rsquo;anciens cadres du football national r\u00e9clament d\u00e9sormais des comptes.<\/p>\n<p>Walid Sadi, la double casquette qui vacille<\/p>\n<p style=\"margin-bottom: 0cm;\">Au c\u0153ur de la temp\u00eate se trouve un seul homme : Walid Sadi, pr\u00e9sident de la FAF depuis septembre 2023 et, depuis novembre 2024, ministre des Sports un cumul des fonctions d\u00e9j\u00e0 contest\u00e9 avant m\u00eame ce fiasco. Sa d\u00e9cision, prise seul selon plusieurs sources concordantes, de reconduire et revaloriser Petkovi\u0107 \u00e0 la veille du Mondial est aujourd&rsquo;hui pr\u00e9sent\u00e9e comme l&rsquo;erreur de trop. D&rsquo;anciens dirigeants du football national l&rsquo;ont attaqu\u00e9 publiquement, le sommant de rendre des comptes ; des rumeurs, non confirm\u00e9es \u00e0 ce jour, \u00e9voquent une d\u00e9mission prochaine, y compris de son poste minist\u00e9riel, avec Nadir Bouzenad, l&rsquo;actuel secr\u00e9taire g\u00e9n\u00e9ral de la FAF, pressenti pour lui succ\u00e9der \u00e0 la t\u00eate de l&rsquo;instance.<\/p>\n<p style=\"margin-bottom: 0cm;\">Selon nos informations, Walid Sadi devrait \u00eatre convoqu\u00e9 au plus haut niveau de l&rsquo;\u00c9tat pour s&rsquo;expliquer sur sa gestion du dossier une d\u00e9marche qui, si elle se confirme, traduirait une intervention directe du pouvoir dans une crise devenue trop sensible pour \u00eatre laiss\u00e9e aux seules instances sportives, et pourrait d\u00e9boucher sur un remaniement en profondeur de la f\u00e9d\u00e9ration. Ce n&rsquo;est pas la premi\u00e8re fois que la FAF s&rsquo;expose \u00e0 ce type de turbulence : un d\u00e9ficit de plus de 8 milliards de dinars, h\u00e9rit\u00e9 des mandats pr\u00e9c\u00e9dents, avait d\u00e9j\u00e0 \u00e9t\u00e9 r\u00e9v\u00e9l\u00e9 par Sadi lui-m\u00eame en 2024, plongeant trois anciens pr\u00e9sidents de la f\u00e9d\u00e9ration dans une proc\u00e9dure judiciaire pour corruption toujours en cours.<\/p>\n<p>Antar Yahia, la succession expresse<\/p>\n<p style=\"margin: 0.0px 0.0px 0.0px 0.0px; font: 13.0px 'Helvetica Neue';\"><img loading=\"lazy\" decoding=\"async\" src=\"https:\/\/www.europesays.com\/afrique\/wp-content\/uploads\/2026\/07\/29b1faf9-72e6-4fd8-9e2b-3e9469f8e430.webp\" alt=\"Antar Yahia\" width=\"657\" height=\"438\"\/><\/p>\n<p>Moins de 48 heures apr\u00e8s le coup de sifflet final \u00e0 Vancouver, le nom d&rsquo;Antar Yahia, h\u00e9ros du but qualificatif contre l&rsquo;\u00c9gypte \u00e0 Omdurman en 2009 et actuel entra\u00eeneur de la r\u00e9serve d&rsquo;Angers SCO, \u00e9tait d\u00e9j\u00e0 pr\u00e9sent\u00e9 par plusieurs m\u00e9dias comme le successeur d\u00e9sign\u00e9 de Petkovi\u0107, les pistes \u00e9trang\u00e8res Herv\u00e9 Renard, \u00c9ric Chelle ayant \u00e9t\u00e9 \u00e9cart\u00e9es au profit d&rsquo;un projet \u00ab 100 % alg\u00e9rien \u00bb.<\/p>\n<p>Une pr\u00e9cipitation qui interroge : la nomination n&rsquo;est, \u00e0 ce jour, toujours pas officialis\u00e9e par la FAF, et ressemble davantage, pour ses d\u00e9tracteurs, \u00e0 une op\u00e9ration de communication destin\u00e9e \u00e0 apaiser une opinion publique en col\u00e8re qu&rsquo;\u00e0 un projet m\u00fbrement construit. Autour de lui, des noms comme Madjid Bougherra ou Karim Matmour circulent pour former l&rsquo;ossature d&rsquo;un futur staff technique autant d&rsquo;anciens cadres de la g\u00e9n\u00e9ration dor\u00e9e que la FAF semble vouloir mobiliser dans l&rsquo;urgence, sans qu&rsquo;un organigramme clair n&rsquo;ait encore \u00e9t\u00e9 pr\u00e9sent\u00e9.<\/p>\n<p>Ce que l&rsquo;Afrique attend de l&rsquo;Alg\u00e9rie<\/p>\n<p>Pendant que la FAF se cherche, le continent, lui, avance : le Maroc est all\u00e9 chercher les quarts de finale de ce Mondial avant de s&rsquo;incliner face \u00e0 la France. L&rsquo;Afrique a besoin d&rsquo;une Alg\u00e9rie forte pour porter cette dynamique et continuer d&rsquo;imposer le football africain sur la sc\u00e8ne mondiale. \u00c0 d\u00e9faut d&rsquo;un sursaut rapide et d&rsquo;une gouvernance enfin assainie, c&rsquo;est tout le regard condescendant que porte encore une partie de la communaut\u00e9 sportive internationale sur le football africain qui s&rsquo;en trouvera renforc\u00e9. Ce changement-l\u00e0, l&rsquo;Alg\u00e9rie ne peut plus se permettre de le remettre \u00e0 plus tard.<\/p>\n","protected":false},"excerpt":{"rendered":"Une sortie qui prolonge une mal\u00e9diction Pour sa cinqui\u00e8me participation \u00e0 une Coupe du monde, et la premi\u00e8re&hellip;\n","protected":false},"author":2,"featured_media":154338,"comment_status":"","ping_status":"","sticky":false,"template":"","format":"standard","meta":{"footnotes":"","_share_on_mastodon":"0"},"categories":[85],"tags":[47,116,446,1452,5169,308,1805,2667,46,40182],"class_list":["post-154337","post","type-post","status-publish","format-standard","has-post-thumbnail","category-algerie","tag-actualites-sportives","tag-algerie","tag-caf","tag-coupe-du-monde-2026","tag-federation-algerienne-de-football","tag-football","tag-luca-zidane","tag-riyad-mahrez","tag-sport","tag-vladimir-pektovic"],"share_on_mastodon":{"url":"https:\/\/pubeurope.com\/@afrique\/116903852434459464","error":""},"_links":{"self":[{"href":"https:\/\/www.europesays.com\/afrique\/wp-json\/wp\/v2\/posts\/154337","targetHints":{"allow":["GET"]}}],"collection":[{"href":"https:\/\/www.europesays.com\/afrique\/wp-json\/wp\/v2\/posts"}],"about":[{"href":"https:\/\/www.europesays.com\/afrique\/wp-json\/wp\/v2\/types\/post"}],"author":[{"embeddable":true,"href":"https:\/\/www.europesays.com\/afrique\/wp-json\/wp\/v2\/users\/2"}],"replies":[{"embeddable":true,"href":"https:\/\/www.europesays.com\/afrique\/wp-json\/wp\/v2\/comments?post=154337"}],"version-history":[{"count":0,"href":"https:\/\/www.europesays.com\/afrique\/wp-json\/wp\/v2\/posts\/154337\/revisions"}],"wp:featuredmedia":[{"embeddable":true,"href":"https:\/\/www.europesays.com\/afrique\/wp-json\/wp\/v2\/media\/154338"}],"wp:attachment":[{"href":"https:\/\/www.europesays.com\/afrique\/wp-json\/wp\/v2\/media?parent=154337"}],"wp:term":[{"taxonomy":"category","embeddable":true,"href":"https:\/\/www.europesays.com\/afrique\/wp-json\/wp\/v2\/categories?post=154337"},{"taxonomy":"post_tag","embeddable":true,"href":"https:\/\/www.europesays.com\/afrique\/wp-json\/wp\/v2\/tags?post=154337"}],"curies":[{"name":"wp","href":"https:\/\/api.w.org\/{rel}","templated":true}]}}