{"id":154355,"date":"2026-07-11T23:52:30","date_gmt":"2026-07-11T23:52:30","guid":{"rendered":"https:\/\/www.europesays.com\/afrique\/154355\/"},"modified":"2026-07-11T23:52:30","modified_gmt":"2026-07-11T23:52:30","slug":"maroc-ne-pas-se-laisser-abattre-on-a-un-bel-avenir-les-reactions-des-marocains-apres-leur-elimination","status":"publish","type":"post","link":"https:\/\/www.europesays.com\/afrique\/154355\/","title":{"rendered":"Maroc. \u00ab\u00a0Ne pas se laisser abattre, on a un bel avenir\u00a0\u00bb\u00a0: les r\u00e9actions des Marocains apr\u00e8s leur \u00e9limination"},"content":{"rendered":"<p>Sur la pelouse du Gillette Stadium \u00e0 Foxborough, pr\u00e8s de Boston, on pouvait s\u2019attendre \u00e0 une partie ind\u00e9cise face \u00e0 une formation marocaine qui avait auparavant sorti les Pays-Bas\u00a0(1-1 a.p., 3\u00a0tab \u00e0 2) et le Canada\u00a0(3-0), l\u2019un des trois pays h\u00f4tes. Mais les Bleus ne sont pas tomb\u00e9s dans le pi\u00e8ge et ont fait honneur \u00e0 leur rang en se frayant ais\u00e9ment un chemin pour la suite de la comp\u00e9tition <a href=\"https:\/\/www.ouest-france.fr\/sport\/coupe-du-monde\/direct\/direct-france-maroc-suivez-le-quart-de-finale-de-coupe-du-monde-en-live-mbappe-et-les-bleus-en-quete-de-demi-18090ebe-8011-420c-80ad-ef0f1a470e38\" target=\"_blank\" rel=\"nofollow noopener\">en \u00e9liminant le Maroc<\/a>\u00a0(2-0) gr\u00e2ce \u00e0 des buts de Mbapp\u00e9 et Demb\u00e9l\u00e9.<\/p>\n<p>        \u00ab\u00a0On est tomb\u00e9s contre une belle \u00e9quipe\u00a0\u00bb<\/p>\n<p>Quatre ans apr\u00e8s leur succ\u00e8s contre les Lions de l\u2019Atlas dans le dernier carr\u00e9 de la Coupe du monde 2022 au Qatar\u00a0(2-0), les Tricolores ont fait respecter la logique, renouant avec leur efficacit\u00e9 offensive perdue au tour pr\u00e9c\u00e9dant face \u00e0 de trop rugueux Paraguayens\u00a0(1-0) malgr\u00e9 <a href=\"https:\/\/www.ouest-france.fr\/sport\/coupe-du-monde\/video-le-penalty-rate-de-kylian-mbappe-face-au-maroc-en-quart-de-finale-de-coupe-du-monde-3a0f30e8-7bcf-11f1-b6b9-5740d58e7caf\" target=\"_blank\" rel=\"nofollow noopener\">un penalty rat\u00e9 par le capitaine des Bleus.<\/a><\/p>\n<p>Au micro de M6, Mohamed Ouahbi, le s\u00e9lectionneur des Lions de l\u2019Atlas, a d\u00e9clar\u00e9\u00a0: On a tout fait pour essayer de gagner ce match mais on est tomb\u00e9 contre une tr\u00e8s belle \u00e9quipe. Mais le futur sera beau si on continue comme \u00e7a. On va continuer \u00e0 travailler. On est d\u00e9\u00e7us, mais on ne va pas se laisser abattre.<\/p>\n<p>Contre des Marocains plut\u00f4t attentistes et gu\u00e8re dangereux, ce sont les Fran\u00e7ais qui ont monopolis\u00e9 le ballon et la bataille du milieu tant attendue a largement profit\u00e9 aux hommes de Deschamps.<\/p>\n<p>Avant le penalty de Mbapp\u00e9, Bounou a sorti une \u00e9norme parade sur un tir du capitaine en tout d\u00e9but de rencontre\u00a0(4e) puis s\u2019est magistralement interpos\u00e9 devant une t\u00eate de Dayot Upamecano sur le corner qui a suivi\u00a0(5e). Le gardien marocain a longtemps retard\u00e9 l\u2019\u00e9ch\u00e9ance avant lui aussi de c\u00e9der&#8230;<\/p>\n<p>Voir aussi\u00a0: <a href=\"https:\/\/www.ouest-france.fr\/sport\/coupe-du-monde\/en-images-revivez-la-qualification-des-bleus-face-au-maroc-en-demi-finale-de-coupe-du-monde-4ba20738-7bd7-11f1-b6b9-5740d58e7caf\" target=\"_blank\" rel=\"nofollow noopener\">EN IMAGES. Revivez la qualification des Bleus face au Maroc en demi-finale de Coupe du monde<\/a><\/p>\n<p>D\u00e9sir\u00e9 Dou\u00e9 s\u2019est lui aussi heurt\u00e9 au portier d\u2019Al-Hilal\u00a0(35e, 53e), \u00e9galement sauv\u00e9 par sa barre transversale sur une tentative lointaine de Lucas Digne juste avant la pause\u00a0(45e+\u00a02).<\/p>\n<p>La France n\u2019aura elle quasiment jamais trembl\u00e9 ni \u00e9t\u00e9 inqui\u00e9t\u00e9e. Elle peut s\u2019avancer sereine vers les demi-finales avec en jeu une place pour une troisi\u00e8me finale d\u2019affil\u00e9e.<\/p>\n","protected":false},"excerpt":{"rendered":"Sur la pelouse du Gillette Stadium \u00e0 Foxborough, pr\u00e8s de Boston, on pouvait s\u2019attendre \u00e0 une partie ind\u00e9cise&hellip;\n","protected":false},"author":2,"featured_media":154356,"comment_status":"","ping_status":"","sticky":false,"template":"","format":"standard","meta":{"footnotes":"","_share_on_mastodon":"0"},"categories":[83],"tags":[1012,2631,17392,7096,308,86,46],"class_list":["post-154355","post","type-post","status-publish","format-standard","has-post-thumbnail","category-maroc","tag-actualite-en-continu","tag-coupe-du-monde-de-football","tag-equipe-de-france-football","tag-equipe-du-maroc-de-football","tag-football","tag-maroc","tag-sport"],"share_on_mastodon":{"url":"https:\/\/pubeurope.com\/@afrique\/116904037123437559","error":""},"_links":{"self":[{"href":"https:\/\/www.europesays.com\/afrique\/wp-json\/wp\/v2\/posts\/154355","targetHints":{"allow":["GET"]}}],"collection":[{"href":"https:\/\/www.europesays.com\/afrique\/wp-json\/wp\/v2\/posts"}],"about":[{"href":"https:\/\/www.europesays.com\/afrique\/wp-json\/wp\/v2\/types\/post"}],"author":[{"embeddable":true,"href":"https:\/\/www.europesays.com\/afrique\/wp-json\/wp\/v2\/users\/2"}],"replies":[{"embeddable":true,"href":"https:\/\/www.europesays.com\/afrique\/wp-json\/wp\/v2\/comments?post=154355"}],"version-history":[{"count":0,"href":"https:\/\/www.europesays.com\/afrique\/wp-json\/wp\/v2\/posts\/154355\/revisions"}],"wp:featuredmedia":[{"embeddable":true,"href":"https:\/\/www.europesays.com\/afrique\/wp-json\/wp\/v2\/media\/154356"}],"wp:attachment":[{"href":"https:\/\/www.europesays.com\/afrique\/wp-json\/wp\/v2\/media?parent=154355"}],"wp:term":[{"taxonomy":"category","embeddable":true,"href":"https:\/\/www.europesays.com\/afrique\/wp-json\/wp\/v2\/categories?post=154355"},{"taxonomy":"post_tag","embeddable":true,"href":"https:\/\/www.europesays.com\/afrique\/wp-json\/wp\/v2\/tags?post=154355"}],"curies":[{"name":"wp","href":"https:\/\/api.w.org\/{rel}","templated":true}]}}