{"id":154359,"date":"2026-07-11T23:55:35","date_gmt":"2026-07-11T23:55:35","guid":{"rendered":"https:\/\/www.europesays.com\/afrique\/154359\/"},"modified":"2026-07-11T23:55:35","modified_gmt":"2026-07-11T23:55:35","slug":"3500-personnes-manifestent-contre-le-canal-seine-nord-europe-entre-tirs-de-mortiers-et-baignade-interdite","status":"publish","type":"post","link":"https:\/\/www.europesays.com\/afrique\/154359\/","title":{"rendered":"3500 personnes manifestent contre le canal Seine-Nord Europe, entre tirs de mortiers et baignade interdite"},"content":{"rendered":"<p>Quelques milliers de personnes ont d\u00e9fil\u00e9 samedi 11 juillet apr\u00e8s-midi autour d\u2019Oisy-le-Verger (Pas-de-Calais) contre le canal Seine-Nord Europe, une manifestation marqu\u00e9e par des tirs de mortiers d\u2019artifices ayant caus\u00e9 un feu de chaume, rapidement ma\u00eetris\u00e9, et une baignade collective interdite.<\/p>\n<p>&#13;<br \/>\n&#13;<\/p>\n<p>&#13;<br \/>\n&#13;<\/p>\n<p>\u00abLaisse b\u00e9ton, stop \u00e0 la b\u00e9tonnisation\u00bb, \u00abl\u2019eau pour la vie, pas pour leurs profits\u00bb, pouvait-on lire sur des banderoles brandies pour protester contre cette infrastructure d\u2019ampleur qui doit relier la Seine aux grands ports du Nord de l\u2019Europe.<\/p>\n<p>&#13;<br \/>\n&#13;<br \/>\n\u00ab\u00a0Cher\u00a0\u00bb et \u00ab\u00a0destructeur\u00a0\u00bb<\/p>\n<p>\u00abC\u2019est un canal qui est <a href=\"https:\/\/www.courrier-picard.fr\/id709966\/article\/2026-04-09\/canal-seine-nord-europe-la-cour-des-comptes-accable-le-plus-grand-chantier-du\" target=\"_blank\" rel=\"nofollow noopener\">hyper cher<\/a>\u00bb et \u00abdestructeur de l\u2019environnement, autant pour les esp\u00e8ces que pour le cycle de l\u2019eau\u00bb, a d\u00e9nonc\u00e9 d\u2019embl\u00e9e Claire Aubois, porte-parole des Naturalistes des Terres et du collectif M\u00e9ga Canal Non Merci, appelant \u00e0 arr\u00eater le chantier.<\/p>\n<p>&#13;<br \/>\n&#13;<\/p>\n<p>&#13;<br \/>\n&#13;<\/p>\n<p>La manifestation organis\u00e9e notamment par le collectif M\u00e9ga Canal Non Merci, les Soul\u00e8vements de la Seine et de la Terre, Extinction Rebellion et la Conf\u00e9d\u00e9ration paysanne, s\u2019est lanc\u00e9e en musique, sous la surveillance de pr\u00e8s de 900 membres des forces de l\u2019ordre.<\/p>\n<p>Elle a rassembl\u00e9 3.500 personnes selon les organisateurs, 2.000 selon la pr\u00e9fecture.<\/p>\n<p>Le cort\u00e8ge s\u2019est rapidement scind\u00e9 en deux, une moiti\u00e9 des manifestants mettant le cap vers le chantier d\u2019une grande \u00e9cluse lanc\u00e9 il y a quelques semaines.<\/p>\n<p>&#13;<br \/>\n&#13;<\/p>\n<p>&#13;<br \/>\n&#13;<\/p>\n<p>Le <a href=\"https:\/\/www.courrier-picard.fr\/id731865\/article\/2026-07-10\/la-manifestation-dans-le-pas-de-calais-contre-le-canal-seine-nord-europe-sera\" target=\"_blank\" rel=\"nofollow noopener\">parcours autoris\u00e9<\/a> vendredi par la pr\u00e9fecture apr\u00e8s un bras de fer avec les manifestants pr\u00e9voyait pourtant que le cort\u00e8ge reste \u00e0 l\u2019\u00e9cart de ce site.<\/p>\n<p>Baignade interdite<\/p>\n<p>Survol\u00e9s par deux h\u00e9licopt\u00e8res, les manifestants ont march\u00e9 \u00e0 travers champs sous un soleil de plomb avant de s\u2019arr\u00eater pour couper des cl\u00f4tures et d\u00e9terrer des piquets qui d\u00e9limitent un acc\u00e8s au chantier.<\/p>\n<p>Ils ont rejoint la route o\u00f9 ils ont \u00e9t\u00e9 accueillis par les forces de l\u2019ordre. Une partie des manifestants a alors lanc\u00e9 des mortiers de feux d\u2019artifice, suscitant l\u2019embrasement d\u2019herbes s\u00e8ches dans un champ tout juste moissonn\u00e9.<\/p>\n<p>Les forces de l\u2019ordre ont r\u00e9pondu avec plusieurs tirs de gaz lacrymog\u00e8nes. L\u2019incendie a \u00e9t\u00e9 ma\u00eetris\u00e9 par les sapeurs-pompiers apr\u00e8s avoir parcouru 4,4 hectares, a indiqu\u00e9 la pr\u00e9fecture de la r\u00e9gion Hauts-de-France en fin d\u2019apr\u00e8s-midi.<\/p>\n<p>Les deux cort\u00e8ges se sont ensuite retrouv\u00e9s pr\u00e8s d\u2019un canal o\u00f9 plusieurs embarcations de fortune ont \u00e9t\u00e9 mises \u00e0 l\u2019eau. Au moins neuf personnes ont \u00e9t\u00e9 interpell\u00e9es pour avoir viol\u00e9 un arr\u00eat\u00e9 interdisant la navigation sur le cours d\u2019eau, a pr\u00e9cis\u00e9 la pr\u00e9fecture.<\/p>\n<p>Plus d\u2019une centaine de personnes se sont ensuites jet\u00e9es \u00e0 l\u2019eau dans ce canal, o\u00f9 la baignade est interdite, avant une fin de parcours dans le calme.<\/p>\n<p>Long de 107 kilom\u00e8tres et large de 54 m\u00e8tres de large, le futur <a href=\"https:\/\/www.courrier-picard.fr\/339764\/sections\/canal-seine-nord\" target=\"_blank\" rel=\"nofollow noopener\">canal Seine-nord Europe<\/a> a pour objectif de faciliter le transport fluvial de marchandises. Il <a href=\"https:\/\/www.courrier-picard.fr\/id719879\/article\/2026-05-23\/noyon-une-randonnee-en-soiree-sur-le-trace-du-futur-canal-seine-nord\" target=\"_blank\" rel=\"nofollow noopener\">traversera une partie de la Picardie<\/a>, notamment P\u00e9ronne et Compi\u00e8gne.<\/p>\n<p>Le <a href=\"https:\/\/www.courrier-picard.fr\/id700458\/article\/2026-03-02\/le-canal-du-nord-sec-pour-preparer-le-canal-seine-nord-europe\" target=\"_blank\" rel=\"nofollow noopener\">chantier<\/a> a \u00e9t\u00e9 lanc\u00e9 en 2022 apr\u00e8s des dizaines d\u2019ann\u00e9es de <a href=\"https:\/\/www.courrier-picard.fr\/id688288\/article\/2026-01-11\/canal-seine-nord-europe-des-entreprises-connues-pour-des-premiers-travaux-dans\" target=\"_blank\" rel=\"nofollow noopener\">concertation<\/a>, a rappel\u00e9 cette semaine \u00e0 l\u2019AFP Jean-Yves Dareaud, directeur de territoire Artois-Cambr\u00e9sis \u00e0 la Soci\u00e9t\u00e9 du Canal Seine-Nord Europe (SCSNE).<\/p>\n<p>Mais \u00abon reste naturellement \u00e0 l\u2019\u00e9coute de toutes les parties prenantes\u00bb, a-t-il ajout\u00e9 \u00e0 l\u2019adresse des opposants au projet.<\/p>\n<p>Parmi eux, St\u00e9phanie Bocquet, secr\u00e9taire r\u00e9gionale des Ecologistes du Nord-Pas-de-Calais, a des \u00abdoutes sur le report modal\u00bb, des bateaux vers les camions. Elle appelle \u00e0 l\u2019arr\u00eat du chantier pour mettre en place un \u00abmoratoire, se poser et r\u00e9fl\u00e9chir\u00bb.<\/p>\n<p>\n    <a href=\"https:\/\/www.courrier-picard.fr\/id695009\/article\/2026-02-06\/canal-seine-nord-xavier-bertrand-met-en-garde-contre-les-sournois-de-bercy\" class=\"r-stories-image-link\" rel=\"nofollow noopener\" target=\"_blank\"><\/p>\n<p>  <img decoding=\"async\" data-copyright=\"Photo Fred Haslin\" class=\"r-img\"  typeof=\"foaf:Image\" src=\"https:\/\/www.europesays.com\/afrique\/wp-content\/uploads\/2026\/07\/62012398.jpeg\" alt=\"Sur le chantier du canal Seine-Nord Europe. Ici la nouvelle route et le nouveau pont entre Ribecourt et Pimprez.\"\/><br \/>\n  <\/a><\/p>\n<p>    \u00c0 lire aussi<br \/>\n        <a href=\"https:\/\/www.courrier-picard.fr\/id695009\/article\/2026-02-06\/canal-seine-nord-xavier-bertrand-met-en-garde-contre-les-sournois-de-bercy\" class=\"r-stories--link\" rel=\"nofollow noopener\" target=\"_blank\">Canal Seine-Nord\u00a0: Xavier Bertrand met en garde contre les \u00ab\u00a0sournois\u00a0\u00bb de Bercy<\/a><\/p>\n<p>Pr\u00e9sent dans la foule, le d\u00e9put\u00e9 LFI nordiste Aur\u00e9lien Le Coq a d\u00e9nonc\u00e9 un \u00abm\u00e9ga-scandale\u00bb qui servirait \u00ables int\u00e9r\u00eats de l\u2019agro-industrie\u00bb en fonctionnant comme une autoroute fluviale.<\/p>\n<p>Anne Stambach-Terrenoir, d\u00e9put\u00e9e LFI de Haute-Garonne a d\u00e9crit un projet non \u00abviable\u00bb \u00e0 l\u2019heure du r\u00e9chauffement climatique: \u00abL\u2019am\u00e9nagement du territoire, on doit le penser \u00e0 l\u2019aune de ce que nous vivons aujourd\u2019hui, qui est une urgence \u00e9cologique comme l\u2019humanit\u00e9 n\u2019en a jamais pens\u00e9.\u00bb<\/p>\n<p>Mathieu Glorian, paysan dans le Pas-de-Calais, a aussi d\u00e9nonc\u00e9 le \u00abcercle sans fin\u00bb des \u00ab<a href=\"https:\/\/www.courrier-picard.fr\/id687670\/article\/2026-01-08\/canal-seine-nord-europe-des-zones-de-compensation-contestees\" target=\"_blank\" rel=\"nofollow noopener\">expropriations de terres<\/a>\u00bb li\u00e9es au chantier, qui \u00abvont faire monter le prix de la terre localement\u00bb.<\/p>\n<p>La mise en eau est attendue pour 2034.<\/p>\n","protected":false},"excerpt":{"rendered":"Quelques milliers de personnes ont d\u00e9fil\u00e9 samedi 11 juillet apr\u00e8s-midi autour d\u2019Oisy-le-Verger (Pas-de-Calais) contre le canal Seine-Nord Europe,&hellip;\n","protected":false},"author":2,"featured_media":154360,"comment_status":"","ping_status":"","sticky":false,"template":"","format":"standard","meta":{"footnotes":"","_share_on_mastodon":"0"},"categories":[2],"tags":[44660,18,453,19166,49130],"class_list":["post-154359","post","type-post","status-publish","format-standard","has-post-thumbnail","category-europe","tag-compiu00e8gne-oise","tag-europe","tag-france","tag-picardie","tag-pu00e9ronne-somme"],"share_on_mastodon":{"url":"https:\/\/pubeurope.com\/@afrique\/116904049097582765","error":""},"_links":{"self":[{"href":"https:\/\/www.europesays.com\/afrique\/wp-json\/wp\/v2\/posts\/154359","targetHints":{"allow":["GET"]}}],"collection":[{"href":"https:\/\/www.europesays.com\/afrique\/wp-json\/wp\/v2\/posts"}],"about":[{"href":"https:\/\/www.europesays.com\/afrique\/wp-json\/wp\/v2\/types\/post"}],"author":[{"embeddable":true,"href":"https:\/\/www.europesays.com\/afrique\/wp-json\/wp\/v2\/users\/2"}],"replies":[{"embeddable":true,"href":"https:\/\/www.europesays.com\/afrique\/wp-json\/wp\/v2\/comments?post=154359"}],"version-history":[{"count":0,"href":"https:\/\/www.europesays.com\/afrique\/wp-json\/wp\/v2\/posts\/154359\/revisions"}],"wp:featuredmedia":[{"embeddable":true,"href":"https:\/\/www.europesays.com\/afrique\/wp-json\/wp\/v2\/media\/154360"}],"wp:attachment":[{"href":"https:\/\/www.europesays.com\/afrique\/wp-json\/wp\/v2\/media?parent=154359"}],"wp:term":[{"taxonomy":"category","embeddable":true,"href":"https:\/\/www.europesays.com\/afrique\/wp-json\/wp\/v2\/categories?post=154359"},{"taxonomy":"post_tag","embeddable":true,"href":"https:\/\/www.europesays.com\/afrique\/wp-json\/wp\/v2\/tags?post=154359"}],"curies":[{"name":"wp","href":"https:\/\/api.w.org\/{rel}","templated":true}]}}