{"id":154391,"date":"2026-07-12T01:38:22","date_gmt":"2026-07-12T01:38:22","guid":{"rendered":"https:\/\/www.europesays.com\/afrique\/154391\/"},"modified":"2026-07-12T01:38:22","modified_gmt":"2026-07-12T01:38:22","slug":"maroc-lirak-a-fait-mieux-que-les-lions-de-latlas-face-aux-bleus-cette-statistique-le-prouve","status":"publish","type":"post","link":"https:\/\/www.europesays.com\/afrique\/154391\/","title":{"rendered":"Maroc. L\u2019Irak a fait mieux que les Lions de l\u2019Atlas face aux Bleus\u00a0: cette statistique le prouve"},"content":{"rendered":"<p>\n                Article premium,<br \/>\n                    R\u00e9serv\u00e9 aux\u00a0abonn\u00e9s\n            <\/p>\n<p class=\"su-standfirst chapeau\">Priv\u00e9 de nombreux joueurs, le Maroc n\u2019a pas \u00e9t\u00e9 en mesure de d\u00e9jouer les pronostics face \u00e0 la France\u00a0(d\u00e9faite 2-0). Les prot\u00e9g\u00e9s de Mohamed Ouhabi ont livr\u00e9 une prestation pauvre, notamment d\u2019un point de vue offensif. Plus pauvre m\u00eame que l\u2019Irak, qui avait affront\u00e9 les Bleus en poule.<\/p>\n<p>                                        <img decoding=\"async\" class=\"su-media\" src=\"https:\/\/www.europesays.com\/afrique\/wp-content\/uploads\/2026\/07\/MjAyNjA3Y2EyYmZhMjZlZDEwNTk5OTEzNmVmYTE2YmI5ZDdlOTU.webp\" alt=\"En manque d\u2019inspiration, les Marocains n\u2019ont jamais pu inqui\u00e9ter les Fran\u00e7ais, ce jeudi 9\u00a0juillet, en quart de finale de la Coupe du monde.\"  \/><\/p>\n<p>                            En manque d\u2019inspiration, les Marocains n\u2019ont jamais pu inqui\u00e9ter les Fran\u00e7ais, ce jeudi 9\u00a0juillet, en quart de finale de la Coupe du monde. | AFP<\/p>\n<p>                            fermer<\/p>\n<p><img decoding=\"async\" data-ofmaxheight=\"\" class=\"su-media lazyload\" alt=\"En manque d\u2019inspiration, les Marocains n\u2019ont jamais pu inqui\u00e9ter les Fran\u00e7ais, ce jeudi 9\u00a0juillet, en quart de finale de la Coupe du monde.\" src=\"data:image\/png;base64,iVBORw0KGgoAAAANSUhEUgAAABAAAAAJCAYAAAA7KqwyAAAAGXRFWHRTb2Z0d2FyZQBBZG9iZSBJbWFnZVJlYWR5ccllPAAAABhJREFUeNpi\/P\/\/PwMlgHHUgFEDgAAgwAD+lBrvy+NcxAAAAABJRU5ErkJggg==\" data-oflazyload=\"{&quot;srcset&quot;:&quot;https:\/\/media.ouest-france.fr\/v1\/pictures\/MjAyNjA3Y2EyYmZhMjZlZDEwNTk5OTEzNmVmYTE2YmI5ZDdlOTU?width=320&amp;focuspoint=50%2C25&amp;cropresize=1&amp;client_id=bpeditorial&amp;sign=31e179ce29cd34bf13154d9b5789d8f09ea4840a3cbcbb65031103604e663a0e 320w,https:\/\/media.ouest-france.fr\/v1\/pictures\/MjAyNjA3Y2EyYmZhMjZlZDEwNTk5OTEzNmVmYTE2YmI5ZDdlOTU?width=375&amp;focuspoint=50%2C25&amp;cropresize=1&amp;client_id=bpeditorial&amp;sign=fe85481ed6a72c92eda295368f6c51816a64ec63f6ff4b98456e1b8a993f5d03 360w,https:\/\/media.ouest-france.fr\/v1\/pictures\/MjAyNjA3Y2EyYmZhMjZlZDEwNTk5OTEzNmVmYTE2YmI5ZDdlOTU?width=480&amp;focuspoint=50%2C25&amp;cropresize=1&amp;client_id=bpeditorial&amp;sign=3452160234409f4bc4baf2308bc0a16b4b8e0d2668e16f2eb953c4c47e015e80 480w,https:\/\/media.ouest-france.fr\/v1\/pictures\/MjAyNjA3Y2EyYmZhMjZlZDEwNTk5OTEzNmVmYTE2YmI5ZDdlOTU?width=630&amp;focuspoint=50%2C25&amp;cropresize=1&amp;client_id=bpeditorial&amp;sign=60a570425756ac245653279a449a81ef66c7dcfb4997fe0a4fac99ed3c116e02 630w,https:\/\/media.ouest-france.fr\/v1\/pictures\/MjAyNjA3Y2EyYmZhMjZlZDEwNTk5OTEzNmVmYTE2YmI5ZDdlOTU?width=940&amp;focuspoint=50%2C25&amp;cropresize=1&amp;client_id=bpeditorial&amp;sign=14b33a7e4a607c50f4c38a8a140ab14901ea5f981700af78c4400928630af147 940w,https:\/\/media.ouest-france.fr\/v1\/pictures\/MjAyNjA3Y2EyYmZhMjZlZDEwNTk5OTEzNmVmYTE2YmI5ZDdlOTU?width=1260&amp;focuspoint=50%2C25&amp;cropresize=1&amp;client_id=bpeditorial&amp;sign=c271033dc2148f30388b22ba08efd09f143ca07e32a973ca888ee24e0fd9150d 1260w&quot;}\"\/>En manque d\u2019inspiration, les Marocains n\u2019ont jamais pu inqui\u00e9ter les Fran\u00e7ais, ce jeudi 9\u00a0juillet, en quart de finale de la Coupe du monde. | AFP                            <\/p>\n<p>Des Lions de l\u2019Atlas loin d\u2019\u00eatre indomptables. Contre une \u00e9quipe de France s\u00fbre de ses forces et en pleine ma\u00eetrise de ses capacit\u00e9s, <a href=\"https:\/\/www.ouest-france.fr\/sport\/coupe-du-monde\/direct\/direct-france-maroc-suivez-le-quart-de-finale-de-coupe-du-monde-en-live-mbappe-et-les-bleus-en-quete-de-demi-18090ebe-8011-420c-80ad-ef0f1a470e38\" target=\"_self\" rel=\"nofollow noopener\">le Maroc n\u2019a pas \u00e9t\u00e9 en mesure d\u2019\u00e9viter la d\u00e9faite\u00a0(2-0)<\/a>, ce jeudi, en quart de finale de la Coupe du monde. Une prestation somme toute d\u00e9cevante des Maghr\u00e9bins qui avaient davantage exhib\u00e9 leur talent, notamment offensif, depuis le d\u00e9but de la comp\u00e9tition.<\/p>\n<p>Et les&#8230;<\/p>\n<p style=\"text-align: center; background-color: #dbbe4d; padding-top: 5px; padding-bottom: 5px; font-size: 14px;\">D\u00e9j\u00e0 abonn\u00e9 ? <a data-trkartmonet=\"Identification\" data-trk-sipa=\"{\" blockcategory=\"\" paywall=\"\" href=\"http:\/\/www.ouest-france.fr\/login?redirect=https:\/\/www.ouest-france.fr\/sport\/coupe-du-monde\/coupe-du-monde-lirak-a-fait-mieux-que-le-maroc-face-a-la-france-cette-statistique-le-prouve-df3995d0-7c1b-11f1-b616-dddac7a26294\" rel=\"nofollow noopener\" title=\"Se connecter \u00e0 Ouest-France\" class=\"su-link-light\" target=\"_blank\">Connectez-vous<\/a><\/p>\n<p style=\"text-align: center; padding-top: 15px; padding-bottom: 8px; vertical-align: bottom;\">bloqu\u00e9 Pour lire la suite, abonnez-vous<\/p>\n<p style=\"text-align: center;\">1er mois \u00e0 1\u20ac<\/p>\n<p style=\"text-align: center; margin-top: -5px;\">Annulable \u00e0 tout moment<\/p>\n<p style=\"text-align: center;\">\u00a0<\/p>\n<p style=\"text-align: center;\"><a data-ida=\"\" data-trkartmonet=\"Tunnel OF+\" data-trk-sipa=\"{&#010;\" blockcategory=\"\" paywall=\"\" :=\"\" m=\"\" of=\"\" class=\"su-button su-subscription\" data-trk-bloc=\"paywall\" href=\"https:\/\/abonnement.ouest-france.fr\/tunnel\/pack-essentiel-article\/122096117101?int_medium=lien&amp;int_campaign=PWFR0225-OF&amp;int_content=page-article-payant_boutonjaune-paywall&amp;marquesource=OF&amp;rt=https:\/\/www.ouest-france.fr\/sport\/coupe-du-monde\/coupe-du-monde-lirak-a-fait-mieux-que-le-maroc-face-a-la-france-cette-statistique-le-prouve-df3995d0-7c1b-11f1-b616-dddac7a26294\" rel=\"nofollow noopener\" target=\"_blank\">Je m&rsquo;abonne<\/a><\/p>\n<p style=\"text-align: center; padding-top: 10px; padding-bottom: 10px;\"><img decoding=\"async\" src=\"https:\/\/media.ouest-france.fr\/v1\/fonts\/be7723fcee3f1866f1ce99184077fc6f-carte-bancaire.svg?height=36\" alt=\"CB\"\/>\u00a0\u00a0<img decoding=\"async\" src=\"https:\/\/media.ouest-france.fr\/v1\/fonts\/1819d54c599d8afa64539cfba4ac9dde-rib.svg?height=36\" alt=\"RIB\"\/>\u00a0\u00a0<img decoding=\"async\" src=\"https:\/\/media.ouest-france.fr\/v1\/fonts\/065fc80d7b6a03d14a834c224ce723e1-paypal.svg?height=36\" alt=\"PAYPAL\"\/><\/p>\n","protected":false},"excerpt":{"rendered":"Article premium, R\u00e9serv\u00e9 aux\u00a0abonn\u00e9s Priv\u00e9 de nombreux joueurs, le Maroc n\u2019a pas \u00e9t\u00e9 en mesure de d\u00e9jouer les&hellip;\n","protected":false},"author":2,"featured_media":154392,"comment_status":"","ping_status":"","sticky":false,"template":"","format":"standard","meta":{"footnotes":"","_share_on_mastodon":"0"},"categories":[83],"tags":[2631,17392,7096,308,86,46],"class_list":["post-154391","post","type-post","status-publish","format-standard","has-post-thumbnail","category-maroc","tag-coupe-du-monde-de-football","tag-equipe-de-france-football","tag-equipe-du-maroc-de-football","tag-football","tag-maroc","tag-sport"],"share_on_mastodon":{"url":"https:\/\/pubeurope.com\/@afrique\/116904454071269281","error":""},"_links":{"self":[{"href":"https:\/\/www.europesays.com\/afrique\/wp-json\/wp\/v2\/posts\/154391","targetHints":{"allow":["GET"]}}],"collection":[{"href":"https:\/\/www.europesays.com\/afrique\/wp-json\/wp\/v2\/posts"}],"about":[{"href":"https:\/\/www.europesays.com\/afrique\/wp-json\/wp\/v2\/types\/post"}],"author":[{"embeddable":true,"href":"https:\/\/www.europesays.com\/afrique\/wp-json\/wp\/v2\/users\/2"}],"replies":[{"embeddable":true,"href":"https:\/\/www.europesays.com\/afrique\/wp-json\/wp\/v2\/comments?post=154391"}],"version-history":[{"count":0,"href":"https:\/\/www.europesays.com\/afrique\/wp-json\/wp\/v2\/posts\/154391\/revisions"}],"wp:featuredmedia":[{"embeddable":true,"href":"https:\/\/www.europesays.com\/afrique\/wp-json\/wp\/v2\/media\/154392"}],"wp:attachment":[{"href":"https:\/\/www.europesays.com\/afrique\/wp-json\/wp\/v2\/media?parent=154391"}],"wp:term":[{"taxonomy":"category","embeddable":true,"href":"https:\/\/www.europesays.com\/afrique\/wp-json\/wp\/v2\/categories?post=154391"},{"taxonomy":"post_tag","embeddable":true,"href":"https:\/\/www.europesays.com\/afrique\/wp-json\/wp\/v2\/tags?post=154391"}],"curies":[{"name":"wp","href":"https:\/\/api.w.org\/{rel}","templated":true}]}}