{"id":155656,"date":"2026-07-13T17:29:10","date_gmt":"2026-07-13T17:29:10","guid":{"rendered":"https:\/\/www.europesays.com\/afrique\/155656\/"},"modified":"2026-07-13T17:29:10","modified_gmt":"2026-07-13T17:29:10","slug":"en-images-coupe-du-monde-le-senegal-pleure-le-maroc-bute-sur-les-bleus-retour-sur-le-parcours-des-pays-africains","status":"publish","type":"post","link":"https:\/\/www.europesays.com\/afrique\/155656\/","title":{"rendered":"EN IMAGES. Coupe du monde\u00a0: le S\u00e9n\u00e9gal pleure, le Maroc bute sur les Bleus&#8230; Retour sur le parcours des pays africains"},"content":{"rendered":"<p>\n                Article premium,<br \/>\n                    R\u00e9serv\u00e9 aux\u00a0abonn\u00e9s\n            <\/p>\n<p class=\"su-standfirst chapeau\">L\u2019Afrique n\u2019aura pas r\u00e9\u00e9dit\u00e9 l\u2019exploit de 2022. Apr\u00e8s la demi-finale du Maroc au Qatar il y a quatre ans, le continent africain comptait sur plusieurs s\u00e9lections pour atteindre \u00e0 nouveau ce palier. Annonc\u00e9s comme candidats au titre, le S\u00e9n\u00e9gal et le Maroc ont d\u00e9\u00e7u tandis que d\u2019autres nations comme le Cap-Vert ou l\u2019\u00c9gypte ont fait sensation. Retour en images sur le parcours des pays africains \u00e0 la Coupe du monde.<\/p>\n<p>                                        <img decoding=\"async\" class=\"su-media\" src=\"https:\/\/media.ouest-france.fr\/v1\/pictures\/MjAyNjA3NDIyNWYxYjRhZGE2N2Q0OGMzMGZmMzQzZWZmMzZhN2Q?width=630&amp;height=354&amp;focuspoint=50%2C25&amp;cropresize=1&amp;client_id=bpeditorial&amp;sign=a0b77a6abcd05cec120cea35f7fa2fcccb01f713c85697b83513c8c6a4d49ef5\" alt=\"Les s\u00e9lections africaines n\u2019ont pas r\u00e9ussi \u00e0 r\u00e9\u00e9diter l\u2019exploit du Maroc lors du Mondial au Qatar.\"  \/><\/p>\n<p>                            Les s\u00e9lections africaines n\u2019ont pas r\u00e9ussi \u00e0 r\u00e9\u00e9diter l\u2019exploit du Maroc lors du Mondial au Qatar. | JOSE HERNANDEZ\/ANADOLU<\/p>\n<p>                            fermer<\/p>\n<p><img decoding=\"async\" data-ofmaxheight=\"\" class=\"su-media lazyload\" alt=\"Les s\u00e9lections africaines n\u2019ont pas r\u00e9ussi \u00e0 r\u00e9\u00e9diter l\u2019exploit du Maroc lors du Mondial au Qatar.\" src=\"data:image\/png;base64,iVBORw0KGgoAAAANSUhEUgAAABAAAAAJCAYAAAA7KqwyAAAAGXRFWHRTb2Z0d2FyZQBBZG9iZSBJbWFnZVJlYWR5ccllPAAAABhJREFUeNpi\/P\/\/PwMlgHHUgFEDgAAgwAD+lBrvy+NcxAAAAABJRU5ErkJggg==\" data-oflazyload=\"{&quot;srcset&quot;:&quot;https:\/\/media.ouest-france.fr\/v1\/pictures\/MjAyNjA3NDIyNWYxYjRhZGE2N2Q0OGMzMGZmMzQzZWZmMzZhN2Q?width=320&amp;focuspoint=50%2C25&amp;cropresize=1&amp;client_id=bpeditorial&amp;sign=17bbd937fc4df42e8fdf685ddf5b5654aa74277f7b2d39beaae0a527d9ab1c3a 320w,https:\/\/media.ouest-france.fr\/v1\/pictures\/MjAyNjA3NDIyNWYxYjRhZGE2N2Q0OGMzMGZmMzQzZWZmMzZhN2Q?width=375&amp;focuspoint=50%2C25&amp;cropresize=1&amp;client_id=bpeditorial&amp;sign=8f27598b10329db0c17758976a406bb8a5b229da4696a4806432f5aed6aafe04 360w,https:\/\/media.ouest-france.fr\/v1\/pictures\/MjAyNjA3NDIyNWYxYjRhZGE2N2Q0OGMzMGZmMzQzZWZmMzZhN2Q?width=480&amp;focuspoint=50%2C25&amp;cropresize=1&amp;client_id=bpeditorial&amp;sign=821b4df8463edb420e273d7501dbae92e7eff51c73e9f2bc38a13c50ccaeca92 480w,https:\/\/media.ouest-france.fr\/v1\/pictures\/MjAyNjA3NDIyNWYxYjRhZGE2N2Q0OGMzMGZmMzQzZWZmMzZhN2Q?width=630&amp;focuspoint=50%2C25&amp;cropresize=1&amp;client_id=bpeditorial&amp;sign=1756759e1f2df6f5898746b85a7bf6b24ad1cf068547de2d82cd38554426c3d8 630w,https:\/\/media.ouest-france.fr\/v1\/pictures\/MjAyNjA3NDIyNWYxYjRhZGE2N2Q0OGMzMGZmMzQzZWZmMzZhN2Q?width=940&amp;focuspoint=50%2C25&amp;cropresize=1&amp;client_id=bpeditorial&amp;sign=8c364230026fefab7c2d21860c69567a98f39c45d02e663567c56271b35f7072 940w,https:\/\/media.ouest-france.fr\/v1\/pictures\/MjAyNjA3NDIyNWYxYjRhZGE2N2Q0OGMzMGZmMzQzZWZmMzZhN2Q?width=1260&amp;focuspoint=50%2C25&amp;cropresize=1&amp;client_id=bpeditorial&amp;sign=9f0d53566a53670f93aaa460b46b24cc3fab2919a7af1ba30491e056abc9f105 1260w&quot;}\"\/>Les s\u00e9lections africaines n\u2019ont pas r\u00e9ussi \u00e0 r\u00e9\u00e9diter l\u2019exploit du Maroc lors du Mondial au Qatar. | JOSE HERNANDEZ\/ANADOLU                            <\/p>\n<p>Quatre ans apr\u00e8s l\u2019exploit du Maroc \u00e0 la Coupe du monde au Qatar, les s\u00e9lections africaines ont de nouveau brill\u00e9 sur le continent am\u00e9ricain. Si aucune d\u2019entre elles n\u2019a atteint le dernier carr\u00e9, certaines ont \u00e9crit la plus belle page de leur histoire lors de ce Mondial. Retour en images et en vid\u00e9os sur les moments forts des s\u00e9lections africaines.<\/p>\n<p>Neuf. C\u2019est le nombre de s\u00e9lections africaines qualifi\u00e9es pour la phase \u00e0 \u00e9limination directe de cette Coupe du monde, <a href=\"https:\/\/www.ouest-france.fr\/sport\/coupe-du-monde\/coupe-du-monde-le-bilan-quasi-parfait-des-equipes-africaines-en-phase-de-groupe-6e9f108e-72cf-11f1-82f2-8f02834cc235\" target=\"_self\" rel=\"nofollow noopener\">un record lors d\u2019un Mondial<\/a>. Sur les 10\u00a0nations du continent engag\u00e9es, une seule a fait faux bond\u00a0: la Tunisie. Les Aigles de Carthages ont v\u00e9cu un Mondial cauchemardesque. Apr\u00e8s une lourde d\u00e9faite inaugurale contre la Su\u00e8de (1-5), la F\u00e9d\u00e9ration a licenci\u00e9 le s\u00e9lectionneur Sabri Lamouchi pour le remplacer par <a href=\"https:\/\/www.ouest-france.fr\/sport\/football\/equipe-tunisie\/coupe-du-monde-mon-aventure-prend-fin-herve-renard-quitte-deja-son-poste-de-selectionneur-de-la-tunisie-8684eb04-77e0-11f1-980a-970130a57304\" target=\"_self\" rel=\"nofollow noopener\">le pompier de service Herv\u00e9 Renard<\/a>. Un remplacement qui n\u2019aura pas chang\u00e9 la dynamique tunisienne, les co\u00e9quipiers de Montassar Talbi subissant deux nouvelles d\u00e9routes face au Japon\u00a0(0-4) et contre les Pays-Bas (1-3).<\/p>\n<p>\u00c0 l\u2019inverse de la Tunisie,&#8230;<\/p>\n<p style=\"text-align: center; background-color: #dbbe4d; padding-top: 5px; padding-bottom: 5px; font-size: 14px;\">D\u00e9j\u00e0 abonn\u00e9 ? <a data-trkartmonet=\"Identification\" data-trk-sipa=\"{\" blockcategory=\"\" paywall=\"\" href=\"http:\/\/www.ouest-france.fr\/login?redirect=https:\/\/www.ouest-france.fr\/sport\/coupe-du-monde\/en-images-coupe-du-monde-le-senegal-pleure-le-maroc-bute-sur-les-bleus-retour-sur-le-parcours-des-pays-africains-cf3d0128-7eb7-11f1-a3cc-61ee167b6bba\" rel=\"nofollow noopener\" title=\"Se connecter \u00e0 Ouest-France\" class=\"su-link-light\" target=\"_blank\">Connectez-vous<\/a><\/p>\n<p style=\"text-align: center; padding-top: 15px; padding-bottom: 8px; vertical-align: bottom;\">bloqu\u00e9 Pour lire la suite, abonnez-vous<\/p>\n<p style=\"text-align: center;\">1er mois \u00e0 1\u20ac<\/p>\n<p style=\"text-align: center; margin-top: -5px;\">Annulable \u00e0 tout moment<\/p>\n<p style=\"text-align: center;\">\u00a0<\/p>\n<p style=\"text-align: center;\"><a data-ida=\"\" data-trkartmonet=\"Tunnel OF+\" data-trk-sipa=\"{&#010;\" blockcategory=\"\" paywall=\"\" :=\"\" m=\"\" of=\"\" class=\"su-button su-subscription\" data-trk-bloc=\"paywall\" href=\"https:\/\/abonnement.ouest-france.fr\/tunnel\/pack-essentiel-article\/122096117101?int_medium=lien&amp;int_campaign=PWFR0225-OF&amp;int_content=page-article-payant_boutonjaune-paywall&amp;marquesource=OF&amp;rt=https:\/\/www.ouest-france.fr\/sport\/coupe-du-monde\/en-images-coupe-du-monde-le-senegal-pleure-le-maroc-bute-sur-les-bleus-retour-sur-le-parcours-des-pays-africains-cf3d0128-7eb7-11f1-a3cc-61ee167b6bba\" rel=\"nofollow noopener\" target=\"_blank\">Je m&rsquo;abonne<\/a><\/p>\n<p style=\"text-align: center; padding-top: 10px; padding-bottom: 10px;\"><img decoding=\"async\" src=\"https:\/\/media.ouest-france.fr\/v1\/fonts\/be7723fcee3f1866f1ce99184077fc6f-carte-bancaire.svg?height=36\" alt=\"CB\"\/>\u00a0\u00a0<img decoding=\"async\" src=\"https:\/\/media.ouest-france.fr\/v1\/fonts\/1819d54c599d8afa64539cfba4ac9dde-rib.svg?height=36\" alt=\"RIB\"\/>\u00a0\u00a0<img decoding=\"async\" src=\"https:\/\/media.ouest-france.fr\/v1\/fonts\/065fc80d7b6a03d14a834c224ce723e1-paypal.svg?height=36\" alt=\"PAYPAL\"\/><\/p>\n","protected":false},"excerpt":{"rendered":"Article premium, R\u00e9serv\u00e9 aux\u00a0abonn\u00e9s L\u2019Afrique n\u2019aura pas r\u00e9\u00e9dit\u00e9 l\u2019exploit de 2022. Apr\u00e8s la demi-finale du Maroc au Qatar&hellip;\n","protected":false},"author":2,"featured_media":155657,"comment_status":"","ping_status":"","sticky":false,"template":"","format":"standard","meta":{"footnotes":"","_share_on_mastodon":"0"},"categories":[83],"tags":[1012,2631,2198,7097,37781,12576,7096,9965,15484,14553,9137,7098,308,86,46],"class_list":["post-155656","post","type-post","status-publish","format-standard","has-post-thumbnail","category-maroc","tag-actualite-en-continu","tag-coupe-du-monde-de-football","tag-equipe-afrique-du-sud-football","tag-equipe-algerie-football","tag-equipe-cap-vert-football","tag-equipe-cote-divoire-football","tag-equipe-du-maroc-de-football","tag-equipe-egypte-football","tag-equipe-ghana-football","tag-equipe-republique-democratique-du-congo-football","tag-equipe-senegal-football","tag-equipe-tunisie-football","tag-football","tag-maroc","tag-sport"],"share_on_mastodon":{"url":"https:\/\/pubeurope.com\/@afrique\/116913855925873045","error":""},"_links":{"self":[{"href":"https:\/\/www.europesays.com\/afrique\/wp-json\/wp\/v2\/posts\/155656","targetHints":{"allow":["GET"]}}],"collection":[{"href":"https:\/\/www.europesays.com\/afrique\/wp-json\/wp\/v2\/posts"}],"about":[{"href":"https:\/\/www.europesays.com\/afrique\/wp-json\/wp\/v2\/types\/post"}],"author":[{"embeddable":true,"href":"https:\/\/www.europesays.com\/afrique\/wp-json\/wp\/v2\/users\/2"}],"replies":[{"embeddable":true,"href":"https:\/\/www.europesays.com\/afrique\/wp-json\/wp\/v2\/comments?post=155656"}],"version-history":[{"count":0,"href":"https:\/\/www.europesays.com\/afrique\/wp-json\/wp\/v2\/posts\/155656\/revisions"}],"wp:featuredmedia":[{"embeddable":true,"href":"https:\/\/www.europesays.com\/afrique\/wp-json\/wp\/v2\/media\/155657"}],"wp:attachment":[{"href":"https:\/\/www.europesays.com\/afrique\/wp-json\/wp\/v2\/media?parent=155656"}],"wp:term":[{"taxonomy":"category","embeddable":true,"href":"https:\/\/www.europesays.com\/afrique\/wp-json\/wp\/v2\/categories?post=155656"},{"taxonomy":"post_tag","embeddable":true,"href":"https:\/\/www.europesays.com\/afrique\/wp-json\/wp\/v2\/tags?post=155656"}],"curies":[{"name":"wp","href":"https:\/\/api.w.org\/{rel}","templated":true}]}}