{"id":157142,"date":"2026-07-15T12:48:09","date_gmt":"2026-07-15T12:48:09","guid":{"rendered":"https:\/\/www.europesays.com\/afrique\/157142\/"},"modified":"2026-07-15T12:48:09","modified_gmt":"2026-07-15T12:48:09","slug":"travail-numerique-en-tunisie-vers-une-reforme-du-code-du-travail-pour-proteger-les-travailleurs-des-plateformes","status":"publish","type":"post","link":"https:\/\/www.europesays.com\/afrique\/157142\/","title":{"rendered":"Travail num\u00e9rique en Tunisie : vers une r\u00e9forme du Code du travail pour prot\u00e9ger les travailleurs des plateformes"},"content":{"rendered":"<p>Le ministre des affaires sociales, Issam Lahmar, a appel\u00e9, ce mardi, \u00e0 d\u00e9velopper la l\u00e9gislation nationale afin d\u2019encadrer les nouvelles formes de travail via les plateformes num\u00e9riques en vue de garantir le respect des principes du travail d\u00e9cent.<\/p>\n<p>S\u2019exprimant \u00e0 l\u2019ouverture d\u2019un atelier sur les nouvelles formes d\u2019emploi et le travail d\u00e9cent, Lahmar a soulign\u00e9 que la transformation num\u00e9rique et les nouvelles formes d\u2019emploi qu\u2019elle a engendr\u00e9es n\u00e9cessitent une r\u00e9vision et une adaptation de plusieurs dispositions du Code du travail, afin de mettre en place un cadre l\u00e9gislatif et r\u00e9glementaire \u00e9quilibr\u00e9 favorisant \u00e0 la fois l\u2019innovation et l\u2019investissement et le travail d\u00e9cent et la protection sociale.<\/p>\n<p>Selon un communiqu\u00e9 du d\u00e9partement, le ministre a aussi appel\u00e9 \u00e0 approfondir les consultations et les d\u00e9bats afin de formuler des recommandations permettant d\u2019instaurer un cadre national inclusif capable d\u2019accompagner les \u00e9volutions rapides des nouvelles formes de travail, de renforcer la comp\u00e9titivit\u00e9 de l\u2019\u00e9conomie nationale et de consacrer les principes du travail d\u00e9cent et de la protection sociale.<\/p>\n<p>Samedi dernier, le d\u00e9partement de la protection sociale et du secteur informel relevant de l\u2019Union g\u00e9n\u00e9rale tunisienne du travail (UGTT) avait appel\u00e9 \u00e0 reconna\u00eetre l\u2019activit\u00e9 des livreurs, \u00e0 les int\u00e9grer de mani\u00e8re organis\u00e9e dans le cycle \u00e9conomique, \u00e0 leur assurer des r\u00e9mun\u00e9rations \u00e9quitables ainsi qu\u2019une couverture sociale et sanitaire les prot\u00e9geant notamment contre les accidents de la route.<\/p>\n<p>Cet appel faisait suite \u00e0 une gr\u00e8ve observ\u00e9e par les agents de livraison d\u2019une entreprise priv\u00e9e g\u00e9rant une plateforme num\u00e9rique de livraison de commandes.<\/p>\n","protected":false},"excerpt":{"rendered":"Le ministre des affaires sociales, Issam Lahmar, a appel\u00e9, ce mardi, \u00e0 d\u00e9velopper la l\u00e9gislation nationale afin d\u2019encadrer&hellip;\n","protected":false},"author":2,"featured_media":157143,"comment_status":"","ping_status":"","sticky":false,"template":"","format":"standard","meta":{"footnotes":"","_share_on_mastodon":"0"},"categories":[120],"tags":[24292,32232,45002,28381,124],"class_list":["post-157142","post","type-post","status-publish","format-standard","has-post-thumbnail","category-tunisie","tag-affaires-sociales","tag-couverture-sociale","tag-plateformes-numeriques","tag-travailleurs","tag-tunisie"],"share_on_mastodon":{"url":"https:\/\/pubeurope.com\/@afrique\/116924075725203547","error":""},"_links":{"self":[{"href":"https:\/\/www.europesays.com\/afrique\/wp-json\/wp\/v2\/posts\/157142","targetHints":{"allow":["GET"]}}],"collection":[{"href":"https:\/\/www.europesays.com\/afrique\/wp-json\/wp\/v2\/posts"}],"about":[{"href":"https:\/\/www.europesays.com\/afrique\/wp-json\/wp\/v2\/types\/post"}],"author":[{"embeddable":true,"href":"https:\/\/www.europesays.com\/afrique\/wp-json\/wp\/v2\/users\/2"}],"replies":[{"embeddable":true,"href":"https:\/\/www.europesays.com\/afrique\/wp-json\/wp\/v2\/comments?post=157142"}],"version-history":[{"count":0,"href":"https:\/\/www.europesays.com\/afrique\/wp-json\/wp\/v2\/posts\/157142\/revisions"}],"wp:featuredmedia":[{"embeddable":true,"href":"https:\/\/www.europesays.com\/afrique\/wp-json\/wp\/v2\/media\/157143"}],"wp:attachment":[{"href":"https:\/\/www.europesays.com\/afrique\/wp-json\/wp\/v2\/media?parent=157142"}],"wp:term":[{"taxonomy":"category","embeddable":true,"href":"https:\/\/www.europesays.com\/afrique\/wp-json\/wp\/v2\/categories?post=157142"},{"taxonomy":"post_tag","embeddable":true,"href":"https:\/\/www.europesays.com\/afrique\/wp-json\/wp\/v2\/tags?post=157142"}],"curies":[{"name":"wp","href":"https:\/\/api.w.org\/{rel}","templated":true}]}}