{"id":158239,"date":"2026-07-16T17:03:13","date_gmt":"2026-07-16T17:03:13","guid":{"rendered":"https:\/\/www.europesays.com\/afrique\/158239\/"},"modified":"2026-07-16T17:03:13","modified_gmt":"2026-07-16T17:03:13","slug":"trois-ans-de-cooperation-ue-tunisie-sur-les-migrations-46-organisations-denoncent-un-bilan-humain-accablant","status":"publish","type":"post","link":"https:\/\/www.europesays.com\/afrique\/158239\/","title":{"rendered":"Trois ans de coop\u00e9ration UE-Tunisie sur les migrations : 46 organisations d\u00e9noncent un bilan humain accablant"},"content":{"rendered":"<p>\n      Sign\u00e9 le 16 juillet 2023, le protocole d&rsquo;accord entre l&rsquo;Union europ\u00e9enne et la Tunisie visait officiellement \u00e0 mieux \u00ab g\u00e9rer \u00bb les fronti\u00e8res et \u00e0 renforcer le contr\u00f4le des flux migratoires en M\u00e9diterran\u00e9e centrale. Trois ans plus tard, 46 organisations de la soci\u00e9t\u00e9 civile, dont SOS MEDITERRANEE, publient une d\u00e9claration commune pour dresser un bilan s\u00e9v\u00e8re de cet accord : loin d&rsquo;avoir atteint ses objectifs affich\u00e9s, il aurait au contraire favoris\u00e9 de graves violations des droits humains, sans jamais garantir la protection des personnes en d\u00e9placement sur le territoire tunisien.&#13;<br \/>\n&#13;<\/p>\n<p>Agressions violentes \u00e0 caract\u00e8re raciste visant des personnes originaires d&rsquo;Afrique subsaharienne en Tunisie, renvois clandestins vers la Libye o\u00f9 ces m\u00eames personnes se retrouvent \u00e0 nouveau expos\u00e9es \u00e0 l&rsquo;exploitation et \u00e0 la violence : autant d&rsquo;\u00e9l\u00e9ments qui, selon les signataires, disqualifient la Tunisie comme \u00ab\u00a0pays s\u00fbr\u00a0\u00bb pour les personnes en d\u00e9placement &#8211; un constat qui n&#8217;emp\u00eache pourtant pas l&rsquo;Union europ\u00e9enne de continuer \u00e0 intensifier sa coop\u00e9ration avec Tunis.\u00a0<\/p>\n<p>Les signataires appellent la Commission europ\u00e9enne et les \u00c9tats membres de l\u2019Union europ\u00e9enne \u00e0 :<\/p>\n<p>Garantir l\u2019obligation de rendre des comptes et le contr\u00f4le de la coop\u00e9ration migratoire ;Suspendre le soutien au contr\u00f4le migratoire et la coop\u00e9ration op\u00e9rationnelle ;Garantir la protection internationale ;Promouvoir les droits humains et l\u2019\u00e9tat de droit ;Mettre en \u0153uvre une politique migratoire europ\u00e9enne respectueuse des droits et de la protection des r\u00e9fugi\u00e9s.<\/p>\n<p><a href=\"https:\/\/sosmediterranee.fr\/wp-content\/uploads\/2026\/07\/2026_Statement_EU_TUN_MoU_French.pdf\" target=\"_blank\" rel=\"nofollow noopener\">Acc\u00e9der \u00e0 la d\u00e9claration compl\u00e8te<\/a><\/p>\n<p>Communiqu\u00e9 de SOS M\u00e9diterran\u00e9e, le 16\/07\/2026<\/p>\n","protected":false},"excerpt":{"rendered":"Sign\u00e9 le 16 juillet 2023, le protocole d&rsquo;accord entre l&rsquo;Union europ\u00e9enne et la Tunisie visait officiellement \u00e0 mieux&hellip;\n","protected":false},"author":2,"featured_media":158240,"comment_status":"","ping_status":"","sticky":false,"template":"","format":"standard","meta":{"footnotes":"","_share_on_mastodon":"0"},"categories":[120],"tags":[24,38,25,33,26,30,22,31,36,29,35,20,23,21,19,27,34,28,37,32,124],"class_list":["post-158239","post","type-post","status-publish","format-standard","has-post-thumbnail","category-tunisie","tag-chantiers","tag-commando","tag-construction-navale","tag-costa","tag-croisiere","tag-dcns","tag-defense","tag-euronaval","tag-fremm","tag-interviews","tag-littoral","tag-marine","tag-marine-nationale","tag-maritime","tag-mer","tag-offshore","tag-peche","tag-reportages","tag-sncm","tag-stx","tag-tunisie"],"share_on_mastodon":{"url":"https:\/\/pubeurope.com\/@afrique\/116930740408185214","error":""},"_links":{"self":[{"href":"https:\/\/www.europesays.com\/afrique\/wp-json\/wp\/v2\/posts\/158239","targetHints":{"allow":["GET"]}}],"collection":[{"href":"https:\/\/www.europesays.com\/afrique\/wp-json\/wp\/v2\/posts"}],"about":[{"href":"https:\/\/www.europesays.com\/afrique\/wp-json\/wp\/v2\/types\/post"}],"author":[{"embeddable":true,"href":"https:\/\/www.europesays.com\/afrique\/wp-json\/wp\/v2\/users\/2"}],"replies":[{"embeddable":true,"href":"https:\/\/www.europesays.com\/afrique\/wp-json\/wp\/v2\/comments?post=158239"}],"version-history":[{"count":0,"href":"https:\/\/www.europesays.com\/afrique\/wp-json\/wp\/v2\/posts\/158239\/revisions"}],"wp:featuredmedia":[{"embeddable":true,"href":"https:\/\/www.europesays.com\/afrique\/wp-json\/wp\/v2\/media\/158240"}],"wp:attachment":[{"href":"https:\/\/www.europesays.com\/afrique\/wp-json\/wp\/v2\/media?parent=158239"}],"wp:term":[{"taxonomy":"category","embeddable":true,"href":"https:\/\/www.europesays.com\/afrique\/wp-json\/wp\/v2\/categories?post=158239"},{"taxonomy":"post_tag","embeddable":true,"href":"https:\/\/www.europesays.com\/afrique\/wp-json\/wp\/v2\/tags?post=158239"}],"curies":[{"name":"wp","href":"https:\/\/api.w.org\/{rel}","templated":true}]}}