{"id":158381,"date":"2026-07-16T20:07:10","date_gmt":"2026-07-16T20:07:10","guid":{"rendered":"https:\/\/www.europesays.com\/afrique\/158381\/"},"modified":"2026-07-16T20:07:10","modified_gmt":"2026-07-16T20:07:10","slug":"coupe-du-monde-mohamed-ouahbi-confirme-sur-le-banc-du-maroc","status":"publish","type":"post","link":"https:\/\/www.europesays.com\/afrique\/158381\/","title":{"rendered":"Coupe du monde. Mohamed Ouahbi confirm\u00e9 sur le banc du Maroc"},"content":{"rendered":"<p>\n                Article premium,<br \/>\n                    R\u00e9serv\u00e9 aux\u00a0abonn\u00e9s\n            <\/p>\n<p class=\"su-standfirst chapeau\">Une semaine apr\u00e8s l\u2019\u00e9limination des Lions de l\u2019Atlas face l\u2019\u00e9quipe de France en quart de finale du Mondial\u00a0(2-0), la F\u00e9d\u00e9ration royale marocaine de football\u00a0(FRMF) a annonc\u00e9 le maintien de Mohamed Ouahbi \u00e0 la t\u00eate de la s\u00e9lection.<\/p>\n<p>                                        <img decoding=\"async\" class=\"su-media\" src=\"https:\/\/www.europesays.com\/afrique\/wp-content\/uploads\/2026\/07\/MjAyNjA3ZTNhMTA1OWY5ZGQ5ZmViNTk1OGNlMmM3YzFiMWMzNTc.webp\" alt=\"Mohamed Ouahbi est maintenu comme s\u00e9lectionneur du Maroc a annonc\u00e9\u00a0la F\u00e9d\u00e9ration royale Marocaine de football ce 16\u00a0juillet.\"  \/><\/p>\n<p>                            Mohamed Ouahbi est maintenu comme s\u00e9lectionneur du Maroc a annonc\u00e9\u00a0la F\u00e9d\u00e9ration royale Marocaine de football ce 16\u00a0juillet. | AYMAN AREF VIA AFP<\/p>\n<p>                            fermer<\/p>\n<p><img decoding=\"async\" data-ofmaxheight=\"\" class=\"su-media lazyload\" alt=\"Mohamed Ouahbi est maintenu comme s\u00e9lectionneur du Maroc a annonc\u00e9\u00a0la F\u00e9d\u00e9ration royale Marocaine de football ce 16\u00a0juillet.\" src=\"data:image\/png;base64,iVBORw0KGgoAAAANSUhEUgAAABAAAAAJCAYAAAA7KqwyAAAAGXRFWHRTb2Z0d2FyZQBBZG9iZSBJbWFnZVJlYWR5ccllPAAAABhJREFUeNpi\/P\/\/PwMlgHHUgFEDgAAgwAD+lBrvy+NcxAAAAABJRU5ErkJggg==\" data-oflazyload=\"{&quot;srcset&quot;:&quot;https:\/\/media.ouest-france.fr\/v1\/pictures\/MjAyNjA3ZTNhMTA1OWY5ZGQ5ZmViNTk1OGNlMmM3YzFiMWMzNTc?width=320&amp;focuspoint=50%2C25&amp;cropresize=1&amp;client_id=bpeditorial&amp;sign=b4f40f68df01f11b9ac42930096695de050c72c974b150cf2f0ce3e0b6463b25 320w,https:\/\/media.ouest-france.fr\/v1\/pictures\/MjAyNjA3ZTNhMTA1OWY5ZGQ5ZmViNTk1OGNlMmM3YzFiMWMzNTc?width=375&amp;focuspoint=50%2C25&amp;cropresize=1&amp;client_id=bpeditorial&amp;sign=08c62333e80db95b5014e9a4934cc5ec8bab61977acc7d18b8fac2010a338300 360w,https:\/\/media.ouest-france.fr\/v1\/pictures\/MjAyNjA3ZTNhMTA1OWY5ZGQ5ZmViNTk1OGNlMmM3YzFiMWMzNTc?width=480&amp;focuspoint=50%2C25&amp;cropresize=1&amp;client_id=bpeditorial&amp;sign=2c897edb92d2dacee34dcad364938965d6760fa31057ec62f4193d9dceedc918 480w,https:\/\/media.ouest-france.fr\/v1\/pictures\/MjAyNjA3ZTNhMTA1OWY5ZGQ5ZmViNTk1OGNlMmM3YzFiMWMzNTc?width=630&amp;focuspoint=50%2C25&amp;cropresize=1&amp;client_id=bpeditorial&amp;sign=9e719ab3f7e3f131d94fc9fc91f1b653dbe50dba4b3137607d41edadd8921993 630w,https:\/\/media.ouest-france.fr\/v1\/pictures\/MjAyNjA3ZTNhMTA1OWY5ZGQ5ZmViNTk1OGNlMmM3YzFiMWMzNTc?width=940&amp;focuspoint=50%2C25&amp;cropresize=1&amp;client_id=bpeditorial&amp;sign=5bb104e0655c25e87793338df1fdba887fddbe7acc8ed9947606182ac24b45bb 940w,https:\/\/media.ouest-france.fr\/v1\/pictures\/MjAyNjA3ZTNhMTA1OWY5ZGQ5ZmViNTk1OGNlMmM3YzFiMWMzNTc?width=1260&amp;focuspoint=50%2C25&amp;cropresize=1&amp;client_id=bpeditorial&amp;sign=a5ebf07e0c5a3ad0dafe36cb58d5636f6de47a7a443d45eb1382f6672ec6c716 1260w&quot;}\"\/>Mohamed Ouahbi est maintenu comme s\u00e9lectionneur du Maroc a annonc\u00e9\u00a0la F\u00e9d\u00e9ration royale Marocaine de football ce 16\u00a0juillet. | AYMAN AREF VIA AFP                            <\/p>\n<p>Mohamed Ouahbi reste \u00e0 la t\u00eate du Maroc. La F\u00e9d\u00e9ration royale marocaine de football\u00a0(FRMF) a confirm\u00e9 ce jeudi le maintien l\u2019entra\u00eeneur de 49\u00a0ans \u00e0 la t\u00eate de la s\u00e9lection nationale, malgr\u00e9 les critiques d\u2019une partie des supporters et des m\u00e9dias apr\u00e8s l\u2019\u00e9limination des Lions de l\u2019Atlas en quarts de finale du Mondial.<\/p>\n<p>Dans un communiqu\u00e9, la FRMF indique que son comit\u00e9 ex\u00e9cutif, r\u00e9uni ce 16\u00a0juillet, a d\u00e9cid\u00e9 de renouveler \u00ab sa confiance au&#8230;<\/p>\n<p style=\"text-align: center; background-color: #dbbe4d; padding-top: 5px; padding-bottom: 5px; font-size: 14px;\">D\u00e9j\u00e0 abonn\u00e9 ? <a data-trkartmonet=\"Identification\" data-trk-sipa=\"{\" blockcategory=\"\" paywall=\"\" href=\"http:\/\/www.ouest-france.fr\/login?redirect=https:\/\/www.ouest-france.fr\/sport\/coupe-du-monde\/coupe-du-monde-mohamed-ouahbi-confirme-sur-le-banc-du-maroc-21e370f8-8145-11f1-a2c0-b0e90323cd29\" rel=\"nofollow noopener\" title=\"Se connecter \u00e0 Ouest-France\" class=\"su-link-light\" target=\"_blank\">Connectez-vous<\/a><\/p>\n<p style=\"text-align: center; padding-top: 15px; padding-bottom: 8px; vertical-align: bottom;\">bloqu\u00e9 Pour lire la suite, abonnez-vous<\/p>\n<p style=\"text-align: center;\">1er mois \u00e0 1\u20ac<\/p>\n<p style=\"text-align: center; margin-top: -5px;\">Annulable \u00e0 tout moment<\/p>\n<p style=\"text-align: center;\">\u00a0<\/p>\n<p style=\"text-align: center;\"><a data-ida=\"\" data-trkartmonet=\"Tunnel OF+\" data-trk-sipa=\"{&#010;\" blockcategory=\"\" paywall=\"\" :=\"\" m=\"\" of=\"\" class=\"su-button su-subscription\" data-trk-bloc=\"paywall\" href=\"https:\/\/abonnement.ouest-france.fr\/tunnel\/pack-essentiel-article\/122096117101?int_medium=lien&amp;int_campaign=PWFR0225-OF&amp;int_content=page-article-payant_boutonjaune-paywall&amp;marquesource=OF&amp;rt=https:\/\/www.ouest-france.fr\/sport\/coupe-du-monde\/coupe-du-monde-mohamed-ouahbi-confirme-sur-le-banc-du-maroc-21e370f8-8145-11f1-a2c0-b0e90323cd29\" rel=\"nofollow noopener\" target=\"_blank\">Je m&rsquo;abonne<\/a><\/p>\n<p style=\"text-align: center; padding-top: 10px; padding-bottom: 10px;\"><img decoding=\"async\" src=\"https:\/\/media.ouest-france.fr\/v1\/fonts\/be7723fcee3f1866f1ce99184077fc6f-carte-bancaire.svg?height=36\" alt=\"CB\"\/>\u00a0\u00a0<img decoding=\"async\" src=\"https:\/\/media.ouest-france.fr\/v1\/fonts\/1819d54c599d8afa64539cfba4ac9dde-rib.svg?height=36\" alt=\"RIB\"\/>\u00a0\u00a0<img decoding=\"async\" src=\"https:\/\/media.ouest-france.fr\/v1\/fonts\/065fc80d7b6a03d14a834c224ce723e1-paypal.svg?height=36\" alt=\"PAYPAL\"\/><\/p>\n","protected":false},"excerpt":{"rendered":"Article premium, R\u00e9serv\u00e9 aux\u00a0abonn\u00e9s Une semaine apr\u00e8s l\u2019\u00e9limination des Lions de l\u2019Atlas face l\u2019\u00e9quipe de France en quart&hellip;\n","protected":false},"author":2,"featured_media":158382,"comment_status":"","ping_status":"","sticky":false,"template":"","format":"standard","meta":{"footnotes":"","_share_on_mastodon":"0"},"categories":[83],"tags":[1012,2631,7096,86,46],"class_list":["post-158381","post","type-post","status-publish","format-standard","has-post-thumbnail","category-maroc","tag-actualite-en-continu","tag-coupe-du-monde-de-football","tag-equipe-du-maroc-de-football","tag-maroc","tag-sport"],"share_on_mastodon":{"url":"https:\/\/pubeurope.com\/@afrique\/116931464143665151","error":""},"_links":{"self":[{"href":"https:\/\/www.europesays.com\/afrique\/wp-json\/wp\/v2\/posts\/158381","targetHints":{"allow":["GET"]}}],"collection":[{"href":"https:\/\/www.europesays.com\/afrique\/wp-json\/wp\/v2\/posts"}],"about":[{"href":"https:\/\/www.europesays.com\/afrique\/wp-json\/wp\/v2\/types\/post"}],"author":[{"embeddable":true,"href":"https:\/\/www.europesays.com\/afrique\/wp-json\/wp\/v2\/users\/2"}],"replies":[{"embeddable":true,"href":"https:\/\/www.europesays.com\/afrique\/wp-json\/wp\/v2\/comments?post=158381"}],"version-history":[{"count":0,"href":"https:\/\/www.europesays.com\/afrique\/wp-json\/wp\/v2\/posts\/158381\/revisions"}],"wp:featuredmedia":[{"embeddable":true,"href":"https:\/\/www.europesays.com\/afrique\/wp-json\/wp\/v2\/media\/158382"}],"wp:attachment":[{"href":"https:\/\/www.europesays.com\/afrique\/wp-json\/wp\/v2\/media?parent=158381"}],"wp:term":[{"taxonomy":"category","embeddable":true,"href":"https:\/\/www.europesays.com\/afrique\/wp-json\/wp\/v2\/categories?post=158381"},{"taxonomy":"post_tag","embeddable":true,"href":"https:\/\/www.europesays.com\/afrique\/wp-json\/wp\/v2\/tags?post=158381"}],"curies":[{"name":"wp","href":"https:\/\/api.w.org\/{rel}","templated":true}]}}