{"id":162392,"date":"2026-07-21T18:58:57","date_gmt":"2026-07-21T18:58:57","guid":{"rendered":"https:\/\/www.europesays.com\/afrique\/162392\/"},"modified":"2026-07-21T18:58:57","modified_gmt":"2026-07-21T18:58:57","slug":"contre-toute-attente-fuite-de-nouvelles-informations-concernant-la-decision-du-tas-dans-laffaire-opposant-le-maroc-et-le-senegal","status":"publish","type":"post","link":"https:\/\/www.europesays.com\/afrique\/162392\/","title":{"rendered":"Contre toute attente&#8230; Fuite de nouvelles informations concernant la d\u00e9cision du TAS dans l&rsquo;affaire opposant le Maroc et le S\u00e9n\u00e9gal"},"content":{"rendered":"<p>Le r\u00e8glement du litige opposant le Maroc et le S\u00e9n\u00e9gal au sujet de l&rsquo;identit\u00e9 du champion de la Coupe d&rsquo;Afrique des nations 2025 ne sera pas aussi rapide que pr\u00e9vu, apr\u00e8s que des rapports de presse ont r\u00e9v\u00e9l\u00e9 une nouvelle date pour l&rsquo;audience attendue devant le Tribunal arbitral du sport (TAS) charg\u00e9 d&rsquo;examiner l&rsquo;affaire.\n<\/p>\n<p>Selon le r\u00e9seau espagnol sp\u00e9cialis\u00e9 <a href=\"https:\/\/iusport.com\/art\/146693\/el-fallo-del-tas-sobre-el-titulo-de-la-copa-de-africa-se-pospone-como-pronto-a-octubre\" target=\"_blank\" rel=\"nofollow noopener\">IUSPORT\u00a0<\/a>, citant des sources proches de l&rsquo;une des parties au litige, l&rsquo;audience entre les f\u00e9d\u00e9rations s\u00e9n\u00e9galaise et marocaine se tiendra en septembre ou en octobre prochain, au si\u00e8ge du tribunal \u00e0 Lausanne, en Suisse.\n<\/p>\n<p>Ce calendrier signifie que la d\u00e9cision d\u00e9finitive dans cette affaire ne pourra pas \u00eatre rendue avant le mois d&rsquo;octobre au plus t\u00f4t, prolongeant ainsi la controverse autour du titre de la Coupe d&rsquo;Afrique des nations 2025 pendant plusieurs semaines suppl\u00e9mentaires, dans un climat de tension persistante entre les deux parties.\n<\/p>\n<p>Des rapports de presse avaient pr\u00e9tendu plus t\u00f4t en juillet que le tribunal avait rendu une d\u00e9cision en faveur du S\u00e9n\u00e9gal, mais le TAS a d\u00e9menti avoir pris la moindre d\u00e9cision officielle.\n<\/p>\n<p>Le titre africain 2025 en suspens dans l&rsquo;attente de la d\u00e9cision du TAS<\/p>\n<p>Le public africain attend la d\u00e9cision du tribunal sportif, qui d\u00e9terminera s&rsquo;il confirmera la d\u00e9cision de la Conf\u00e9d\u00e9ration africaine de football (CAF) rendue le 17 mars dernier, ou s&rsquo;il l&rsquo;annulera d\u00e9finitivement.\n<\/p>\n<p>La commission d&rsquo;appel de la CAF avait renvers\u00e9 la d\u00e9cision de premi\u00e8re instance, apr\u00e8s avoir d\u00e9cid\u00e9 de retirer le titre de la comp\u00e9tition \u00e0 la s\u00e9lection s\u00e9n\u00e9galaise et de l&rsquo;attribuer administrativement \u00e0 la s\u00e9lection marocaine, sur fond des \u00e9v\u00e9nements qu&rsquo;a connus la finale.\n<\/p>\n<p>Cette d\u00e9cision est intervenue apr\u00e8s que les joueurs de la s\u00e9lection du S\u00e9n\u00e9gal ont temporairement quitt\u00e9 la pelouse durant la prolongation, pour protester contre l&rsquo;octroi d&rsquo;un penalty en faveur de la s\u00e9lection marocaine, avant que celui-ci ne soit tir\u00e9 et manqu\u00e9, puis que le S\u00e9n\u00e9gal ne marque un but par la suite par l&rsquo;interm\u00e9diaire de Bab Gaye.\n<\/p>\n<p>Malgr\u00e9 l&rsquo;\u00e9chec du Maroc \u00e0 transformer le penalty en but, la Conf\u00e9d\u00e9ration africaine a d\u00e9cid\u00e9 de consid\u00e9rer la s\u00e9lection marocaine comme vainqueur sur le score de 3-0 par voie administrative, en raison de l&rsquo;infraction commise par la s\u00e9lection s\u00e9n\u00e9galaise selon la d\u00e9cision de la commission d&rsquo;appel.\n<\/p>\n<p>La F\u00e9d\u00e9ration s\u00e9n\u00e9galaise de football a rejet\u00e9 cat\u00e9goriquement cette d\u00e9cision, la jugeant \u00ab injuste \u00bb et la qualifiant de \u00ab vol administratif \u00bb, avant de d\u00e9poser officiellement un recours devant le Tribunal arbitral du sport afin de r\u00e9cup\u00e9rer son droit au titre.\n<\/p>\n<p>L&rsquo;audience du TAS sera d\u00e9cisive pour d\u00e9terminer le sort de la comp\u00e9tition, les choses s&rsquo;orientant vers l&rsquo;un des deux sc\u00e9narios : soit la confirmation de la d\u00e9cision de la Conf\u00e9d\u00e9ration africaine et le maintien du Maroc comme champion de la Coupe d&rsquo;Afrique des nations 2025, soit l&rsquo;annulation de la sanction, la reconnaissance du r\u00e9sultat obtenu sur le terrain et l&rsquo;attribution du titre au S\u00e9n\u00e9gal.<\/p>\n","protected":false},"excerpt":{"rendered":"Le r\u00e8glement du litige opposant le Maroc et le S\u00e9n\u00e9gal au sujet de l&rsquo;identit\u00e9 du champion de la&hellip;\n","protected":false},"author":2,"featured_media":162393,"comment_status":"","ping_status":"","sticky":false,"template":"","format":"standard","meta":{"footnotes":"","_share_on_mastodon":"0"},"categories":[84],"tags":[450,86,451,11,11307,11308],"class_list":["post-162392","post","type-post","status-publish","format-standard","has-post-thumbnail","category-senegal","tag-africa-cup-of-nations","tag-maroc","tag-morocco","tag-senegal","tag-senegal-vs-maroc","tag-senegal-vs-morocco"],"share_on_mastodon":{"url":"https:\/\/pubeurope.com\/@afrique\/116959508125412507","error":""},"_links":{"self":[{"href":"https:\/\/www.europesays.com\/afrique\/wp-json\/wp\/v2\/posts\/162392","targetHints":{"allow":["GET"]}}],"collection":[{"href":"https:\/\/www.europesays.com\/afrique\/wp-json\/wp\/v2\/posts"}],"about":[{"href":"https:\/\/www.europesays.com\/afrique\/wp-json\/wp\/v2\/types\/post"}],"author":[{"embeddable":true,"href":"https:\/\/www.europesays.com\/afrique\/wp-json\/wp\/v2\/users\/2"}],"replies":[{"embeddable":true,"href":"https:\/\/www.europesays.com\/afrique\/wp-json\/wp\/v2\/comments?post=162392"}],"version-history":[{"count":0,"href":"https:\/\/www.europesays.com\/afrique\/wp-json\/wp\/v2\/posts\/162392\/revisions"}],"wp:featuredmedia":[{"embeddable":true,"href":"https:\/\/www.europesays.com\/afrique\/wp-json\/wp\/v2\/media\/162393"}],"wp:attachment":[{"href":"https:\/\/www.europesays.com\/afrique\/wp-json\/wp\/v2\/media?parent=162392"}],"wp:term":[{"taxonomy":"category","embeddable":true,"href":"https:\/\/www.europesays.com\/afrique\/wp-json\/wp\/v2\/categories?post=162392"},{"taxonomy":"post_tag","embeddable":true,"href":"https:\/\/www.europesays.com\/afrique\/wp-json\/wp\/v2\/tags?post=162392"}],"curies":[{"name":"wp","href":"https:\/\/api.w.org\/{rel}","templated":true}]}}