{"id":162641,"date":"2026-07-22T02:26:21","date_gmt":"2026-07-22T02:26:21","guid":{"rendered":"https:\/\/www.europesays.com\/afrique\/162641\/"},"modified":"2026-07-22T02:26:21","modified_gmt":"2026-07-22T02:26:21","slug":"litige-senegal-maroc-les-auditions-du-tas-bientot-lancees","status":"publish","type":"post","link":"https:\/\/www.europesays.com\/afrique\/162641\/","title":{"rendered":"Litige S\u00e9n\u00e9gal-Maroc : les auditions du TAS bient\u00f4t lanc\u00e9es"},"content":{"rendered":"<p>\t\t\t\t\t Selon une circulaire adress\u00e9e \u00e0 la F\u00e9d\u00e9ration s\u00e9n\u00e9galaise de football, \u00e0 la Conf\u00e9d\u00e9ration africaine de football et \u00e0 la F\u00e9d\u00e9ration royale marocaine de football, le Tribunal arbitral du sport a officialis\u00e9 la constitution du panel arbitral charg\u00e9 de statuer sur ce contentieux, opposant les Lions de la Teranga aux Lions de l&rsquo;Atlas depuis la finale disput\u00e9e le 18 janvier dernier \u00e0 Rabat. Dans cette m\u00eame communication, le TAS informe les parties concern\u00e9es du d\u00e9marrage imminent des auditions et de l&rsquo;examen des m\u00e9moires de d\u00e9fense de chacune d&rsquo;elles, en attendant les r\u00e9ponses des parties impliqu\u00e9es.<\/p>\n<p>Ce dossier trouve son origine dans la d\u00e9cision prise par la Conf\u00e9d\u00e9ration africaine de football le 17 mars 2026, ayant retir\u00e9 au S\u00e9n\u00e9gal son titre de champion d&rsquo;Afrique 2025 pour l&rsquo;attribuer au Maroc sur un score administratif de trois buts \u00e0 z\u00e9ro, en application de l&rsquo;article 84 du r\u00e8glement de la CAN, \u00e0 la suite du bref retrait des Lions de la Teranga observ\u00e9 lors des arr\u00eats de jeu de la finale. Contestant fermement cette d\u00e9cision, <a class=\"underline underline underline-offset-2 decoration-1 decoration-current\/40 hover:decoration-current focus:decoration-current\" href=\"https:\/\/www.ndarinfo.com\/Proces-CAN-2025-Le-TAS-confirme-avoir-recu-l-appel-du-Senegal-contre-la-CAF-et-le-Maroc_a43618.html\" rel=\"nofollow noopener\" target=\"_blank\">la F\u00e9d\u00e9ration s\u00e9n\u00e9galaise de football avait officiellement saisi le Tribunal arbitral du sport le 25 mars 2026, r\u00e9clamant l&rsquo;annulation de la sentence de la CAF et la reconnaissance du S\u00e9n\u00e9gal comme v\u00e9ritable vainqueur du troph\u00e9e<\/a>.&#13;<br \/>\n&#13;\n<\/p>\n<p>La proc\u00e9dure a depuis suivi son cours, marqu\u00e9e par plusieurs \u00e9ch\u00e9ances proc\u00e9durales respect\u00e9es par les deux parties, notamment <a class=\"underline underline underline-offset-2 decoration-1 decoration-current\/40 hover:decoration-current focus:decoration-current\" href=\"https:\/\/www.ndarinfo.com\/Litige-CAN-2026-Le-Maroc-abat-sa-derniere-carte-devant-le-TAS-ce-jeudi_a44544.html\" rel=\"nofollow noopener\" target=\"_blank\">le d\u00e9p\u00f4t, d\u00e9but mai, du m\u00e9moire en d\u00e9fense de la F\u00e9d\u00e9ration royale marocaine de football en r\u00e9ponse au recours introduit par le S\u00e9n\u00e9gal<\/a>. Ce dossier avait par ailleurs \u00e9t\u00e9 au c\u0153ur d&rsquo;une intense agitation ces derniers jours, plusieurs faux documents pr\u00e9sent\u00e9s comme une sentence favorable au S\u00e9n\u00e9gal ayant largement circul\u00e9 sur les r\u00e9seaux sociaux avant d&rsquo;\u00eatre formellement d\u00e9mentis, tant par la F\u00e9d\u00e9ration royale marocaine de football que par le TAS lui-m\u00eame, qui avait tenu \u00e0 pr\u00e9ciser qu&rsquo;aucune d\u00e9cision d\u00e9finitive n&rsquo;avait encore \u00e9t\u00e9 rendue dans cette affaire.&#13;<br \/>\n&#13;\n<\/p>\n<p>La constitution officielle de la commission arbitrale marque ainsi une \u00e9tape proc\u00e9durale importante, plus de quatre mois apr\u00e8s l&rsquo;enregistrement du recours s\u00e9n\u00e9galais. Esp\u00e9rons que la f\u00e9d\u00e9ration marocaine ne demandera pas encore plus de temps, comme elle l&rsquo;a fait avec la demande de proc\u00e9dure acc\u00e9l\u00e9r\u00e9e. Aucun calendrier pr\u00e9cis n&rsquo;a pour l&rsquo;heure \u00e9t\u00e9 communiqu\u00e9 quant \u00e0 la date des premi\u00e8res auditions ni quant \u00e0 l&rsquo;\u00e9ch\u00e9ance attendue pour une sentence d\u00e9finitive dans ce dossier.&#13;<br \/>\n&#13;<\/p>\n","protected":false},"excerpt":{"rendered":"Selon une circulaire adress\u00e9e \u00e0 la F\u00e9d\u00e9ration s\u00e9n\u00e9galaise de football, \u00e0 la Conf\u00e9d\u00e9ration africaine de football et \u00e0&hellip;\n","protected":false},"author":2,"featured_media":162642,"comment_status":"","ping_status":"","sticky":false,"template":"","format":"standard","meta":{"footnotes":"","_share_on_mastodon":"0"},"categories":[84],"tags":[446,1176,50890,10485,7463,1609,11],"class_list":["post-162641","post","type-post","status-publish","format-standard","has-post-thumbnail","category-senegal","tag-caf","tag-can-2025","tag-cas-2026-a-12295","tag-federation-royale-marocaine-de-football","tag-federation-senegalaise-de-football","tag-lions-de-l","tag-senegal"],"share_on_mastodon":{"url":"https:\/\/pubeurope.com\/@afrique\/116961265830942410","error":""},"_links":{"self":[{"href":"https:\/\/www.europesays.com\/afrique\/wp-json\/wp\/v2\/posts\/162641","targetHints":{"allow":["GET"]}}],"collection":[{"href":"https:\/\/www.europesays.com\/afrique\/wp-json\/wp\/v2\/posts"}],"about":[{"href":"https:\/\/www.europesays.com\/afrique\/wp-json\/wp\/v2\/types\/post"}],"author":[{"embeddable":true,"href":"https:\/\/www.europesays.com\/afrique\/wp-json\/wp\/v2\/users\/2"}],"replies":[{"embeddable":true,"href":"https:\/\/www.europesays.com\/afrique\/wp-json\/wp\/v2\/comments?post=162641"}],"version-history":[{"count":0,"href":"https:\/\/www.europesays.com\/afrique\/wp-json\/wp\/v2\/posts\/162641\/revisions"}],"wp:featuredmedia":[{"embeddable":true,"href":"https:\/\/www.europesays.com\/afrique\/wp-json\/wp\/v2\/media\/162642"}],"wp:attachment":[{"href":"https:\/\/www.europesays.com\/afrique\/wp-json\/wp\/v2\/media?parent=162641"}],"wp:term":[{"taxonomy":"category","embeddable":true,"href":"https:\/\/www.europesays.com\/afrique\/wp-json\/wp\/v2\/categories?post=162641"},{"taxonomy":"post_tag","embeddable":true,"href":"https:\/\/www.europesays.com\/afrique\/wp-json\/wp\/v2\/tags?post=162641"}],"curies":[{"name":"wp","href":"https:\/\/api.w.org\/{rel}","templated":true}]}}