{"id":163024,"date":"2026-07-22T13:24:12","date_gmt":"2026-07-22T13:24:12","guid":{"rendered":"https:\/\/www.europesays.com\/afrique\/163024\/"},"modified":"2026-07-22T13:24:12","modified_gmt":"2026-07-22T13:24:12","slug":"nouvelle-declaration-de-motsepe-au-sujet-du-differend-entre-le-maroc-et-le-senegal","status":"publish","type":"post","link":"https:\/\/www.europesays.com\/afrique\/163024\/","title":{"rendered":"Nouvelle d\u00e9claration de Motsepe au sujet du diff\u00e9rend entre le Maroc et le S\u00e9n\u00e9gal"},"content":{"rendered":"<p>Le pr\u00e9sident de la Conf\u00e9d\u00e9ration africaine de football, Patrice Motsepe, a d\u00e9voil\u00e9 la position de la CAF concernant la d\u00e9cision attendue au sujet de la crise du titre de la Coupe d&rsquo;Afrique des nations 2025, insistant sur le fait que le dossier est d\u00e9sormais enti\u00e8rement entre les mains du Tribunal arbitral du sport (TAS).<\/p>\n<p>Lors d&rsquo;une conf\u00e9rence de presse tenue ce mercredi \u00e0 Johannesburg, Motsepe a d\u00e9clar\u00e9 que la CAF attendait la d\u00e9cision finale du Tribunal arbitral du sport (TAS) quant \u00e0 l&rsquo;identit\u00e9 du vainqueur de la Coupe d&rsquo;Afrique des nations, affirmant que la Conf\u00e9d\u00e9ration ne pouvait prendre aucune mesure avant le prononc\u00e9 du verdict.<\/p>\n<p>Il a ajout\u00e9 : \u00ab Nous attendons la d\u00e9cision finale du TAS concernant le vainqueur du titre de la Coupe d&rsquo;Afrique des nations. Nous n&rsquo;avons rien \u00e0 faire de notre c\u00f4t\u00e9, nous attendons les d\u00e9cisions et nous les appliquerons \u00e0 tous. \u00bb<\/p>\n<p>\u00c0 lire aussi : Non content de l&rsquo;avoir embarrass\u00e9 au Mondial&#8230; Mbapp\u00e9 ouvre un nouveau front avec Messi<\/p>\n<p>\u00c0 lire aussi : Apr\u00e8s l&#8217;embrasement des th\u00e9ories du complot&#8230; le p\u00e8re de la star argentine explique le message \u00e9nigmatique de Messi<\/p>\n<p>Les milieux du football africain attendent avec impatience le verdict final du TAS, qui tranchera le litige autour du titre de la Coupe d&rsquo;Afrique des nations 2025, apr\u00e8s que la commission d&rsquo;appel de la Conf\u00e9d\u00e9ration africaine a annul\u00e9 la d\u00e9cision de premi\u00e8re instance et attribu\u00e9 le titre au Maroc sur un score de forfait (3-0) aux d\u00e9pens du S\u00e9n\u00e9gal en mars dernier.<\/p>\n<p>Cette d\u00e9cision est intervenue en raison du retrait temporaire des joueurs des Lions de la Teranga de la pelouse durant la prolongation de la finale, en signe de protestation contre l&rsquo;octroi d&rsquo;un penalty au Maroc.<\/p>\n<p>La F\u00e9d\u00e9ration s\u00e9n\u00e9galaise a par la suite rejet\u00e9 cette d\u00e9cision, la jugeant injuste, avant de la contester devant le TAS.<\/p>\n<p>\u00c0 lire aussi : Di Mar\u00eda ou Messi&#8230; qui est le v\u00e9ritable h\u00e9ros de la gloire de l&rsquo;Argentine ?<\/p>\n","protected":false},"excerpt":{"rendered":"Le pr\u00e9sident de la Conf\u00e9d\u00e9ration africaine de football, Patrice Motsepe, a d\u00e9voil\u00e9 la position de la CAF concernant&hellip;\n","protected":false},"author":2,"featured_media":162393,"comment_status":"","ping_status":"","sticky":false,"template":"","format":"standard","meta":{"footnotes":"","_share_on_mastodon":"0"},"categories":[84],"tags":[450,86,451,11,11307,11308],"class_list":["post-163024","post","type-post","status-publish","format-standard","has-post-thumbnail","category-senegal","tag-africa-cup-of-nations","tag-maroc","tag-morocco","tag-senegal","tag-senegal-vs-maroc","tag-senegal-vs-morocco"],"share_on_mastodon":{"url":"https:\/\/pubeurope.com\/@afrique\/116963853530017019","error":""},"_links":{"self":[{"href":"https:\/\/www.europesays.com\/afrique\/wp-json\/wp\/v2\/posts\/163024","targetHints":{"allow":["GET"]}}],"collection":[{"href":"https:\/\/www.europesays.com\/afrique\/wp-json\/wp\/v2\/posts"}],"about":[{"href":"https:\/\/www.europesays.com\/afrique\/wp-json\/wp\/v2\/types\/post"}],"author":[{"embeddable":true,"href":"https:\/\/www.europesays.com\/afrique\/wp-json\/wp\/v2\/users\/2"}],"replies":[{"embeddable":true,"href":"https:\/\/www.europesays.com\/afrique\/wp-json\/wp\/v2\/comments?post=163024"}],"version-history":[{"count":0,"href":"https:\/\/www.europesays.com\/afrique\/wp-json\/wp\/v2\/posts\/163024\/revisions"}],"wp:featuredmedia":[{"embeddable":true,"href":"https:\/\/www.europesays.com\/afrique\/wp-json\/wp\/v2\/media\/162393"}],"wp:attachment":[{"href":"https:\/\/www.europesays.com\/afrique\/wp-json\/wp\/v2\/media?parent=163024"}],"wp:term":[{"taxonomy":"category","embeddable":true,"href":"https:\/\/www.europesays.com\/afrique\/wp-json\/wp\/v2\/categories?post=163024"},{"taxonomy":"post_tag","embeddable":true,"href":"https:\/\/www.europesays.com\/afrique\/wp-json\/wp\/v2\/tags?post=163024"}],"curies":[{"name":"wp","href":"https:\/\/api.w.org\/{rel}","templated":true}]}}