{"id":164994,"date":"2026-07-24T18:48:16","date_gmt":"2026-07-24T18:48:16","guid":{"rendered":"https:\/\/www.europesays.com\/afrique\/164994\/"},"modified":"2026-07-24T18:48:16","modified_gmt":"2026-07-24T18:48:16","slug":"can-2025-le-tas-va-examiner-la-demande-de-la-federation-senegalaise-debut-octobre","status":"publish","type":"post","link":"https:\/\/www.europesays.com\/afrique\/164994\/","title":{"rendered":"CAN 2025 : le TAS va examiner la demande de la F\u00e9d\u00e9ration s\u00e9n\u00e9galaise d\u00e9but octobre"},"content":{"rendered":"<p class=\"dm_article-chapeau\">Neuf mois apr\u00e8s la finale de la Coupe d\u2019Afrique des nations, le vainqueur n\u2019est toujours pas officiellement connu. Le Tribunal arbitral du sport (TAS) va examiner l\u2019appel d\u00e9pos\u00e9 par la F\u00e9d\u00e9ration s\u00e9n\u00e9galaise en octobre prochain.<\/p>\n<p>Plusieurs mois apr\u00e8s la finale de la <a href=\"https:\/\/www.cnews.fr\/rechercher\/Coupe%20d%E2%80%99Afrique%20des%20nations\" rel=\"nofollow noopener\" target=\"_blank\">Coupe d\u2019Afrique des nations<\/a> (CAN) entre le Maroc et le S\u00e9n\u00e9gal, nul ne sait qui a remport\u00e9 le troph\u00e9e. Au terme d\u2019un match rempli de rebondissements, la d\u00e9cision du TAS va \u00eatre donn\u00e9e \u00e0 l&rsquo;automne.<\/p>\n<p>Pour rappel, une partie de l\u2019\u00e9quipe s\u00e9n\u00e9galaise avait d\u00e9cid\u00e9 de quitter le terrain pour protester contre une potentielle erreur d\u2019arbitrage. Les joueurs avaient menac\u00e9 de ne pas reprendre le match, mais gr\u00e2ce \u00e0 leur capitaine <a href=\"https:\/\/www.cnews.fr\/rechercher\/Sadio%20Man%C3%A9\" rel=\"nofollow noopener\" target=\"_blank\">Sadio Man\u00e9<\/a>, ils sont revenus plus motiv\u00e9s que jamais sur la pelouse. Finalement, le S\u00e9n\u00e9gal s\u2019\u00e9tait impos\u00e9 en prolongations gr\u00e2ce \u00e0 Pape Gueye, pensant remporter la coupe.<\/p>\n<p>Cependant, plusieurs semaines plus tard, la Conf\u00e9d\u00e9ration africaine de football (CAF) est revenue sur le match et a d\u00e9cid\u00e9 d\u2019attribuer la victoire au Maroc car les Lions de la Teranga n\u2019auraient pas respect\u00e9 les r\u00e8gles.<\/p>\n<p>Un recours de la f\u00e9d\u00e9ration de football s\u00e9n\u00e9galaise avait \u00e9t\u00e9 d\u00e9pos\u00e9 devant le TAS qui va \u00eatre examin\u00e9 le 8 octobre prochain.<\/p>\n<p>Si cela n\u2019a pas pu se faire plus t\u00f4t, c\u2019est en raison du fait qu\u2019aucun accord n\u2019avait \u00e9t\u00e9 trouv\u00e9 entre les deux f\u00e9d\u00e9rations. \u00abLes parties ne se sont pas mises d\u2019accord pour mettre en \u0153uvre une proc\u00e9dure acc\u00e9l\u00e9r\u00e9e, la proc\u00e9dure suit donc le calendrier habituel pr\u00e9vu par les r\u00e8gles du <a href=\"https:\/\/www.cnews.fr\/rechercher\/Tribunal%20arbitral%20du%20sport\" rel=\"nofollow noopener\" target=\"_blank\">TAS<\/a>. La date de l\u2019audience a \u00e9t\u00e9 fix\u00e9e apr\u00e8s consultation des parties, qui n\u2019ont pas demand\u00e9 que l\u2019audience soit publique. Cela signifie qu\u2019elle se tiendra \u00e0 huis clos\u00bb, explique le TAS <a href=\"https:\/\/www.tas-cas.org\/generated\/assets\/lists\/dceab111-07bc-435f-b5f9-de88eff9db72\/Communication%20du%20TAS%20aux%20m%C3%A9dias_12995_audience%20et%20calendrier%20de%20proc%C3%A9dure.pdf\" rel=\"nofollow noopener\" target=\"_blank\">dans un communiqu\u00e9<\/a>.<\/p>\n<p>Officiellement, le gagnant de la comp\u00e9tition ne sera pas connu d\u00e8s le 8 octobre. Cependant, les d\u00e9lib\u00e9rations commenceront apr\u00e8s que le TAS aura \u00e9cout\u00e9 les arguments de chaque partie.<\/p>\n<p>Une histoire d\u2019article<\/p>\n<p>La brouille trouve son origine au 17 mars dernier lorsque la CAF avait retir\u00e9 le titre de champion d\u2019Afrique au S\u00e9n\u00e9gal pour le donner au Maroc, vainqueur sur tapis vert (3-0).\u00a0<\/p>\n<p>Le jury auteur de cette d\u00e9cision avait consid\u00e9r\u00e9 que le S\u00e9n\u00e9gal avait enfreint l\u2019article 82 du r\u00e8glement de la CAN qui consiste \u00e0 dire que \u00ab si une \u00e9quipe quitte le terrain avant la fin r\u00e9glementaire du match sans l\u2019autorisation de l\u2019arbitre, elle sera consid\u00e9r\u00e9e comme perdante et sera d\u00e9finitivement \u00e9limin\u00e9e de la comp\u00e9tition en cours\u00bb.<\/p>\n<p>Ce mercredi, le pr\u00e9sident de la CAF, Patrice Motsepe, a d\u00e9clar\u00e9 en conf\u00e9rence de presse qu\u2019il \u00abse plierait \u00e0 la d\u00e9cision DU TAS. Pour ce qui est de la finale de la Coupe d\u2019Afrique des nations 2025, nous attendons le verdict du Tribunal arbitral du sport. Les choses ne sont pas entre nos mains. Nous attendons les d\u00e9cisions et nous les appliquerons.\u00bb<\/p>\n","protected":false},"excerpt":{"rendered":"Neuf mois apr\u00e8s la finale de la Coupe d\u2019Afrique des nations, le vainqueur n\u2019est toujours pas officiellement connu.&hellip;\n","protected":false},"author":2,"featured_media":164995,"comment_status":"","ping_status":"","sticky":false,"template":"","format":"standard","meta":{"footnotes":"","_share_on_mastodon":"0"},"categories":[84],"tags":[1176,86,11,3366,11813],"class_list":["post-164994","post","type-post","status-publish","format-standard","has-post-thumbnail","category-senegal","tag-can-2025","tag-maroc","tag-senegal","tag-su00e9nu00e9gal","tag-tas"],"share_on_mastodon":{"url":"https:\/\/pubeurope.com\/@afrique\/116976452083420906","error":""},"_links":{"self":[{"href":"https:\/\/www.europesays.com\/afrique\/wp-json\/wp\/v2\/posts\/164994","targetHints":{"allow":["GET"]}}],"collection":[{"href":"https:\/\/www.europesays.com\/afrique\/wp-json\/wp\/v2\/posts"}],"about":[{"href":"https:\/\/www.europesays.com\/afrique\/wp-json\/wp\/v2\/types\/post"}],"author":[{"embeddable":true,"href":"https:\/\/www.europesays.com\/afrique\/wp-json\/wp\/v2\/users\/2"}],"replies":[{"embeddable":true,"href":"https:\/\/www.europesays.com\/afrique\/wp-json\/wp\/v2\/comments?post=164994"}],"version-history":[{"count":0,"href":"https:\/\/www.europesays.com\/afrique\/wp-json\/wp\/v2\/posts\/164994\/revisions"}],"wp:featuredmedia":[{"embeddable":true,"href":"https:\/\/www.europesays.com\/afrique\/wp-json\/wp\/v2\/media\/164995"}],"wp:attachment":[{"href":"https:\/\/www.europesays.com\/afrique\/wp-json\/wp\/v2\/media?parent=164994"}],"wp:term":[{"taxonomy":"category","embeddable":true,"href":"https:\/\/www.europesays.com\/afrique\/wp-json\/wp\/v2\/categories?post=164994"},{"taxonomy":"post_tag","embeddable":true,"href":"https:\/\/www.europesays.com\/afrique\/wp-json\/wp\/v2\/tags?post=164994"}],"curies":[{"name":"wp","href":"https:\/\/api.w.org\/{rel}","templated":true}]}}