{"id":165334,"date":"2026-07-25T07:10:38","date_gmt":"2026-07-25T07:10:38","guid":{"rendered":"https:\/\/www.europesays.com\/afrique\/165334\/"},"modified":"2026-07-25T07:10:38","modified_gmt":"2026-07-25T07:10:38","slug":"nouveau-rebondissement-communique-officiel-du-tas-concernant-laffaire-maroc-senegal-2","status":"publish","type":"post","link":"https:\/\/www.europesays.com\/afrique\/165334\/","title":{"rendered":"Nouveau rebondissement : communiqu\u00e9 officiel du TAS concernant l&rsquo;affaire Maroc-S\u00e9n\u00e9gal"},"content":{"rendered":"<p>Le Tribunal arbitral du sport (TAS) a annonc\u00e9 la date de l&rsquo;audience relative au litige concernant la finale de la Coupe d&rsquo;Afrique des nations 2025, afin de trancher l&rsquo;identit\u00e9 du champion entre le Maroc et le S\u00e9n\u00e9gal.<\/p>\n<p>Le tribunal a confirm\u00e9, dans un <a href=\"https:\/\/www.tas-cas.org\/generated\/assets\/lists\/dceab111-07bc-435f-b5f9-de88eff9db72\/CAS%20Media%20Release_12295_hearing%20and%20procedural%20update.pdf\" target=\"_blank\" rel=\"nofollow noopener\">communiqu\u00e9 officiel<\/a> publi\u00e9 ce vendredi, que l&rsquo;audience d&rsquo;examen du dossier se tiendra le 8 octobre prochain, \u00e0 son si\u00e8ge dans la ville suisse de Lausanne, apr\u00e8s l&rsquo;enregistrement de l&rsquo;appel d\u00e9pos\u00e9 par la F\u00e9d\u00e9ration s\u00e9n\u00e9galaise le 25 mars dernier.<\/p>\n<p>L&rsquo;annonce du TAS ce jour est venue confirmer les informations de presse qui avaient pr\u00e9c\u00e9demment indiqu\u00e9 que l&rsquo;audience de l&rsquo;affaire aurait lieu en septembre ou en octobre prochains, apr\u00e8s que des rumeurs se sont propag\u00e9es sur les r\u00e9seaux sociaux affirmant que le tribunal s&rsquo;appr\u00eatait \u00e0 rendre son verdict au cours du mois de juillet en cours.<\/p>\n<p>La F\u00e9d\u00e9ration s\u00e9n\u00e9galaise de football r\u00e9clame l&rsquo;annulation de la d\u00e9cision rendue par la Conf\u00e9d\u00e9ration africaine de football (CAF) consid\u00e9rant la s\u00e9lection du S\u00e9n\u00e9gal comme forfait de la finale de la Coupe d&rsquo;Afrique des nations 2025, ainsi que l&rsquo;ent\u00e9rinement de la victoire de la s\u00e9lection marocaine sur le score de 3-0 et son sacre.<\/p>\n<p>La F\u00e9d\u00e9ration s\u00e9n\u00e9galaise demande \u00e9galement, dans la plainte qu&rsquo;elle a d\u00e9pos\u00e9e aupr\u00e8s du Tribunal arbitral du sport, \u00e0 \u00eatre reconnue championne de la Coupe d&rsquo;Afrique des nations 2025.<\/p>\n<p>Une audience \u00e0 huis clos et une d\u00e9cision ult\u00e9rieure<\/p>\n<p>Le Tribunal arbitral du sport a pr\u00e9cis\u00e9, dans son communiqu\u00e9, que les parties concern\u00e9es ne se sont pas mises d&rsquo;accord pour acc\u00e9l\u00e9rer la proc\u00e9dure de l&rsquo;affaire, laquelle suivra donc le calendrier habituel, conform\u00e9ment aux r\u00e8gles proc\u00e9durales du tribunal.<\/p>\n<p>Le communiqu\u00e9 a ajout\u00e9 que la date de l&rsquo;audience a \u00e9t\u00e9 fix\u00e9e apr\u00e8s consultation de toutes les parties, qui n&rsquo;ont pas non plus demand\u00e9 que l&rsquo;audience soit publique, ce qui signifie qu&rsquo;elle se tiendra \u00e0 huis clos.<\/p>\n<p>Une fois l&rsquo;audience achev\u00e9e, la formation arbitrale entamera ses d\u00e9lib\u00e9rations, la d\u00e9cision finale devant \u00eatre rendue ult\u00e9rieurement. Le tribunal a en effet affirm\u00e9 qu&rsquo;il ne pouvait pas, \u00e0 l&rsquo;heure actuelle, d\u00e9terminer la date de l&rsquo;annonce du verdict, insistant sur le fait que la d\u00e9cision ne serait pas rendue le jour de la tenue de l&rsquo;audience.<\/p>\n<p>Le TAS met en garde contre les informations non officielles<\/p>\n<p>Le Tribunal arbitral du sport a mis en garde contre la circulation d&rsquo;informations inexactes sur Internet au sujet de l&rsquo;affaire, affirmant que seuls les communiqu\u00e9s diffus\u00e9s par ses canaux officiels font foi.<\/p>\n<p>Le tribunal a indiqu\u00e9 qu&rsquo;il publierait toute annonce relative \u00e0 ce dossier sur son site officiel, invitant les m\u00e9dias accr\u00e9dit\u00e9s \u00e0 adresser leurs demandes au bureau de presse du tribunal.<\/p>\n<p>Le TAS avait publi\u00e9 un communiqu\u00e9 plus t\u00f4t dans le mois de juillet en cours, dans lequel il avait d\u00e9menti l&rsquo;annonce d&rsquo;un verdict en faveur du S\u00e9n\u00e9gal, apr\u00e8s les rumeurs qui s&rsquo;\u00e9taient propag\u00e9es sur des plateformes suivies par le grand public \u00e0 ce moment-l\u00e0.<\/p>\n<p>L&rsquo;Afrique attend la d\u00e9cision finale<\/p>\n<p>Le public africain attend la d\u00e9cision du tribunal sportif, qui d\u00e9terminera s&rsquo;il confirmera la d\u00e9cision de la CAF rendue le 17 mars dernier, ou s&rsquo;il l&rsquo;annulera d\u00e9finitivement.<\/p>\n<p>La commission d&rsquo;appel de la CAF avait renvers\u00e9 la d\u00e9cision de premi\u00e8re instance, apr\u00e8s avoir d\u00e9cid\u00e9 de retirer le titre de la comp\u00e9tition \u00e0 la s\u00e9lection s\u00e9n\u00e9galaise et de l&rsquo;attribuer administrativement \u00e0 la s\u00e9lection marocaine, sur fond des \u00e9v\u00e9nements survenus lors de la finale.<\/p>\n<p>La d\u00e9cision est intervenue apr\u00e8s que les joueurs de la s\u00e9lection du S\u00e9n\u00e9gal ont temporairement quitt\u00e9 la pelouse durant la prolongation, en signe de protestation contre l&rsquo;octroi d&rsquo;un penalty en faveur de la s\u00e9lection marocaine, avant que celui-ci ne soit tir\u00e9 et manqu\u00e9, puis que le S\u00e9n\u00e9gal marque par la suite un but par l&rsquo;interm\u00e9diaire de Bab Gaye.<\/p>\n<p>Malgr\u00e9 l&rsquo;\u00e9chec du Maroc \u00e0 transformer le penalty en but, la Conf\u00e9d\u00e9ration africaine a d\u00e9cid\u00e9 de consid\u00e9rer la s\u00e9lection marocaine comme vainqueur sur le score de 3-0 administrativement, en raison de l&rsquo;infraction commise par la s\u00e9lection s\u00e9n\u00e9galaise selon la d\u00e9cision de la commission d&rsquo;appel.<\/p>\n<p>La F\u00e9d\u00e9ration s\u00e9n\u00e9galaise de football a cat\u00e9goriquement rejet\u00e9 la d\u00e9cision, la jugeant \u00ab injuste \u00bb et la qualifiant de \u00ab vol administratif \u00bb, avant de d\u00e9poser officiellement un recours devant le Tribunal arbitral du sport afin de r\u00e9cup\u00e9rer son droit au titre.<\/p>\n<p>L&rsquo;audience du TAS sera d\u00e9cisive dans la d\u00e9termination du sort de la comp\u00e9tition, les choses s&rsquo;orientant vers l&rsquo;un des deux sc\u00e9narios : soit la confirmation de la d\u00e9cision de la Conf\u00e9d\u00e9ration africaine et le maintien du Maroc comme champion de la Coupe d&rsquo;Afrique des nations 2025, soit l&rsquo;annulation de la sanction, la reconnaissance \u00e0 nouveau du r\u00e9sultat du terrain et l&rsquo;attribution du titre au S\u00e9n\u00e9gal.<\/p>\n","protected":false},"excerpt":{"rendered":"Le Tribunal arbitral du sport (TAS) a annonc\u00e9 la date de l&rsquo;audience relative au litige concernant la finale&hellip;\n","protected":false},"author":2,"featured_media":164812,"comment_status":"","ping_status":"","sticky":false,"template":"","format":"standard","meta":{"footnotes":"","_share_on_mastodon":"0"},"categories":[84],"tags":[450,86,451,11,11307,11308],"class_list":["post-165334","post","type-post","status-publish","format-standard","has-post-thumbnail","category-senegal","tag-africa-cup-of-nations","tag-maroc","tag-morocco","tag-senegal","tag-senegal-vs-maroc","tag-senegal-vs-morocco"],"share_on_mastodon":{"url":"https:\/\/pubeurope.com\/@afrique\/116979369488100945","error":""},"_links":{"self":[{"href":"https:\/\/www.europesays.com\/afrique\/wp-json\/wp\/v2\/posts\/165334","targetHints":{"allow":["GET"]}}],"collection":[{"href":"https:\/\/www.europesays.com\/afrique\/wp-json\/wp\/v2\/posts"}],"about":[{"href":"https:\/\/www.europesays.com\/afrique\/wp-json\/wp\/v2\/types\/post"}],"author":[{"embeddable":true,"href":"https:\/\/www.europesays.com\/afrique\/wp-json\/wp\/v2\/users\/2"}],"replies":[{"embeddable":true,"href":"https:\/\/www.europesays.com\/afrique\/wp-json\/wp\/v2\/comments?post=165334"}],"version-history":[{"count":0,"href":"https:\/\/www.europesays.com\/afrique\/wp-json\/wp\/v2\/posts\/165334\/revisions"}],"wp:featuredmedia":[{"embeddable":true,"href":"https:\/\/www.europesays.com\/afrique\/wp-json\/wp\/v2\/media\/164812"}],"wp:attachment":[{"href":"https:\/\/www.europesays.com\/afrique\/wp-json\/wp\/v2\/media?parent=165334"}],"wp:term":[{"taxonomy":"category","embeddable":true,"href":"https:\/\/www.europesays.com\/afrique\/wp-json\/wp\/v2\/categories?post=165334"},{"taxonomy":"post_tag","embeddable":true,"href":"https:\/\/www.europesays.com\/afrique\/wp-json\/wp\/v2\/tags?post=165334"}],"curies":[{"name":"wp","href":"https:\/\/api.w.org\/{rel}","templated":true}]}}