{"id":165375,"date":"2026-07-25T08:41:43","date_gmt":"2026-07-25T08:41:43","guid":{"rendered":"https:\/\/www.europesays.com\/afrique\/165375\/"},"modified":"2026-07-25T08:41:43","modified_gmt":"2026-07-25T08:41:43","slug":"can-2025-le-vainqueur-entre-le-maroc-et-le-senegal-annonce-le-8-octobre","status":"publish","type":"post","link":"https:\/\/www.europesays.com\/afrique\/165375\/","title":{"rendered":"CAN 2025 : Le vainqueur entre le Maroc et le S\u00e9n\u00e9gal annonc\u00e9 le 8 octobre"},"content":{"rendered":"<p>Quasiment un an apr\u00e8s les faits, le TAS va \u00e9tudier la r\u00e9clamation du S\u00e9n\u00e9gal pour r\u00e9cup\u00e9rer son titre gagn\u00e9 sur le terrain face au Maroc, lors de la CAN 2025.\u00a0<\/p>\n<p>Vainqueur sur le terrain, le S\u00e9n\u00e9gal a \u00e9t\u00e9 d\u00e9chu de son titre de champion d\u2019Afrique quelques mois plus tard dans une d\u00e9cision tr\u00e8s controvers\u00e9e de la Conf\u00e9d\u00e9ration Africaine de Football. Les Lions de la Teranga, m\u00e9contents apr\u00e8s deux d\u00e9cisions contraires de l\u2019arbitre, avaient d\u00e9cid\u00e9 de quitter le terrain pendant quelques minutes en guise de protestation. Les choses \u00e9taient rentr\u00e9es dans l\u2019ordre, le Maroc avait m\u00eame fini par s\u2019incliner dans une folle prolongation.\u00a0<\/p>\n<p>Mais la CAF a jug\u00e9 que, en quittant le terrain, le S\u00e9n\u00e9gal s\u2019\u00e9tait mis en faute et perdait donc le match par p\u00e9nalit\u00e9, alors que l\u2019arbitre, qui \u00e9tait autoris\u00e9 \u00e0 prendre cette d\u00e9cision, avait d\u00e9cid\u00e9 d&rsquo;attendre le retour au calme et de faire reprendre le jeu.\u00a0<\/p>\n<p>Le S\u00e9n\u00e9gal, qui a fait appel de cette d\u00e9cision devant le Tribunal Arbitral du Sport, va \u00eatre entendu le 8 octobre prochain, annonce le journaliste Ben Jacobs. Cette proc\u00e9dure n\u2019\u00e9tant pas jug\u00e9e comme urgente, et les deux parties n\u2019ayant pas trouv\u00e9 d\u2019accord \u00e0 l\u2019amiable, cela explique le d\u00e9lai assez long pour savoir qui a \u00e9t\u00e9 sacr\u00e9 champion d\u2019Afrique. L\u2019audience aura lieu \u00e0 huis clos, et le jugement pourrait ensuite intervenir assez rapidement apr\u00e8s, en fonction de la teneur des d\u00e9bats et de l\u2019application des r\u00e8glements.\u00a0<\/p>\n<p>Peu importe la d\u00e9lib\u00e9ration du TAS, cela provoquera de nouveaux d\u00e9bats interminables. La FIFA a fait changer son r\u00e8glement suite \u00e0 ces \u00e9v\u00e8nements au Maroc, annon\u00e7ant qu\u2019il y avait d\u00e9sormais match perdu pour l\u2019\u00e9quipe qui d\u00e9cidait de quitter le terrain avec effet imm\u00e9diat.\u00a0<\/p>\n","protected":false},"excerpt":{"rendered":"Quasiment un an apr\u00e8s les faits, le TAS va \u00e9tudier la r\u00e9clamation du S\u00e9n\u00e9gal pour r\u00e9cup\u00e9rer son titre&hellip;\n","protected":false},"author":2,"featured_media":165376,"comment_status":"","ping_status":"","sticky":false,"template":"","format":"standard","meta":{"footnotes":"","_share_on_mastodon":"0"},"categories":[84],"tags":[1176,11],"class_list":["post-165375","post","type-post","status-publish","format-standard","has-post-thumbnail","category-senegal","tag-can-2025","tag-senegal"],"share_on_mastodon":{"url":"https:\/\/pubeurope.com\/@afrique\/116979727370622630","error":""},"_links":{"self":[{"href":"https:\/\/www.europesays.com\/afrique\/wp-json\/wp\/v2\/posts\/165375","targetHints":{"allow":["GET"]}}],"collection":[{"href":"https:\/\/www.europesays.com\/afrique\/wp-json\/wp\/v2\/posts"}],"about":[{"href":"https:\/\/www.europesays.com\/afrique\/wp-json\/wp\/v2\/types\/post"}],"author":[{"embeddable":true,"href":"https:\/\/www.europesays.com\/afrique\/wp-json\/wp\/v2\/users\/2"}],"replies":[{"embeddable":true,"href":"https:\/\/www.europesays.com\/afrique\/wp-json\/wp\/v2\/comments?post=165375"}],"version-history":[{"count":0,"href":"https:\/\/www.europesays.com\/afrique\/wp-json\/wp\/v2\/posts\/165375\/revisions"}],"wp:featuredmedia":[{"embeddable":true,"href":"https:\/\/www.europesays.com\/afrique\/wp-json\/wp\/v2\/media\/165376"}],"wp:attachment":[{"href":"https:\/\/www.europesays.com\/afrique\/wp-json\/wp\/v2\/media?parent=165375"}],"wp:term":[{"taxonomy":"category","embeddable":true,"href":"https:\/\/www.europesays.com\/afrique\/wp-json\/wp\/v2\/categories?post=165375"},{"taxonomy":"post_tag","embeddable":true,"href":"https:\/\/www.europesays.com\/afrique\/wp-json\/wp\/v2\/tags?post=165375"}],"curies":[{"name":"wp","href":"https:\/\/api.w.org\/{rel}","templated":true}]}}