{"id":166023,"date":"2026-07-26T07:38:29","date_gmt":"2026-07-26T07:38:29","guid":{"rendered":"https:\/\/www.europesays.com\/afrique\/166023\/"},"modified":"2026-07-26T07:38:29","modified_gmt":"2026-07-26T07:38:29","slug":"taroudant-canadair-et-equipes-de-secours-sactivent-pour-maitriser-les-feux-de-foret","status":"publish","type":"post","link":"https:\/\/www.europesays.com\/afrique\/166023\/","title":{"rendered":"Taroudant: Canadair et \u00e9quipes de secours s\u2019activent pour ma\u00eetriser les feux de for\u00eat"},"content":{"rendered":"<p class=\"default__StyledText-sc-10mj2vp-0 CxBBS body-paragraph\">Les services de secours et les autorit\u00e9s locales poursuivent leurs efforts pour venir \u00e0 bout des incendies de for\u00eat qui ravagent plusieurs communes de la province de Taroudant depuis pr\u00e8s d\u2019une semaine. Appuy\u00e9s par des moyens a\u00e9riens et la population locale, les intervenants restent mobilis\u00e9s dans les communes d\u2019Ouneine, Talmakante et Zagmouzen, o\u00f9 le relief escarp\u00e9 continue de compliquer les op\u00e9rations. Selon les autorit\u00e9s, les incendies sont ma\u00eetris\u00e9s \u00e0 des degr\u00e9s variables, allant de 50% \u00e0 100% selon les secteurs.<\/p>\n<p class=\"default__StyledText-sc-10mj2vp-0 CxBBS body-paragraph\">L\u2019arriv\u00e9e des flammes pr\u00e8s des zones habit\u00e9es a sem\u00e9 l\u2019angoisse au sein des douars. Mohamed Idouhmane est habitant du douar Ighrem, dans la commune d\u2019Ouneine. Il t\u00e9moigne de l\u2019\u00e9lan spontan\u00e9 des riverains: \u00abD\u00e8s le d\u00e9part du feu, les habitants se sont pr\u00e9cipit\u00e9s sur place pour tenter de ralentir la progression des incendies, guid\u00e9s par la volont\u00e9 de sauver leurs proches, leurs habitations et leur principale source de subsistance.\u00bb<\/p>\n<p class=\"default__StyledText-sc-10mj2vp-0 CxBBS body-paragraph\">\u00abLes nuits restent particuli\u00e8rement angoissantes en raison des vents forts et de la nature de la v\u00e9g\u00e9tation tr\u00e8s inflammable\u00bb, a-t-il t\u00e9moign\u00e9. Il salue n\u00e9anmoins l\u2019intervention rapide et soutenue des autorit\u00e9s provinciales et locales, de la Protection civile, des Forces auxiliaires, de la Gendarmerie royale et des \u00e9l\u00e9ments de l\u2019ANEF (Agence nationale des eaux et for\u00eats).<\/p>\n<p class=\"default__StyledText-sc-10mj2vp-0 CxBBS body-paragraph\">L\u2019incendie a caus\u00e9 d\u2019importants d\u00e9g\u00e2ts dans la for\u00eat de Salmime, dans la commune d\u2019Ouneine. Des hectares d\u2019arbres et de plantes m\u00e9dicinales ont \u00e9t\u00e9 d\u00e9truits, tandis que les flammes ont directement menac\u00e9 plusieurs douars voisins, dont Tizgui, Ighrem, Achdir, Afla Noufra et A\u00eft Ihya.<\/p>\n<p class=\"interstitial-link block-margin-bottom\">Lire aussi : <a href=\"https:\/\/fr.le360.ma\/societe\/le-maroc-deploie-ses-canadairs-pour-soutenir-le-portugal-en-proie-a-des-feux-de-foret_66TVAQAZYNESHNAM6PQR6IYBWE\/\" aria-label=\"Ouvrir un article associ\u00e9\" class=\"default__StyledLink-sc-10mj2vp-1 kkYPzd\" rel=\"nofollow noopener\" target=\"_blank\">Le Maroc d\u00e9ploie ses canadairs pour soutenir le\u00a0Portugal, en proie \u00e0 des feux de for\u00eat <\/a><\/p>\n<p class=\"default__StyledText-sc-10mj2vp-0 CxBBS body-paragraph\">Tr\u00e9sorier de la F\u00e9d\u00e9ration de d\u00e9veloppement forestier d\u2019Ouneine, Omar Ouzalt explique que la principale difficult\u00e9 tient \u00e0 l\u2019enclavement des zones sinistr\u00e9es. \u00abL\u2019absence de pistes praticables a emp\u00each\u00e9 l\u2019acc\u00e8s des v\u00e9hicules de lutte contre les incendies. Pour surmonter cet obstacle, les habitants ont eu recours \u00e0 des \u00e2nes et des mulets pour acheminer l\u2019eau au plus pr\u00e8s des \u00e9quipes de la Protection civile\u00bb, t\u00e9moigne-t-il.<\/p>\n<p class=\"default__StyledText-sc-10mj2vp-0 CxBBS body-paragraph\">Bilan et \u00e9tat d\u2019avancement des op\u00e9rations<\/p>\n<p class=\"default__StyledText-sc-10mj2vp-0 CxBBS body-paragraph\">Ing\u00e9nieur et chef du bureau du domaine forestier et de la lutte contre les incendies \u00e0 la Direction provinciale de l\u2019Agence nationale des eaux et for\u00eats (ANEF) \u00e0 Taroudant, Amine Gourirane indique que trois principaux foyers se sont d\u00e9clar\u00e9s au cours de la m\u00eame semaine.<\/p>\n<p class=\"default__StyledText-sc-10mj2vp-0 CxBBS body-paragraph\">Dans la commune d\u2019Ouneine, l\u2019incendie a ravag\u00e9 pr\u00e8s de 430 hectares. Des avions Canadair, appuy\u00e9s par les \u00e9quipes de l\u2019ANEF, de la Protection civile, des Forces auxiliaires, de la Gendarmerie royale et des autorit\u00e9s locales, ont \u00e9t\u00e9 mobilis\u00e9s. Le sinistre est aujourd\u2019hui ma\u00eetris\u00e9 \u00e0 80%, m\u00eame si quelques foyers r\u00e9siduels subsistent \u00e0 l\u2019int\u00e9rieur du p\u00e9rim\u00e8tre br\u00fbl\u00e9, o\u00f9 les \u00e9quipes restent mobilis\u00e9es.<\/p>\n<p class=\"default__StyledText-sc-10mj2vp-0 CxBBS body-paragraph\">\u00c0 Talmakante, le feu a parcouru 3,16 hectares avant d\u2019\u00eatre totalement circonscrit. Les autorit\u00e9s annoncent une ma\u00eetrise compl\u00e8te de l\u2019incendie. Dans la commune de Zagmouzen, environ 6 hectares ont \u00e9t\u00e9 touch\u00e9s. L\u2019incendie est ma\u00eetris\u00e9 \u00e0 50% et son p\u00e9rim\u00e8tre est d\u00e9sormais encercl\u00e9. Une extinction totale est envisag\u00e9e si les conditions m\u00e9t\u00e9orologiques demeurent favorables.<\/p>\n<p class=\"default__StyledText-sc-10mj2vp-0 CxBBS body-paragraph\">Chaleur, vent et relief compliquent les op\u00e9rations<\/p>\n<p class=\"default__StyledText-sc-10mj2vp-0 CxBBS body-paragraph\">Les \u00e9quipes engag\u00e9es sur le terrain doivent faire face \u00e0 des conditions particuli\u00e8rement difficiles, marqu\u00e9es par des temp\u00e9ratures \u00e9lev\u00e9es, des vents violents, un relief montagneux et des zones d\u2019acc\u00e8s difficile. La composition du couvert forestier, domin\u00e9 par les pins, les gen\u00e9vriers rouges, les gen\u00e9vriers oxyc\u00e8dres et les ch\u00eanes verts, associ\u00e9e \u00e0 une v\u00e9g\u00e9tation particuli\u00e8rement dess\u00e9ch\u00e9e, favorise \u00e9galement la propagation rapide des flammes.<\/p>\n<p class=\"default__StyledText-sc-10mj2vp-0 CxBBS body-paragraph\">Les autorit\u00e9s renouvellent enfin leur appel \u00e0 la vigilance, invitant les citoyens \u00e0 adopter un comportement responsable et \u00e0 signaler sans d\u00e9lai tout d\u00e9part de feu ou de fum\u00e9e afin de pr\u00e9venir de nouveaux sinistres.<\/p>\n","protected":false},"excerpt":{"rendered":"Les services de secours et les autorit\u00e9s locales poursuivent leurs efforts pour venir \u00e0 bout des incendies de&hellip;\n","protected":false},"author":2,"featured_media":166024,"comment_status":"","ping_status":"","sticky":false,"template":"","format":"standard","meta":{"footnotes":"","_share_on_mastodon":"0"},"categories":[83],"tags":[10385,51666,48550,86,13349,31877],"class_list":["post-166023","post","type-post","status-publish","format-standard","has-post-thumbnail","category-maroc","tag-agadir","tag-canadairs","tag-incendies-de-foret","tag-maroc","tag-souss-massa","tag-taroudant"],"share_on_mastodon":{"url":"https:\/\/pubeurope.com\/@afrique\/116985141754353547","error":""},"_links":{"self":[{"href":"https:\/\/www.europesays.com\/afrique\/wp-json\/wp\/v2\/posts\/166023","targetHints":{"allow":["GET"]}}],"collection":[{"href":"https:\/\/www.europesays.com\/afrique\/wp-json\/wp\/v2\/posts"}],"about":[{"href":"https:\/\/www.europesays.com\/afrique\/wp-json\/wp\/v2\/types\/post"}],"author":[{"embeddable":true,"href":"https:\/\/www.europesays.com\/afrique\/wp-json\/wp\/v2\/users\/2"}],"replies":[{"embeddable":true,"href":"https:\/\/www.europesays.com\/afrique\/wp-json\/wp\/v2\/comments?post=166023"}],"version-history":[{"count":0,"href":"https:\/\/www.europesays.com\/afrique\/wp-json\/wp\/v2\/posts\/166023\/revisions"}],"wp:featuredmedia":[{"embeddable":true,"href":"https:\/\/www.europesays.com\/afrique\/wp-json\/wp\/v2\/media\/166024"}],"wp:attachment":[{"href":"https:\/\/www.europesays.com\/afrique\/wp-json\/wp\/v2\/media?parent=166023"}],"wp:term":[{"taxonomy":"category","embeddable":true,"href":"https:\/\/www.europesays.com\/afrique\/wp-json\/wp\/v2\/categories?post=166023"},{"taxonomy":"post_tag","embeddable":true,"href":"https:\/\/www.europesays.com\/afrique\/wp-json\/wp\/v2\/tags?post=166023"}],"curies":[{"name":"wp","href":"https:\/\/api.w.org\/{rel}","templated":true}]}}