{"id":1667,"date":"2026-02-04T19:08:14","date_gmt":"2026-02-04T19:08:14","guid":{"rendered":"https:\/\/www.europesays.com\/afrique\/1667\/"},"modified":"2026-02-04T19:08:14","modified_gmt":"2026-02-04T19:08:14","slug":"les-declarations-de-serigne-mbacke-ndiaye","status":"publish","type":"post","link":"https:\/\/www.europesays.com\/afrique\/1667\/","title":{"rendered":"les d\u00e9clarations de Serigne Mback\u00e9 Ndiaye"},"content":{"rendered":"<p class=\"firstp\">L\u2019ancien ministre lib\u00e9ral <a href=\"https:\/\/www.senenews.com\/actualites\/finale-maroc-senegal-serigne-mbacke-ndiaye-revele-un-changement-darbitre-de-derniere-minute-video_573492.html\" rel=\"nofollow noopener\" target=\"_blank\">Serigne Mback\u00e9 Ndiaye<\/a> a dress\u00e9 un constat s\u00e9v\u00e8re sur la dynamique actuelle au sommet de l\u2019ex\u00e9cutif s\u00e9n\u00e9galais. Invit\u00e9 ce mercredi de l\u2019\u00e9mission \u00ab L\u2019invit\u00e9 d\u2019infos matin \u00bb sur la TFM, il a livr\u00e9 une analyse critique des rapports entre le pr\u00e9sident de la R\u00e9publique, Bassirou Diomaye Faye, et son Premier ministre, Ousmane Sonko, notamment en ce qui concerne la ligne politique et diplomatique du r\u00e9gime.<\/p>\n<p>\u00c9voquant le positionnement id\u00e9ologique des deux hommes, l\u2019ancien ministre estime qu\u2019un foss\u00e9 s\u2019est install\u00e9 entre eux. \u00ab Ousmane Sonko est rest\u00e9 Pastef. Il incarne le projet et les principes du parti-\u00c9tat. Et ce n\u2019est pas le cas de Bassirou Diomaye Faye \u00bb, a-t-il affirm\u00e9 sans d\u00e9tour, rapporte Seneweb qui donne l\u2019information.\n<\/p>\n<p>Selon Serigne Mback\u00e9 Ndiaye, cette divergence serait particuli\u00e8rement perceptible dans la conduite de la politique \u00e9trang\u00e8re du chef de l\u2019\u00c9tat, notamment dans ses relations avec la France. \u00ab Le Pr\u00e9sident Bassirou Diomaye Faye est aujourd\u2019hui l\u2019ami intime de Macron. Absolument ! \u00bb, a-t-il soutenu, avant de partager une anecdote personnelle pour illustrer son propos.\n<\/p>\n<p>\u00ab J\u2019ai un ami fran\u00e7ais, qui n\u2019est pas n\u2019importe qui, qui m\u2019a taquin\u00e9 en me disant : vous avez perdu Diomaye depuis que Macron l\u2019a pris par les \u00e9paules en sortant de l\u2019\u00c9lys\u00e9e \u00bb, a-t-il racont\u00e9 \u00e0 l\u2019antenne de la TFM.\n<\/p>\n<p>Pour l\u2019ancien ministre, cette proximit\u00e9 ne serait pas seulement symbolique, mais se traduirait concr\u00e8tement dans les d\u00e9cisions du pr\u00e9sident. \u00ab Dans ses actes, il est en train de d\u00e9fendre les positions de la France \u00bb, a-t-il affirm\u00e9.\n<\/p>\n<p>Poursuivant son analyse, Serigne Mback\u00e9 Ndiaye estime par ailleurs que Bassirou Diomaye Faye \u00e9voluerait d\u00e9sormais sous l\u2019influence de certains chefs d\u2019\u00c9tat africains r\u00e9put\u00e9s proches de Paris.<\/p>\n<p>\u00ab Maintenant, ce sont Alassane Ouattara et Denis Sassou Nguesso qui coachent Diomaye \u00bb, a-t-il d\u00e9clar\u00e9, rappelant que ces dirigeants sont, selon lui, \u00ab les repr\u00e9sentants de la France en Afrique \u00bb.<\/p>\n","protected":false},"excerpt":{"rendered":"L\u2019ancien ministre lib\u00e9ral Serigne Mback\u00e9 Ndiaye a dress\u00e9 un constat s\u00e9v\u00e8re sur la dynamique actuelle au sommet de&hellip;\n","protected":false},"author":2,"featured_media":1668,"comment_status":"","ping_status":"","sticky":false,"template":"","format":"standard","meta":{"footnotes":""},"categories":[84],"tags":[1164,1365,126,11,114,1366],"class_list":{"0":"post-1667","1":"post","2":"type-post","3":"status-publish","4":"format-standard","5":"has-post-thumbnail","7":"category-senegal","8":"tag-diomaye","9":"tag-macron","10":"tag-politique","11":"tag-senegal","12":"tag-senegal-actualites","13":"tag-serigne-mbacke-ndiaye"},"share_on_mastodon":{"url":"","error":""},"_links":{"self":[{"href":"https:\/\/www.europesays.com\/afrique\/wp-json\/wp\/v2\/posts\/1667","targetHints":{"allow":["GET"]}}],"collection":[{"href":"https:\/\/www.europesays.com\/afrique\/wp-json\/wp\/v2\/posts"}],"about":[{"href":"https:\/\/www.europesays.com\/afrique\/wp-json\/wp\/v2\/types\/post"}],"author":[{"embeddable":true,"href":"https:\/\/www.europesays.com\/afrique\/wp-json\/wp\/v2\/users\/2"}],"replies":[{"embeddable":true,"href":"https:\/\/www.europesays.com\/afrique\/wp-json\/wp\/v2\/comments?post=1667"}],"version-history":[{"count":0,"href":"https:\/\/www.europesays.com\/afrique\/wp-json\/wp\/v2\/posts\/1667\/revisions"}],"wp:featuredmedia":[{"embeddable":true,"href":"https:\/\/www.europesays.com\/afrique\/wp-json\/wp\/v2\/media\/1668"}],"wp:attachment":[{"href":"https:\/\/www.europesays.com\/afrique\/wp-json\/wp\/v2\/media?parent=1667"}],"wp:term":[{"taxonomy":"category","embeddable":true,"href":"https:\/\/www.europesays.com\/afrique\/wp-json\/wp\/v2\/categories?post=1667"},{"taxonomy":"post_tag","embeddable":true,"href":"https:\/\/www.europesays.com\/afrique\/wp-json\/wp\/v2\/tags?post=1667"}],"curies":[{"name":"wp","href":"https:\/\/api.w.org\/{rel}","templated":true}]}}