{"id":169086,"date":"2026-07-29T20:28:13","date_gmt":"2026-07-29T20:28:13","guid":{"rendered":"https:\/\/www.europesays.com\/afrique\/169086\/"},"modified":"2026-07-29T20:28:13","modified_gmt":"2026-07-29T20:28:13","slug":"air-algerie-receptionne-deux-nouveaux-avions-boeing-737-max-8","status":"publish","type":"post","link":"https:\/\/www.europesays.com\/afrique\/169086\/","title":{"rendered":"Air Alg\u00e9rie r\u00e9ceptionne deux nouveaux avions Boeing 737 Max 8"},"content":{"rendered":"<p><a href=\"https:\/\/www.tsa-algerie.com\/nigeria-royal-air-maroc-menacee-de-suspension-air-algerie-citee-comme-alternative\/\" target=\"_blank\" rel=\"noopener nofollow\" data-saferedirecturl=\"https:\/\/www.google.com\/url?q=https:\/\/www.tsa-algerie.com\/nigeria-royal-air-maroc-menacee-de-suspension-air-algerie-citee-comme-alternative\/&amp;source=gmail&amp;ust=1785439903956000&amp;usg=AOvVaw2NYfrmxYvkGTNyc4bpO7xG\">Air Alg\u00e9rie<\/a>\u00a0continue de renforcer sa flotte avec de nouveaux appareils neufs, ce qui porte \u00e0 huit le nombre d\u2019avions command\u00e9s \u00e0 Boeing et Airbus livr\u00e9s depuis novembre 2025.<\/p>\n<p>Cette fois, la compagnie a\u00e9rienne nationale a r\u00e9ceptionn\u00e9 deux nouveaux Boeing 737 Max 8. Le premier est baptis\u00e9 \u00ab\u00a0Peace\u00a0\u00bb et le second \u00ab\u00a0Africa\u00a0\u00bb. L\u2019annonce a \u00e9t\u00e9 faite ce mercredi 29 juillet.<\/p>\n<p class=\"a-lire-box\" style=\"&#13;&#10;                    margin:20px 0;&#13;&#10;                    padding:12px 0;&#13;&#10;                    border-top:1px solid #ddd;&#13;&#10;                    border-bottom:1px solid #ddd;&#13;&#10;                    line-height:1.8;&#13;&#10;                 \">&#13;<br \/>\n                    A lire aussi :&#13;<br \/>\n                    <a href=\"https:\/\/www.tsa-algerie.com\/air-algerie-casse-les-prix-avec-une-nouvelle-promotion\/\" class=\"a-lire-link\" style=\"color:#000;text-decoration:none;font-weight:600;\" rel=\"nofollow noopener\" target=\"_blank\">&#13;<br \/>\n                        Air Alg\u00e9rie casse les prix avec une nouvelle promotion&#13;<br \/>\n                    <\/a>&#13;\n                <\/p>\n<p>\u00ab\u00a0Le groupe Air Alg\u00e9rie annonce la r\u00e9ception de deux nouveaux appareils de type Boeing 737 MAX 8, baptis\u00e9s \u00ab Peace \u00bb et \u00ab Africa\u00bb, dans le cadre de son programme de modernisation et de renforcement de sa flotte, conform\u00e9ment \u00e0 la strat\u00e9gie nationale de d\u00e9veloppement du transport a\u00e9rien\u00a0\u00bb, a indiqu\u00e9 le communiqu\u00e9.<\/p>\n<p class=\"a-lire-box\" style=\"&#13;&#10;                    margin:20px 0;&#13;&#10;                    padding:12px 0;&#13;&#10;                    border-top:1px solid #ddd;&#13;&#10;                    border-bottom:1px solid #ddd;&#13;&#10;                    line-height:1.8;&#13;&#10;                 \">&#13;<br \/>\n                    A lire aussi :&#13;<br \/>\n                    <a href=\"https:\/\/www.tsa-algerie.com\/economie-algerienne-3-bonnes-nouvelles-en-ce-debut-dannee-2025\/\" class=\"a-lire-link\" style=\"color:#000;text-decoration:none;font-weight:600;\" rel=\"nofollow noopener\" target=\"_blank\">&#13;<br \/>\n                        \u00c9conomie alg\u00e9rienne : 3 bonnes nouvelles en ce d\u00e9but d\u2019ann\u00e9e 2025&#13;<br \/>\n                    <\/a>&#13;\n                <\/p>\n<p>Air Alg\u00e9rie r\u00e9ceptionne deux Boeing 737 Max 8 en pleine saison estivale<\/p>\n<p>Air Alg\u00e9rie a command\u00e9 dix appareils de type\u00a0<a href=\"https:\/\/www.tsa-algerie.com\/air-algerie-receptionne-son-premier-boeing-737-max-8\/\" target=\"_blank\" rel=\"noopener nofollow\" data-saferedirecturl=\"https:\/\/www.google.com\/url?q=https:\/\/www.tsa-algerie.com\/air-algerie-receptionne-son-premier-boeing-737-max-8\/&amp;source=gmail&amp;ust=1785439903956000&amp;usg=AOvVaw2B9YaR-Wdv37cAFM5KowSy\">Boeing 737 Max 8<\/a>. Le constructeur a\u00e9ronautique am\u00e9ricain a d\u00e9j\u00e0 livr\u00e9\u00a0trois : deux ce mercredi et le premier est arriv\u00e9 le 11 juillet.<\/p>\n<p>\u00ab\u00a0Avec l\u2019int\u00e9gration de ces deux appareils, le nombre d\u2019avions r\u00e9ceptionn\u00e9s dans le cadre du programme d\u2019acquisition de dix Boeing 737 MAX 8 s\u2019\u00e9l\u00e8ve d\u00e9sormais \u00e0 trois. Cette nouvelle \u00e9tape traduit l\u2019engagement du Groupe \u00e0 moderniser sa flotte, \u00e0 renforcer ses capacit\u00e9s op\u00e9rationnelles et \u00e0 offrir des services toujours plus performants \u00e0 ses passagers\u00a0\u00bb, a ajout\u00e9 Air Alg\u00e9rie.<\/p>\n<p class=\"a-lire-box\" style=\"&#13;&#10;                    margin:20px 0;&#13;&#10;                    padding:12px 0;&#13;&#10;                    border-top:1px solid #ddd;&#13;&#10;                    border-bottom:1px solid #ddd;&#13;&#10;                    line-height:1.8;&#13;&#10;                 \">&#13;<br \/>\n                    A lire aussi :&#13;<br \/>\n                    <a href=\"https:\/\/www.tsa-algerie.com\/la-france-sinteresse-a-la-pomme-de-terre-algerienne\/\" class=\"a-lire-link\" style=\"color:#000;text-decoration:none;font-weight:600;\" rel=\"nofollow noopener\" target=\"_blank\">&#13;<br \/>\n                        La France s\u2019int\u00e9resse \u00e0 la pomme de terre alg\u00e9rienne\u00a0&#13;<br \/>\n                    <\/a>&#13;\n                <\/p>\n<p>La troisi\u00e8me plus grande compagnie d\u2019Afrique en nombre de voyageurs transport\u00e9s devrait recevoir deux autres\u00a0<a href=\"https:\/\/www.tsa-algerie.com\/hamza-benhamouda-air-algerie-receptionnera-5-boeing-737-max-8-en-2026\/\" target=\"_blank\" rel=\"noopener nofollow\" data-saferedirecturl=\"https:\/\/www.google.com\/url?q=https:\/\/www.tsa-algerie.com\/hamza-benhamouda-air-algerie-receptionnera-5-boeing-737-max-8-en-2026\/&amp;source=gmail&amp;ust=1785439903957000&amp;usg=AOvVaw1HEidve4iO5CrXX9pE0m1_\">Boeing 737 Max 8<\/a>, selon son PDG Hamza Benhamouda.<\/p>\n<p>Avec la r\u00e9ception de ces nouveaux avions moyen-courriers, Air Alg\u00e9rie poursuit \u00ab ainsi la mise en \u0153uvre de son programme de renouvellement de la flotte, en ad\u00e9quation avec les orientations strat\u00e9giques visant \u00e0 accompagner la croissance du trafic a\u00e9rien et \u00e0 consolider les capacit\u00e9s du transport a\u00e9rien national \u00bb.<\/p>\n<p>La compagnie a\u00e9rienne nationale a command\u00e9 10 Airbus A330-900Neo dont le premier a \u00e9t\u00e9 re\u00e7u en novembre 2025, dix appareils Boeing 737 Max 8 et huit avions de type Boeing 737 Max 9. Elle a r\u00e9ceptionn\u00e9 cinq Airbus A330-900Neo et trois Boeing 737 Max 8.<\/p>\n","protected":false},"excerpt":{"rendered":"Air Alg\u00e9rie\u00a0continue de renforcer sa flotte avec de nouveaux appareils neufs, ce qui porte \u00e0 huit le nombre&hellip;\n","protected":false},"author":2,"featured_media":169087,"comment_status":"","ping_status":"","sticky":false,"template":"","format":"standard","meta":{"footnotes":"","_share_on_mastodon":"0"},"categories":[85],"tags":[362,116,49082],"class_list":["post-169086","post","type-post","status-publish","format-standard","has-post-thumbnail","category-algerie","tag-air-algerie","tag-algerie","tag-boeing-737-max-8"],"share_on_mastodon":{"url":"https:\/\/pubeurope.com\/@afrique\/117005156574721480","error":""},"_links":{"self":[{"href":"https:\/\/www.europesays.com\/afrique\/wp-json\/wp\/v2\/posts\/169086","targetHints":{"allow":["GET"]}}],"collection":[{"href":"https:\/\/www.europesays.com\/afrique\/wp-json\/wp\/v2\/posts"}],"about":[{"href":"https:\/\/www.europesays.com\/afrique\/wp-json\/wp\/v2\/types\/post"}],"author":[{"embeddable":true,"href":"https:\/\/www.europesays.com\/afrique\/wp-json\/wp\/v2\/users\/2"}],"replies":[{"embeddable":true,"href":"https:\/\/www.europesays.com\/afrique\/wp-json\/wp\/v2\/comments?post=169086"}],"version-history":[{"count":0,"href":"https:\/\/www.europesays.com\/afrique\/wp-json\/wp\/v2\/posts\/169086\/revisions"}],"wp:featuredmedia":[{"embeddable":true,"href":"https:\/\/www.europesays.com\/afrique\/wp-json\/wp\/v2\/media\/169087"}],"wp:attachment":[{"href":"https:\/\/www.europesays.com\/afrique\/wp-json\/wp\/v2\/media?parent=169086"}],"wp:term":[{"taxonomy":"category","embeddable":true,"href":"https:\/\/www.europesays.com\/afrique\/wp-json\/wp\/v2\/categories?post=169086"},{"taxonomy":"post_tag","embeddable":true,"href":"https:\/\/www.europesays.com\/afrique\/wp-json\/wp\/v2\/tags?post=169086"}],"curies":[{"name":"wp","href":"https:\/\/api.w.org\/{rel}","templated":true}]}}