{"id":170871,"date":"2026-07-31T20:11:29","date_gmt":"2026-07-31T20:11:29","guid":{"rendered":"https:\/\/www.europesays.com\/afrique\/170871\/"},"modified":"2026-07-31T20:11:29","modified_gmt":"2026-07-31T20:11:29","slug":"opinion-ce-2-aout-leurope-fait-enfin-un-choix-celui-de-nos-enfants-par-sarah-el-hairy-ancienne-ministre","status":"publish","type":"post","link":"https:\/\/www.europesays.com\/afrique\/170871\/","title":{"rendered":"OPINION. \u00ab Ce 2 ao\u00fbt, l&rsquo;Europe fait enfin un choix : celui de nos enfants \u00bb, par Sarah el-Ha\u00efry, ancienne ministre"},"content":{"rendered":"<p>L&rsquo;intelligence artificielle progresse tous les jours et s&rsquo;immisce jusque dans nos les aspects les plus intimes de nos quotidiens. Continuons \u00e0 profiter de ses avanc\u00e9es tout en prot\u00e9geant les plus vuln\u00e9rables.<\/p>\n<p>L\u2019innovation technologique est une formidable opportunit\u00e9, \u00e0 condition que les pouvoirs publics interviennent pour l\u2019accompagner, en adaptant le droit et en faisant vivre le d\u00e9bat d\u00e9mocratique. Cela, afin que ses avanc\u00e9es profitent \u00e0 tous, prot\u00e8gent en particulier les plus vuln\u00e9rables, et qu\u2019elles contribuent \u00e0 r\u00e9duire les in\u00e9galit\u00e9s plut\u00f4t qu\u2019\u00e0 les renforcer. Les <a href=\"https:\/\/www.latribune.fr\/article\/tech\/16924557286442\/la-france-bannit-les-reseaux-sociaux-pour-les-moins-de-15-ans\" target=\"_blank\" rel=\"noopener noreferrer nofollow\" article-id=\"16924557286442\">r\u00e9seaux sociaux<\/a> nous ont servi de le\u00e7on.<\/p>\n<p>Nous avons laiss\u00e9 des plateformes devenir les terrains de jeu de mod\u00e8les \u00e9conomiques fond\u00e9s sur la captation de l\u2019attention, la viralit\u00e9 et la collecte de donn\u00e9es. Les cons\u00e9quences sont d\u00e9sormais document\u00e9es : <a href=\"https:\/\/www.latribune.fr\/technos-medias\/internet\/cyberharcelement-le-confinement-est-une-opportunite-pour-les-agresseurs-845436.html\" target=\"_blank\" rel=\"noopener noreferrer nofollow\" article-id=\"21027706343058\">cyberharc\u00e8lement<\/a>, d\u00e9sinformation, addiction, troubles de la <a href=\"https:\/\/www.latribune.fr\/article\/tech\/9194625146101314\/interdiction-des-reseaux-sociaux-aux-ados-lanses-preconise-plutot-la-regulation\" target=\"_blank\" rel=\"noopener noreferrer nofollow\" article-id=\"9194625146101314\">sant\u00e9 mentale<\/a>, exposition \u00e0 des contenus violents ou sexuels. Et les premi\u00e8res victimes sont les plus jeunes.\u00a0<\/p>\n<p><a target=\"_self\" href=\"https:\/\/www.latribune.fr\/article\/banques-finance\/industrie-financiere\/11322872951046\/ia-amazon-construit-les-autoroutes-apple-vit-des-peages-la-bourse-prefere-l-asphalte\" rel=\"nofollow noopener\"><\/p>\n<p class=\"text-[12px] mb-[12px] font-bold ltd:leading-[16px]\">A LIRE AUSSI<\/p>\n<p class=\"text-[20px] ac:text-[18px] leading-[120%] ac:leading-[130%] text-lt-primary-dark ac:text-ac-primary font-slab font-bold ltd:font-semibold ltd:tracking-[-0.4px] ac:font-ac-slab ltd:font-ltd-slab\">IA\u00a0: Amazon construit les autoroutes, Apple vit des p\u00e9ages, la Bourse pr\u00e9f\u00e8re l\u2019asphalte<\/p>\n<p><\/a><\/p>\n<p>Nous n\u2019avons pas le droit de reproduire cette erreur avec l\u2019intelligence artificielle. Ce dimanche, une nouvelle \u00e9tape de l\u2019<a href=\"https:\/\/www.latribune.fr\/economie\/union-europeenne\/passage-de-l-ia-act-une-arme-vraiment-efficace-contre-les-derives-de-l-ia-992873.html\" target=\"_blank\" rel=\"noopener noreferrer nofollow\" article-id=\"48905445027797\">IA Act<\/a> entre en vigueur. Certains y voient une contrainte suppl\u00e9mentaire. J\u2019y vois un acte politique majeur. Car derri\u00e8re ce r\u00e8glement se cache une question fondamentale : qui d\u00e9cide des r\u00e8gles du monde num\u00e9rique ? Les d\u00e9mocraties ou les <a href=\"https:\/\/www.latribune.fr\/idees\/tribunes\/opinion-les-organisations-a-l-ere-des-algorithmes-1021420.html\" target=\"_blank\" rel=\"noopener noreferrer nofollow\" article-id=\"6714424504249414\">algorithmes<\/a> ?\u00a0<\/p>\n<p>L\u2019intelligence artificielle transforme d\u00e9j\u00e0 notre mani\u00e8re d\u2019apprendre, de travailler, de cr\u00e9er et de nous informer. Elle accompagne d\u00e9j\u00e0 nos enfants dans leurs devoirs et leurs loisirs. Demain, ce seront leurs relations sociales elles-m\u00eames qui seront boulevers\u00e9es : l\u2019IA conversationnelle s\u2019invite d\u00e9j\u00e0 dans leurs \u00e9changes, leurs confidences, parfois leur intimit\u00e9 affective. Une \u00e9conomie de l\u2019affection est en train de na\u00eetre, o\u00f9 des agents conversationnels sont con\u00e7us pour simuler l\u2019\u00e9coute, voire l\u2019attachement. Une telle puissance ne peut pas relever du seul march\u00e9.\u00a0<\/p>\n<p>Le choix europ\u00e9en est donc le bon. Il est m\u00eame indispensable. Oui, l\u2019innovation doit continuer. Oui, l\u2019Europe doit rester une terre d\u2019excellence technologique. Mais l\u2019innovation n\u2019a jamais \u00e9t\u00e9 synonyme d\u2019absence de r\u00e8gles. Nous n\u2019acceptons pas qu\u2019une voiture circule sans freins ni ceinture de s\u00e9curit\u00e9. Pourquoi accepterions-nous que des intelligences artificielles, capables d\u2019influencer des millions de personnes, \u00e9voluent sans obligations de transparence ni responsabilit\u00e9 ?<\/p>\n<p>NewsletterLa Tribune Dimanche<\/p>\n<p class=\"text-2xl mb-[16px]\">Chaque dimanche, l\u2019essentiel de l\u2019actualit\u00e9 \u00e9conomique, politique et soci\u00e9tale.<\/p>\n<p>S&rsquo;inscrireS&rsquo;inscrireS&rsquo;inscrire<img alt=\"Illustration de la newsletter La Tribune Dimanche\" loading=\"lazy\" decoding=\"async\" data-nimg=\"fill\" class=\"relative! rounded-xl\" style=\"position:absolute;height:100%;width:100%;left:0;top:0;right:0;bottom:0;object-fit:cover;color:transparent\"   src=\"https:\/\/www.europesays.com\/afrique\/wp-content\/uploads\/2026\/04\/la-tribune-dimanche.png\"\/><a target=\"_self\" href=\"https:\/\/www.latribune.fr\/article\/tech\/intelligence-artificielle\/22244088181270\/big-tech-microsoft-encaisse-le-jackpot-de-l-ia-meta-paye-la-facture\" rel=\"nofollow noopener\"><\/p>\n<p class=\"text-[12px] mb-[12px] font-bold ltd:leading-[16px]\">A LIRE AUSSI<\/p>\n<p class=\"text-[20px] ac:text-[18px] leading-[120%] ac:leading-[130%] text-lt-primary-dark ac:text-ac-primary font-slab font-bold ltd:font-semibold ltd:tracking-[-0.4px] ac:font-ac-slab ltd:font-ltd-slab\">Big Tech\u00a0: Microsoft encaisse le jackpot de l\u2019IA, Meta paye la facture<\/p>\n<p><\/a><\/p>\n<p>L\u2019obligation d\u2019identifier les contenus g\u00e9n\u00e9r\u00e9s par une IA constitue une avanc\u00e9e essentielle. Dans un univers o\u00f9 une image, une vid\u00e9o ou une voix peuvent \u00eatre fabriqu\u00e9es en quelques secondes, distinguer le vrai du faux devient un imp\u00e9ratif d\u00e9mocratique. La transparence n\u2019est pas un luxe bureaucratique ; elle est devenue une infrastructure de la confiance.\u00a0<\/p>\n<p>Depuis 2024, l\u2019IA Act est le r\u00e8glement europ\u00e9en qui encadre l\u2019intelligence artificielle avec un objectif simple : prot\u00e9ger les citoyens sans freiner l\u2019innovation. Plut\u00f4t que de r\u00e9glementer l\u2019IA dans son ensemble, il adopte une approche fond\u00e9e sur les risques. Les usages jug\u00e9s inacceptables sont interdits, les syst\u00e8mes \u00e0 haut risque sont soumis \u00e0 des obligations strictes de s\u00e9curit\u00e9, de transparence et de contr\u00f4le humain, tandis que les applications \u00e0 faible risque restent largement libres. Ce cadre harmonis\u00e9 remplace une mosa\u00efque de r\u00e8gles nationales et offre aux entreprises comme aux citoyens une plus grande s\u00e9curit\u00e9 juridique.<\/p>\n<p>\u00c0 partir de ce 2 ao\u00fbt, de nouvelles obligations de transparence entrent en vigueur. Les personnes devront notamment \u00eatre inform\u00e9es lorsqu\u2019elles interagissent avec une IA, les contenus g\u00e9n\u00e9r\u00e9s artificiellement devront pouvoir \u00eatre identifi\u00e9s et certains <a href=\"https:\/\/www.latribune.fr\/technos-medias\/internet\/deepfake-la-nouvelle-bete-noire-de-facebook-836553.html\" target=\"_blank\" rel=\"noopener noreferrer nofollow\" article-id=\"22172591191713\">deepfakes<\/a> devront \u00eatre clairement signal\u00e9s. Face \u00e0 des technologies capables de produire des images, des voix ou des vid\u00e9os de plus en plus r\u00e9alistes, cette transparence est essentielle pour pr\u00e9server la confiance dans l\u2019espace num\u00e9rique.<\/p>\n<p><a target=\"_self\" href=\"https:\/\/www.latribune.fr\/article\/idees\/64466091081006\/opinion-ia-en-entreprise-arretez-de-craindre-le-remplacement-surveillez-la-facture\" rel=\"nofollow noopener\"><\/p>\n<p class=\"text-[12px] mb-[12px] font-bold ltd:leading-[16px]\">A LIRE AUSSI<\/p>\n<p class=\"text-[20px] ac:text-[18px] leading-[120%] ac:leading-[130%] text-lt-primary-dark ac:text-ac-primary font-slab font-bold ltd:font-semibold ltd:tracking-[-0.4px] ac:font-ac-slab ltd:font-ltd-slab\">OPINION. \u00ab\u2009IA en entreprise : arr\u00eatez de craindre le remplacement, surveillez la facture\u2009\u00bb<\/p>\n<p><\/a><\/p>\n<p>Les enfants ne sont pas des utilisateurs comme les autres. Ils construisent leur esprit critique, leur identit\u00e9, leur rapport aux autres. Ils sont plus sensibles aux m\u00e9canismes d\u2019influence, plus vuln\u00e9rables aux manipulations \u00e9motionnelles et moins arm\u00e9s face \u00e0 des syst\u00e8mes capables de simuler l\u2019empathie, l\u2019autorit\u00e9 ou l\u2019amiti\u00e9.\u00a0<\/p>\n<p>Les deepfakes ajoutent une violence suppl\u00e9mentaire : celle d\u2019\u00eatre mis en sc\u00e8ne dans des contenus qu\u2019ils n\u2019ont jamais cr\u00e9\u00e9s, ni m\u00eame imagin\u00e9s. Ce d\u00e9tournement alimente le cyberharc\u00e8lement, v\u00e9ritable fl\u00e9au de notre soci\u00e9t\u00e9, mais aussi la sextorsion dont les premi\u00e8res victimes sont des filles mineures.\u00a0<\/p>\n<p>Face \u00e0 cette r\u00e9alit\u00e9, une conviction doit guider les politiques publiques : ce qui est techniquement possible n\u2019est pas toujours socialement acceptable.<\/p>\n<p>C\u2019est pourquoi je d\u00e9fends le principe du Safe Child by Design. La protection des enfants ne peut plus \u00eatre une option ajout\u00e9e \u00e0 la fin d\u2019un d\u00e9veloppement informatique ou une clause perdue dans des conditions g\u00e9n\u00e9rales d\u2019utilisation. Elle doit \u00eatre int\u00e9gr\u00e9e d\u00e8s la conception des mod\u00e8les, des interfaces et des services.<\/p>\n<p>Cela signifie des garde-fous adapt\u00e9s \u00e0 l\u2019\u00e2ge, des param\u00e8tres protecteurs activ\u00e9s par d\u00e9faut, une limitation des m\u00e9canismes de manipulation, une protection renforc\u00e9e des donn\u00e9es des mineurs et une \u00e9valuation syst\u00e9matique des risques avant toute mise sur le march\u00e9.<\/p>\n<p>Autrement dit : <a href=\"https:\/\/www.latribune.fr\/article\/idees\/20413989353840\/opinion-espace-numerique-la-protection-des-mineurs-en-ligne-passe-par-une-solution-souveraine\" target=\"_blank\" rel=\"noopener noreferrer nofollow\" article-id=\"20413989353840\">la s\u00e9curit\u00e9 des enfants<\/a> doit devenir une obligation de conception, pas une promesse marketing. Certains r\u00e9pondront que cette ambition risque de ralentir l\u2019innovation europ\u00e9enne. C\u2019est une vision \u00e0 courte vue. L\u2019histoire montre exactement l\u2019inverse. Les technologies qui s\u2019imposent durablement sont celles qui inspirent confiance. Les entreprises qui prosp\u00e8rent sont celles qui anticipent les attentes de la soci\u00e9t\u00e9. La r\u00e9gulation n\u2019est pas l\u2019ennemie de l\u2019innovation ; elle est ce qui lui permet d\u2019\u00eatre accept\u00e9e, adopt\u00e9e et p\u00e9renne.<\/p>\n<p><a target=\"_self\" href=\"https:\/\/www.latribune.fr\/article\/tech\/intelligence-artificielle\/52249405466885\/benchmarks-pourquoi-le-meilleur-modele-d-ia-n-existe-pas\" rel=\"nofollow noopener\"><\/p>\n<p class=\"text-[12px] mb-[12px] font-bold ltd:leading-[16px]\">A LIRE AUSSI<\/p>\n<p class=\"text-[20px] ac:text-[18px] leading-[120%] ac:leading-[130%] text-lt-primary-dark ac:text-ac-primary font-slab font-bold ltd:font-semibold ltd:tracking-[-0.4px] ac:font-ac-slab ltd:font-ltd-slab\">Benchmarks\u00a0: pourquoi le meilleur mod\u00e8le d\u2019IA n\u2019existe pas<\/p>\n<p><\/a><\/p>\n<p>L\u2019Europe a d\u00e9j\u00e0 montr\u00e9, avec le RGPD, qu\u2019elle pouvait fixer des standards mondiaux. L\u2019IA Act peut devenir le nouveau r\u00e9f\u00e9rentiel international d\u2019une intelligence artificielle responsable. Non pas parce que nous serions plus frileux que les autres, mais parce que nous refusons de consid\u00e9rer les droits fondamentaux comme une variable d\u2019ajustement.<\/p>\n<p>Dans la comp\u00e9tition mondiale autour de l\u2019IA, la v\u00e9ritable avance ne se mesurera pas seulement en puissance de calcul ou en lev\u00e9es de fonds. Elle se mesurera aussi \u00e0 notre capacit\u00e9 \u00e0 construire une technologie qui respecte la dignit\u00e9 humaine.\u00a0<\/p>\n<p>Et si une priorit\u00e9 devait s\u2019imposer \u00e0 toutes les autres, elle serait \u00e9vidente : prot\u00e9ger les enfants. Parce qu\u2019une d\u00e9mocratie se juge moins \u00e0 la sophistication de ses algorithmes qu\u2019\u00e0 la mani\u00e8re dont elle prot\u00e8ge les plus vuln\u00e9rables. Le 2 ao\u00fbt, l\u2019Europe ne choisit pas la prudence contre le progr\u00e8s. Elle choisit de rappeler une \u00e9vidence que la r\u00e9volution num\u00e9rique avait parfois fait oublier : la technologie doit rester au service de l\u2019humain. Et lorsqu\u2019il s\u2019agit des enfants, aucun compromis n\u2019est acceptable.<\/p>\n","protected":false},"excerpt":{"rendered":"L&rsquo;intelligence artificielle progresse tous les jours et s&rsquo;immisce jusque dans nos les aspects les plus intimes de nos&hellip;\n","protected":false},"author":2,"featured_media":170872,"comment_status":"","ping_status":"","sticky":false,"template":"","format":"standard","meta":{"footnotes":"","_share_on_mastodon":"0"},"categories":[2],"tags":[58,18,52763,2135,52762,52764],"class_list":["post-170871","post","type-post","status-publish","format-standard","has-post-thumbnail","category-europe","tag-58","tag-europe","tag-leurope-fait-enfin-un-choix-celui-de-nos-enfants","tag-la-tribune-dimanche","tag-opinion-ce-2-aout","tag-par-sarah-el"],"share_on_mastodon":{"url":"https:\/\/pubeurope.com\/@afrique\/117016414603636044","error":""},"_links":{"self":[{"href":"https:\/\/www.europesays.com\/afrique\/wp-json\/wp\/v2\/posts\/170871","targetHints":{"allow":["GET"]}}],"collection":[{"href":"https:\/\/www.europesays.com\/afrique\/wp-json\/wp\/v2\/posts"}],"about":[{"href":"https:\/\/www.europesays.com\/afrique\/wp-json\/wp\/v2\/types\/post"}],"author":[{"embeddable":true,"href":"https:\/\/www.europesays.com\/afrique\/wp-json\/wp\/v2\/users\/2"}],"replies":[{"embeddable":true,"href":"https:\/\/www.europesays.com\/afrique\/wp-json\/wp\/v2\/comments?post=170871"}],"version-history":[{"count":0,"href":"https:\/\/www.europesays.com\/afrique\/wp-json\/wp\/v2\/posts\/170871\/revisions"}],"wp:featuredmedia":[{"embeddable":true,"href":"https:\/\/www.europesays.com\/afrique\/wp-json\/wp\/v2\/media\/170872"}],"wp:attachment":[{"href":"https:\/\/www.europesays.com\/afrique\/wp-json\/wp\/v2\/media?parent=170871"}],"wp:term":[{"taxonomy":"category","embeddable":true,"href":"https:\/\/www.europesays.com\/afrique\/wp-json\/wp\/v2\/categories?post=170871"},{"taxonomy":"post_tag","embeddable":true,"href":"https:\/\/www.europesays.com\/afrique\/wp-json\/wp\/v2\/tags?post=170871"}],"curies":[{"name":"wp","href":"https:\/\/api.w.org\/{rel}","templated":true}]}}