{"id":171690,"date":"2026-08-01T23:03:13","date_gmt":"2026-08-01T23:03:13","guid":{"rendered":"https:\/\/www.europesays.com\/afrique\/171690\/"},"modified":"2026-08-01T23:03:13","modified_gmt":"2026-08-01T23:03:13","slug":"je-nai-pas-dexplication-emerse-fae-confie-avoir-ete-pousse-vers-la-sortie-par-la-cote-divoire","status":"publish","type":"post","link":"https:\/\/www.europesays.com\/afrique\/171690\/","title":{"rendered":"\u00ab\u00a0Je n\u2019ai pas d\u2019explication\u2026\u00a0\u00bb\u00a0: Emerse Fa\u00e9 confie avoir \u00e9t\u00e9 pouss\u00e9 vers la sortie par la C\u00f4te d\u2019Ivoire"},"content":{"rendered":"<p data-ofstats-scroll=\"read_depth_20\">La F\u00e9d\u00e9ration ivoirienne de football <a href=\"https:\/\/www.ouest-france.fr\/sport\/football\/equipe-cote-d-ivoire\/emerse-fae-vainqueur-de-la-can-avec-la-cote-divoire-va-quitter-son-poste-de-selectionneur-e9048e4c-8cf8-11f1-bac6-43ee9437487c\" target=\"_blank\" rel=\"nofollow noopener\">n\u2019a pas prolong\u00e9 le contrat d\u2019Emerse Fa\u00e9 \u00e0 la t\u00eate de la s\u00e9lection<\/a>, comme r\u00e9v\u00e9l\u00e9 par  <a href=\"https:\/\/www.lequipe.fr\/Football\/Actualites\/Emerse-fae-n-est-plus-selectionneur-de-la-cote-d-ivoire\/1708189\" target=\"_blank\" rel=\"nofollow noopener\">L\u2019\u00c9quipe<\/a> . Cela faisait trois ans que le technicien travaillait pour <a href=\"https:\/\/www.ouest-france.fr\/sport\/football\/equipe-cote-d-ivoire\/\" target=\"_self\" rel=\"nofollow noopener\">l\u2019\u00e9quipe nationale de la C\u00f4te d\u2019Ivoire<\/a>. Il avait d\u00e9but\u00e9 en tant qu\u2019adjoint de Jean-Louis Gasset, avant de devenir le s\u00e9lectionneur par int\u00e9rim et de remporter la Coupe d\u2019Afrique des nations en f\u00e9vrier\u00a02024.<\/p>\n<p data-ofstats-scroll=\"read_depth_30\">Ces bons r\u00e9sultats lui avaient permis de rester le s\u00e9lectionneur pour la <a href=\"https:\/\/www.ouest-france.fr\/sport\/football\/coupe-d-afrique-des-nations\/direct\/direct-egypte-cote-d-ivoire-suivez-le-quart-de-finale-de-la-can-en-live-9020cacc-6cd7-4f57-8d4d-23451934c1c9\" target=\"_self\" rel=\"nofollow noopener\">CAN 2025<\/a>\u00a0(\u00e9limination en quart de finale contre l\u2019\u00c9gypte, 3-2) et pour le <a href=\"https:\/\/www.ouest-france.fr\/sport\/coupe-du-monde\/direct\/direct-cote-d-ivoire-norvege-suivez-le-16e-de-finale-de-coupe-du-monde-en-live-4afe1cb6-62ec-423e-a710-dbd271523698\" target=\"_self\" rel=\"nofollow noopener\">Mondial 2026<\/a>\u00a0(\u00e9limination en seizi\u00e8me de finale face \u00e0 la Norv\u00e8ge, 2-1).<\/p>\n<p data-ofstats-scroll=\"read_depth_30\">Emerse Fa\u00e9 se projetait d\u00e9j\u00e0 sur la Coupe du monde 2030 et participait activement au d\u00e9veloppement du foot en C\u00f4te d\u2019Ivoire, comme il l\u2019a confi\u00e9 dans un entretien accord\u00e9 \u00e0  <a href=\"https:\/\/www.lequipe.fr\/Football\/Article\/Emerse-fae-remercie-de-son-poste-de-selectionneur-de-la-cote-d-ivoire-je-me-projetais-deja-sur-la-coupe-du-monde-2030\/1708411\" target=\"_blank\" rel=\"nofollow noopener\">L\u2019\u00c9quipe<\/a> .<\/p>\n<p>        \u00ab\u00a0\u00c7a s\u2019est fait d\u2019un coup, sans explication\u00a0\u00bb<\/p>\n<p data-ofstats-scroll=\"read_depth_50\">J\u2019avais un projet ax\u00e9 sur le d\u00e9veloppement du football ivoirien, au-del\u00e0 des r\u00e9sultats. On a mis en place, pour la premi\u00e8re fois en C\u00f4te d\u2019Ivoire, des formations destin\u00e9es aux pr\u00e9parateurs physiques. Avec mon staff et l\u2019entra\u00eeneur des gardiens, nous avons aussi commenc\u00e9 \u00e0 mettre en place une formation pour les jeunes gardiens \u00e0 fort potentiel, qui avaient besoin d\u2019un travail sp\u00e9cifique.<\/p>\n<p data-ofstats-scroll=\"read_depth_70\">Je n\u2019ai pas d\u2019explication sur cette fin d\u2019aventure, assure Fa\u00e9. Apr\u00e8s la Coupe du monde, nous \u00e9tions en discussion pour une prolongation. Mais hier matin\u00a0(vendredi 31\u00a0juillet), les dirigeants m\u2019ont appel\u00e9 pour me dire qu\u2019il n\u2019y aurait pas de prolongation. \u00c7a s\u2019est fait d\u2019un coup, sans explication, a-t-il d\u00e9clar\u00e9. Pour moi, on allait continuer, prolonger. Avec le pr\u00e9sident, on discutait de l\u2019organisation du prochain stage. Je ne veux pas chercher \u00e0 comprendre, je ne trouverai jamais les raisons. J\u2019estime avoir bien fait mon travail.<\/p>\n<p data-ofstats-scroll=\"read_depth_70\">Lire aussi\u00a0: <a href=\"https:\/\/www.ouest-france.fr\/sport\/coupe-du-monde\/luefa-souhaite-la-demission-de-gianni-infantino-et-est-pret-a-voter-une-motion-de-defiance-contre-le-patron-de-la-fifa-351d9dc6-8dbe-11f1-91ed-1c452045cb8b\" target=\"_blank\" rel=\"nofollow noopener\">L\u2019UEFA souhaite la d\u00e9mission de Gianni Infantino et est pr\u00eate \u00e0 voter une motion de d\u00e9fiance contre le patron de la Fifa<\/a><\/p>\n<p data-ofstats-scroll=\"read_depth_100\">L\u2019ancien s\u00e9lectionneur, qui remercie quand m\u00eame la f\u00e9d\u00e9ration de lui avoir fait confiance malgr\u00e9 son manque d\u2019exp\u00e9rience \u00e0 ses d\u00e9buts, est d\u00e9\u00e7u de ne pas continuer l\u2019aventure. Cette \u00e9quipe poss\u00e8de un \u00e9norme potentiel. Je suis frustr\u00e9 parce qu\u2019il y avait la possibilit\u00e9, avec ce groupe et tout ce qu\u2019on avait cr\u00e9\u00e9, d\u2019emmener la C\u00f4te d\u2019Ivoire encore plus loin. Je disais d\u00e9j\u00e0 avant la Coupe du monde qu\u2019avec le potentiel de cette \u00e9quipe, 2026 nous permettrait d\u2019apprendre tout en \u00e9tant ambitieux. Sur les 26\u00a0joueurs, il y avait 26\u00a0novices, dont moi comme entra\u00eeneur. Je savais qu\u2019on allait montrer des choses et acqu\u00e9rir de l\u2019exp\u00e9rience en vue de 2030.<\/p>\n","protected":false},"excerpt":{"rendered":"La F\u00e9d\u00e9ration ivoirienne de football n\u2019a pas prolong\u00e9 le contrat d\u2019Emerse Fa\u00e9 \u00e0 la t\u00eate de la s\u00e9lection,&hellip;\n","protected":false},"author":2,"featured_media":171691,"comment_status":"","ping_status":"","sticky":false,"template":"","format":"standard","meta":{"footnotes":"","_share_on_mastodon":"0"},"categories":[154],"tags":[1012,216,12576,308,46],"class_list":["post-171690","post","type-post","status-publish","format-standard","has-post-thumbnail","category-cote-divoire","tag-actualite-en-continu","tag-cote-divoire","tag-equipe-cote-divoire-football","tag-football","tag-sport"],"share_on_mastodon":{"url":"https:\/\/pubeurope.com\/@afrique\/117022752862546469","error":""},"_links":{"self":[{"href":"https:\/\/www.europesays.com\/afrique\/wp-json\/wp\/v2\/posts\/171690","targetHints":{"allow":["GET"]}}],"collection":[{"href":"https:\/\/www.europesays.com\/afrique\/wp-json\/wp\/v2\/posts"}],"about":[{"href":"https:\/\/www.europesays.com\/afrique\/wp-json\/wp\/v2\/types\/post"}],"author":[{"embeddable":true,"href":"https:\/\/www.europesays.com\/afrique\/wp-json\/wp\/v2\/users\/2"}],"replies":[{"embeddable":true,"href":"https:\/\/www.europesays.com\/afrique\/wp-json\/wp\/v2\/comments?post=171690"}],"version-history":[{"count":0,"href":"https:\/\/www.europesays.com\/afrique\/wp-json\/wp\/v2\/posts\/171690\/revisions"}],"wp:featuredmedia":[{"embeddable":true,"href":"https:\/\/www.europesays.com\/afrique\/wp-json\/wp\/v2\/media\/171691"}],"wp:attachment":[{"href":"https:\/\/www.europesays.com\/afrique\/wp-json\/wp\/v2\/media?parent=171690"}],"wp:term":[{"taxonomy":"category","embeddable":true,"href":"https:\/\/www.europesays.com\/afrique\/wp-json\/wp\/v2\/categories?post=171690"},{"taxonomy":"post_tag","embeddable":true,"href":"https:\/\/www.europesays.com\/afrique\/wp-json\/wp\/v2\/tags?post=171690"}],"curies":[{"name":"wp","href":"https:\/\/api.w.org\/{rel}","templated":true}]}}