{"id":172034,"date":"2026-08-02T12:50:14","date_gmt":"2026-08-02T12:50:14","guid":{"rendered":"https:\/\/www.europesays.com\/afrique\/172034\/"},"modified":"2026-08-02T12:50:14","modified_gmt":"2026-08-02T12:50:14","slug":"mercato-apres-lannonce-de-colo-colo-vozinha-fait-volte-face-vers-le-maroc","status":"publish","type":"post","link":"https:\/\/www.europesays.com\/afrique\/172034\/","title":{"rendered":"Mercato : Apr\u00e8s l&rsquo;annonce de Colo-Colo, Vozinha fait volte-face vers le Maroc"},"content":{"rendered":"<p>Vozinha, gardien cap-verdien de 40 ans, a report\u00e9 \u00e0 plusieurs reprises son voyage vers Colo-Colo, entra\u00eenant un revirement inattendu dans sa carri\u00e8re, avec des n\u00e9gociations en cours pour rejoindre la Renaissance Sportive de Berkane au Maroc.<\/p>\n<p class=\"firstp\">Le mercato r\u00e9serve parfois des rebondissements inattendus. C\u2019est le cas pour Vozinha : alors que son arriv\u00e9e au Chili semblait act\u00e9e, le gardien cap-verdien de 40 ans s\u2019appr\u00eate finalement \u00e0 snober Colo-Colo, malgr\u00e9 l\u2019annonce officielle faite par le club chilien.<\/p>\n<p>R\u00e9v\u00e9l\u00e9 au grand public lors du Mondial 2026 avec le Cap-Vert, le portier exp\u00e9riment\u00e9 avait \u00e9t\u00e9 pr\u00e9sent\u00e9 comme l\u2019une des recrues phares de Colo-Colo. Le club de Santiago avait m\u00eame publi\u00e9 un message de bienvenue sur ses r\u00e9seaux sociaux, laissant croire \u00e0 un dossier boucl\u00e9.        <\/p>\n<p>            <a class=\"snw-inpost-recirc__link\" href=\"https:\/\/www.senenews.com\/actualites\/sport\/transfert-le-gardien-du-cap-vert-vozinha-signe-a-colo-colo-au-chili_594757.html\" aria-label=\"Sur le m\u00eame sujet : Transfert : Le gardien du Cap-vert, Vozinha, signe \u00e0 Colo Colo au Chili\" rel=\"nofollow noopener\" target=\"_blank\"><br \/>\n                                <img data-  width=\"800\" height=\"533\" src=\"https:\/\/www.europesays.com\/afrique\/wp-content\/uploads\/2026\/08\/66543-800x533.jpg\" class=\"attachment-senenews-single-md size-senenews-single-md wp-post-image lazy\" alt=\"Transfert : Le gardien du Cap-vert, Vozinha, signe \u00e0 Colo Colo au Chili\" loading=\"lazy\" decoding=\"async\" style=\"width:100%;height:100%;object-fit:cover;object-position:center\" title=\"Transfert : Le gardien du Cap-vert, Vozinha, signe \u00e0 Colo Colo au Chili 2\"\/>Transfert : Le gardien du Cap-vert, Vozinha, signe \u00e0 Colo Colo au Chili<\/p>\n<p>                                        Transfert : Le gardien du Cap-vert, Vozinha, signe \u00e0 Colo Colo au Chili<\/p>\n<p>            <\/a><\/p>\n<p>Mais l\u2019op\u00e9ration a rapidement d\u00e9rap\u00e9. Pr\u00e9vu pour se rendre au Chili afin de finaliser son transfert, Vozinha a report\u00e9 son voyage \u00e0 trois reprises, alimentant les interrogations autour de son avenir.\n<\/p>\n<p>Cap sur le Maroc<\/p>\n<p>Alors que Colo-Colo pensait tenir son nouveau gardien, Vozinha aurait chang\u00e9 ses plans. Le Cap-verdien est d\u00e9sormais annonc\u00e9 proche de la Renaissance Sportive de Berkane, o\u00f9 les n\u00e9gociations se seraient nettement acc\u00e9l\u00e9r\u00e9es ces derni\u00e8res heures.        <\/p>\n<p>            <a class=\"snw-inpost-recirc__link\" href=\"https:\/\/www.senenews.com\/actualites\/succession-de-pape-thiaw-herve-renard-seloigne-de-lequipe-nationale-du-senegal_595515.html\" aria-label=\"Sur le m\u00eame sujet : Succession de Pape Thiaw : Herv\u00e9 Renard s\u2019\u00e9loigne de l\u2019\u00e9quipe nationale du S\u00e9n\u00e9gal\" rel=\"nofollow noopener\" target=\"_blank\"><br \/>\n                                <img data-  width=\"800\" height=\"500\" src=\"https:\/\/www.europesays.com\/afrique\/wp-content\/uploads\/2026\/08\/w2crg6ejxra4lplz54pxkmcfry-800x500.jpg\" class=\"attachment-senenews-single-md size-senenews-single-md wp-post-image lazy\" alt=\"Succession de Pape Thiaw : Herv\u00e9 Renard s\u2019\u00e9loigne de l\u2019\u00e9quipe nationale du S\u00e9n\u00e9gal\" loading=\"lazy\" decoding=\"async\" style=\"width:100%;height:100%;object-fit:cover;object-position:center\" title=\"Succession de Pape Thiaw : Herv\u00e9 Renard s'\u00e9loigne de l'\u00e9quipe nationale du S\u00e9n\u00e9gal 3\"\/>Succession de Pape Thiaw : Herv\u00e9 Renard s\u2019\u00e9loigne de l\u2019\u00e9quipe nationale du S\u00e9n\u00e9gal<\/p>\n<p>                                        Succession de Pape Thiaw : Herv\u00e9 Renard s\u2019\u00e9loigne de l\u2019\u00e9quipe nationale du S\u00e9n\u00e9gal<\/p>\n<p>            <\/a><\/p>\n<p>Selon Globo Esporte, le club marocain se montre particuli\u00e8rement actif dans ce dossier. Berkane aurait d\u2019abord trouv\u00e9 un accord avec Pedro \u00ab Bubista \u00bb Leit\u00e3o, le s\u00e9lectionneur cap-verdien lors du Mondial 2026, avant de se rapprocher directement du gardien \u2014 une d\u00e9marche qui pourrait avoir pes\u00e9 dans ce revirement.\n<\/p>\n<p>Reste d\u00e9sormais au club marocain \u00e0 transmettre une offre officielle \u00e0 Vozinha, qui attend cette proposition avant de donner sa r\u00e9ponse d\u00e9finitive. Ce coup de th\u00e9\u00e2tre place Colo-Colo dans une position d\u00e9licate, le club chilien ayant d\u00e9j\u00e0 communiqu\u00e9 sur l\u2019arriv\u00e9e d\u2019un gardien qui n\u2019a, en d\u00e9finitive, jamais pos\u00e9 le pied \u00e0 Santiago.<\/p>\n<p>\u00c0 40 ans, <a href=\"https:\/\/www.senenews.com\/actualites\/sport\/transfert-le-gardien-du-cap-vert-vozinha-signe-a-colo-colo-au-chili_594757.html\" rel=\"nofollow noopener\" target=\"_blank\">Vozinha<\/a> continue de susciter l\u2019int\u00e9r\u00eat gr\u00e2ce \u00e0 son exp\u00e9rience et \u00e0 ses prestations remarqu\u00e9es lors du Mondial 2026. Apr\u00e8s cette parenth\u00e8se chilienne avort\u00e9e, c\u2019est donc vers l\u2019Afrique, et plus pr\u00e9cis\u00e9ment le Maroc, que pourrait se poursuivre sa carri\u00e8re.\n                    <\/p>\n","protected":false},"excerpt":{"rendered":"Vozinha, gardien cap-verdien de 40 ans, a report\u00e9 \u00e0 plusieurs reprises son voyage vers Colo-Colo, entra\u00eenant un revirement&hellip;\n","protected":false},"author":2,"featured_media":172035,"comment_status":"","ping_status":"","sticky":false,"template":"","format":"standard","meta":{"footnotes":"","_share_on_mastodon":"0"},"categories":[84],"tags":[11,47564],"class_list":["post-172034","post","type-post","status-publish","format-standard","has-post-thumbnail","category-senegal","tag-senegal","tag-vozinha"],"share_on_mastodon":{"url":"https:\/\/pubeurope.com\/@afrique\/117026005289173405","error":""},"_links":{"self":[{"href":"https:\/\/www.europesays.com\/afrique\/wp-json\/wp\/v2\/posts\/172034","targetHints":{"allow":["GET"]}}],"collection":[{"href":"https:\/\/www.europesays.com\/afrique\/wp-json\/wp\/v2\/posts"}],"about":[{"href":"https:\/\/www.europesays.com\/afrique\/wp-json\/wp\/v2\/types\/post"}],"author":[{"embeddable":true,"href":"https:\/\/www.europesays.com\/afrique\/wp-json\/wp\/v2\/users\/2"}],"replies":[{"embeddable":true,"href":"https:\/\/www.europesays.com\/afrique\/wp-json\/wp\/v2\/comments?post=172034"}],"version-history":[{"count":0,"href":"https:\/\/www.europesays.com\/afrique\/wp-json\/wp\/v2\/posts\/172034\/revisions"}],"wp:featuredmedia":[{"embeddable":true,"href":"https:\/\/www.europesays.com\/afrique\/wp-json\/wp\/v2\/media\/172035"}],"wp:attachment":[{"href":"https:\/\/www.europesays.com\/afrique\/wp-json\/wp\/v2\/media?parent=172034"}],"wp:term":[{"taxonomy":"category","embeddable":true,"href":"https:\/\/www.europesays.com\/afrique\/wp-json\/wp\/v2\/categories?post=172034"},{"taxonomy":"post_tag","embeddable":true,"href":"https:\/\/www.europesays.com\/afrique\/wp-json\/wp\/v2\/tags?post=172034"}],"curies":[{"name":"wp","href":"https:\/\/api.w.org\/{rel}","templated":true}]}}