{"id":172584,"date":"2026-08-03T07:38:10","date_gmt":"2026-08-03T07:38:10","guid":{"rendered":"https:\/\/www.europesays.com\/afrique\/172584\/"},"modified":"2026-08-03T07:38:10","modified_gmt":"2026-08-03T07:38:10","slug":"visas-americains-les-maliens-desormais-orientes-vers-dakar-africtelegraph","status":"publish","type":"post","link":"https:\/\/www.europesays.com\/afrique\/172584\/","title":{"rendered":"Visas am\u00e9ricains : les Maliens d\u00e9sormais orient\u00e9s vers Dakar &#8211; Africtelegraph"},"content":{"rendered":"<p>Obtenir un visa am\u00e9ricain depuis Bamako rel\u00e8ve d\u00e9sormais du parcours d\u00e9tourn\u00e9. Les autorit\u00e9s consulaires des \u00c9tats-Unis ont act\u00e9 le transfert vers Dakar des proc\u00e9dures de d\u00e9livrance de visas destin\u00e9s aux Maliens, faisant de la capitale s\u00e9n\u00e9galaise le nouveau point de passage oblig\u00e9 pour rejoindre le territoire am\u00e9ricain. Ce basculement, annonc\u00e9 au terme de plusieurs mois de tensions diplomatiques entre Washington et la junte au pouvoir \u00e0 Bamako, redistribue les flux consulaires dans l\u2019espace ouest-africain.<\/p>\n<p>Un transfert consulaire aux implications r\u00e9gionales<\/p>\n<p>Le dispositif contraint les demandeurs maliens \u00e0 effectuer le d\u00e9placement jusqu\u2019\u00e0 Dakar pour les entretiens et la remise des documents biom\u00e9triques. Concr\u00e8tement, la section consulaire de l\u2019ambassade des \u00c9tats-Unis au S\u00e9n\u00e9gal absorbe une charge suppl\u00e9mentaire, avec un afflux pr\u00e9visible de dossiers venus du voisin sah\u00e9lien. Cette d\u00e9cision s\u2019inscrit dans une reconfiguration plus large de la pr\u00e9sence diplomatique am\u00e9ricaine en Afrique de l\u2019Ouest, o\u00f9 plusieurs repr\u00e9sentations ont vu leurs missions all\u00e9g\u00e9es \u00e0 la suite des coups d\u2019\u00c9tat successifs enregistr\u00e9s au Mali, au Burkina Faso et au Niger.<\/p>\n<p>Pour les candidats maliens, le surco\u00fbt est double. Il faut compter le billet d\u2019avion ou le trajet routier jusqu\u2019\u00e0 Dakar, l\u2019h\u00e9bergement sur place pendant la dur\u00e9e du traitement, et les frais consulaires proprement dits. Cette barri\u00e8re financi\u00e8re risque d\u2019accentuer la s\u00e9lectivit\u00e9 sociale de la mobilit\u00e9 vers les \u00c9tats-Unis, en r\u00e9servant de facto le r\u00eave am\u00e9ricain aux cat\u00e9gories ais\u00e9es ou disposant d\u2019appuis \u00e0 l\u2019\u00e9tranger. Les \u00e9tudiants, chercheurs et hommes d\u2019affaires figurent parmi les publics les plus affect\u00e9s par ce d\u00e9placement forc\u00e9 des proc\u00e9dures.<\/p>\n<p>Dakar, plateforme diplomatique consolid\u00e9e<\/p>\n<p>Le choix de la capitale s\u00e9n\u00e9galaise n\u2019a rien d\u2019un hasard. Dakar demeure l\u2019un des rares postes diplomatiques ouest-africains o\u00f9 Washington maintient une empreinte \u00e9toff\u00e9e, avec des services consulaires op\u00e9rationnels et une infrastructure s\u00e9curitaire jug\u00e9e fiable. Le S\u00e9n\u00e9gal, partenaire historique des \u00c9tats-Unis et b\u00e9n\u00e9ficiaire r\u00e9gulier de programmes de coop\u00e9ration, se retrouve confort\u00e9 dans son r\u00f4le de plateforme r\u00e9gionale. La ville accueille d\u00e9j\u00e0 plusieurs repr\u00e9sentations consulaires assurant des missions transfrontali\u00e8res pour le compte de pays europ\u00e9ens ou asiatiques.<\/p>\n<p>Cette centralisation \u00e0 Dakar renforce l\u2019image du S\u00e9n\u00e9gal comme point d\u2019ancrage occidental dans une Afrique de l\u2019Ouest recompos\u00e9e. Elle intervient au moment o\u00f9 l\u2019Alliance des \u00c9tats du Sahel, form\u00e9e par le Mali, le Burkina Faso et le Niger, poursuit sa rupture avec les partenariats traditionnels et son rapprochement avec Moscou. Le contraste diplomatique entre les deux blocs se traduit d\u00e9sormais jusque dans les circuits administratifs emprunt\u00e9s par les citoyens ordinaires.<\/p>\n<p>Une mobilit\u00e9 recompos\u00e9e sous contrainte politique<\/p>\n<p>Les autorit\u00e9s am\u00e9ricaines justifient ce type de transfert par des imp\u00e9ratifs de s\u00e9curit\u00e9 et de qualit\u00e9 de service. Depuis les crises politiques successives \u00e0 Bamako, plusieurs ambassades occidentales ont r\u00e9duit leur personnel non essentiel, quand elles n\u2019ont pas suspendu certaines de leurs activit\u00e9s. Le traitement des visas fait partie des premi\u00e8res fonctions \u00e0 \u00eatre d\u00e9localis\u00e9es lorsque la situation s\u00e9curitaire ou diplomatique se d\u00e9grade. Cette pratique, d\u00e9j\u00e0 \u00e9prouv\u00e9e dans d\u2019autres th\u00e9\u00e2tres africains, tend \u00e0 devenir la norme dans la sous-r\u00e9gion.<\/p>\n<p>Pour la diaspora malienne aux \u00c9tats-Unis, estim\u00e9e \u00e0 plusieurs dizaines de milliers de personnes, la d\u00e9cision complique le regroupement familial et les allers-retours. Les transferts financiers en provenance d\u2019Am\u00e9rique du Nord repr\u00e9sentent un apport substantiel \u00e0 l\u2019\u00e9conomie malienne, et toute contraction des flux de mobilit\u00e9 p\u00e8se m\u00e9caniquement sur ce canal. Les acteurs \u00e9conomiques bilat\u00e9raux, en particulier dans le commerce et les services num\u00e9riques, redoutent \u00e9galement un ralentissement des \u00e9changes de personnes qualifi\u00e9es.<\/p>\n<p>Reste \u00e0 mesurer, dans les prochains mois, la capacit\u00e9 de la section consulaire de Dakar \u00e0 absorber la nouvelle demande sans allongement excessif des d\u00e9lais. La logistique du visa am\u00e9ricain devient, pour les Maliens, un r\u00e9v\u00e9lateur discret mais tangible du r\u00e9alignement g\u00e9opolitique en cours au Sahel. <a href=\"https:\/\/news.google.com\/rss\/articles\/CBMiogFBVV95cUxPVHFtNzJjOXBWQlZ3cXoyWTdIZlF0bnQtNWh1M2NwYmstRk9fdWMteHdMOUFnR29FTTBLejhjUVR4VW04Qmc5SXV5anNBY21KdWFkTi1aVmZXTVdkU2FaTVZodWZFdUdHZmRERVFtYUdzN29kaXJzYURjblQ4cm8xb0xwbk10aHlyQ0tzZ1NONlFBZzRUUVJCYmI3cEktZWpGbkE?oc=5\" rel=\"noopener external nofollow\" target=\"_blank\">Selon Dakaractu<\/a>, le dispositif est d\u00e9j\u00e0 entr\u00e9 en vigueur pour l\u2019ensemble des cat\u00e9gories de visas concern\u00e9es.<\/p>\n<p>Pour aller plus loin<\/p>\n<p><a href=\"https:\/\/africtelegraph.com\/blog\/le-maroc-baptise-une-autoroute-de-1055-km-du-nom-de-donald-trump\/\" rel=\"nofollow noopener\" target=\"_blank\">Le Maroc baptise une autoroute de 1055 km du nom de Donald Trump<\/a> \u00b7 <a href=\"https:\/\/africtelegraph.com\/blog\/candidature-ougandaise-a-lonu-la-charge-de-madiambal-diagne\/\" rel=\"nofollow noopener\" target=\"_blank\">Candidature ougandaise \u00e0 l\u2019ONU : la charge de Madiambal Diagne<\/a> \u00b7 <a href=\"https:\/\/africtelegraph.com\/blog\/francophonie-coumba-ba-intensifie-sa-campagne-en-asie-du-sud-est\/\" rel=\"nofollow noopener\" target=\"_blank\">Francophonie : Coumba B\u00e2 intensifie sa campagne en Asie du Sud-Est<\/a><\/p>\n<p>J\u2019aime \u00e7a\u00a0:<\/p>\n<p>J\u2019aime chargement\u2026<\/p>\n<p><a class=\"sd-link-color\"\/><\/p>\n<p>\n\tSimilaire<\/p>\n","protected":false},"excerpt":{"rendered":"Obtenir un visa am\u00e9ricain depuis Bamako rel\u00e8ve d\u00e9sormais du parcours d\u00e9tourn\u00e9. Les autorit\u00e9s consulaires des \u00c9tats-Unis ont act\u00e9&hellip;\n","protected":false},"author":2,"featured_media":172585,"comment_status":"","ping_status":"","sticky":false,"template":"","format":"standard","meta":{"footnotes":"","_share_on_mastodon":"0"},"categories":[84],"tags":[6908,195,857,193,3747,1950,11,53193],"class_list":["post-172584","post","type-post","status-publish","format-standard","has-post-thumbnail","category-senegal","tag-consulat","tag-dakar","tag-diplomatie","tag-etats-unis","tag-mali","tag-sahel","tag-senegal","tag-visa-americain"],"share_on_mastodon":{"url":"https:\/\/pubeurope.com\/@afrique\/117030440550654999","error":""},"_links":{"self":[{"href":"https:\/\/www.europesays.com\/afrique\/wp-json\/wp\/v2\/posts\/172584","targetHints":{"allow":["GET"]}}],"collection":[{"href":"https:\/\/www.europesays.com\/afrique\/wp-json\/wp\/v2\/posts"}],"about":[{"href":"https:\/\/www.europesays.com\/afrique\/wp-json\/wp\/v2\/types\/post"}],"author":[{"embeddable":true,"href":"https:\/\/www.europesays.com\/afrique\/wp-json\/wp\/v2\/users\/2"}],"replies":[{"embeddable":true,"href":"https:\/\/www.europesays.com\/afrique\/wp-json\/wp\/v2\/comments?post=172584"}],"version-history":[{"count":0,"href":"https:\/\/www.europesays.com\/afrique\/wp-json\/wp\/v2\/posts\/172584\/revisions"}],"wp:featuredmedia":[{"embeddable":true,"href":"https:\/\/www.europesays.com\/afrique\/wp-json\/wp\/v2\/media\/172585"}],"wp:attachment":[{"href":"https:\/\/www.europesays.com\/afrique\/wp-json\/wp\/v2\/media?parent=172584"}],"wp:term":[{"taxonomy":"category","embeddable":true,"href":"https:\/\/www.europesays.com\/afrique\/wp-json\/wp\/v2\/categories?post=172584"},{"taxonomy":"post_tag","embeddable":true,"href":"https:\/\/www.europesays.com\/afrique\/wp-json\/wp\/v2\/tags?post=172584"}],"curies":[{"name":"wp","href":"https:\/\/api.w.org\/{rel}","templated":true}]}}