{"id":174259,"date":"2026-08-05T04:44:32","date_gmt":"2026-08-05T04:44:32","guid":{"rendered":"https:\/\/www.europesays.com\/afrique\/174259\/"},"modified":"2026-08-05T04:44:32","modified_gmt":"2026-08-05T04:44:32","slug":"football-herve-renard-sapprete-a-faire-son-retour-sur-le-banc-de-la-cote-divoire","status":"publish","type":"post","link":"https:\/\/www.europesays.com\/afrique\/174259\/","title":{"rendered":"Football. Herv\u00e9 Renard s\u2019appr\u00eate \u00e0 faire son retour sur le banc de la C\u00f4te d\u2019Ivoire"},"content":{"rendered":"<p data-ofstats-scroll=\"read_depth_20\">Herv\u00e9 Renard se pr\u00e9pare \u00e0 un retour sur le banc ivoirien dans les prochains jours, selon les informations r\u00e9v\u00e9l\u00e9es par <a href=\"https:\/\/www.leparisien.fr\/sports\/football\/herve-renard-tout-proche-dun-retour-sur-le-banc-de-la-cote-divoire-03-08-2026-K4P7KVH2GFBLFIL4MSRDN3HM24.php\" target=\"_blank\" rel=\"nofollow noopener\">Le Parisien<\/a>.\u00a0Libre de tout contrat apr\u00e8s <a href=\"https:\/\/www.ouest-france.fr\/sport\/coupe-du-monde\/coupe-du-monde-il-ny-a-pas-de-magicien-dans-le-football-insiste-herve-renard-avant-tunisie-japon-e65cd522-6c60-11f1-971c-5aa54f866c16\" target=\"_blank\" rel=\"nofollow noopener\">\u00eatre arriv\u00e9 en urgence sur le banc tunisien lors de la Coupe du monde<\/a> cet \u00e9t\u00e9, le technicien fran\u00e7ais \u00e9tait convoit\u00e9 par de nombreuses f\u00e9d\u00e9rations ces derni\u00e8res semaines et semble avoir choisi comme destination la C\u00f4te d\u2019Ivoire.<\/p>\n<p data-ofstats-scroll=\"read_depth_40\">L\u2019entra\u00eeneur de 57\u00a0ans devrait prendre la suite d\u2019\u00c9merse Fa\u00e9 au poste de s\u00e9lectionneur des \u00c9l\u00e9phants\u00a0apr\u00e8s le <a href=\"https:\/\/www.ouest-france.fr\/sport\/football\/equipe-cote-d-ivoire\/je-nai-pas-dexplication-emerse-fae-confie-avoir-ete-pousse-vers-la-sortie-par-la-cote-divoire-a63535be-8ddc-11f1-91ed-1c452045cb8b\" target=\"_blank\" rel=\"nofollow noopener\">d\u00e9part surprise de ce dernier<\/a> ce 1er\u00a0ao\u00fbt. L\u2019ancien milieu de terrain du FC Nantes, nomm\u00e9 \u00e0 l\u2019hiver 2024 en remplacement de Jean-Louis Gasset, avait pourtant conduit son pays jusqu\u2019au titre de champion d\u2019Afrique il y a deux ans avant de d\u00e9passer le premier tour du Mondial pour la premi\u00e8re fois de l\u2019histoire de la C\u00f4te d\u2019Ivoire, cet \u00e9t\u00e9 aux \u00c9tats-Unis.<\/p>\n<p data-ofstats-scroll=\"read_depth_60\">Des r\u00e9sultats qui n\u2019ont pas emp\u00each\u00e9 la F\u00e9d\u00e9ration ivoirienne et son pr\u00e9sident Idriss Diallo de lui faire payer <a href=\"https:\/\/www.ouest-france.fr\/sport\/coupe-du-monde\/direct\/direct-cote-d-ivoire-norvege-suivez-le-16e-de-finale-de-coupe-du-monde-en-live-4afe1cb6-62ec-423e-a710-dbd271523698\" target=\"_blank\" rel=\"nofollow noopener\">l\u2019\u00e9limination cruelle en seizi\u00e8mes de finale de la Coupe du monde face \u00e0 la Norv\u00e8ge<\/a>\u00a0(2-1). Les dirigeants de l\u2019instance semblent privil\u00e9gier un profil plus exp\u00e9riment\u00e9 en vue de la Coupe d\u2019Afrique des Nations\u00a0(CAN) 2027, un crit\u00e8re sur lequel personne n\u2019est mieux plac\u00e9 qu\u2019Herv\u00e9 Renard, pass\u00e9 par cinq s\u00e9lections diff\u00e9rentes du continent, dont la C\u00f4te d\u2019Ivoire, d\u00e9j\u00e0, entre 2014 et 2015.<\/p>\n<p>        Au bon souvenir de la CAN 2015<\/p>\n<p data-ofstats-scroll=\"read_depth_80\">L\u2019ancien joueur de Cannes a remport\u00e9 deux fois la CAN au cours de sa carri\u00e8re d\u2019entra\u00eeneur\u00a0: une premi\u00e8re avec la Zambie en 2012, puis une seconde avec la C\u00f4te d\u2019Ivoire lors de l\u2019\u00e9dition 2015 du tournoi continental. Ce dernier succ\u00e8s lui accorde la confiance de la F\u00e9d\u00e9ration ivoirienne, m\u00eame apr\u00e8s des derni\u00e8res exp\u00e9riences plus mitig\u00e9es, \u00e0 l\u2019instar de son passage au poste de s\u00e9lectionneur de la Tunisie lors de la Coupe du monde, qui s\u2019est sold\u00e9 par deux d\u00e9faites en deux matchs. Herv\u00e9 Renard avait estim\u00e9 que \u00ab\u00a0la situation \u00e9tait compliqu\u00e9e\u00a0\u00bb, tout en rappelant qu\u2019il avait dispos\u00e9 d\u2019un \u00ab laps de temps tr\u00e8s court\u00a0\u00bb apr\u00e8s cette exp\u00e9rience frustrante.<\/p>\n<p data-ofstats-scroll=\"read_depth_80\">Lire aussi\u00a0: <a href=\"https:\/\/www.ouest-france.fr\/sport\/football\/transferts\/football-nous-nen-sommes-pas-encore-la-et-si-le-transfert-de-yan-diomande-au-real-madrid-naboutissait-pas-24246d8a-8f6f-11f1-bac6-43ee9437487c\" target=\"_blank\" rel=\"nofollow noopener\"> \u00ab\u00a0Nous n\u2019en sommes pas encore l\u00e0\u00a0\u00bb\u00a0: et si le transfert de Yan Diomand\u00e9 au Real Madrid n\u2019aboutissait pas\u00a0?<\/a><\/p>\n<p data-ofstats-scroll=\"read_depth_100\">L\u2019ancien technicien de Sochaux ou de Lille aura maintenant du temps \u00e0 sa disposition pour construire un projet autour de jeunes talents qui ont impressionn\u00e9 lors du Mondial comme Christ Inao-Oula\u00ef ou Yan Diomand\u00e9 et esp\u00e9rer retrouver la gloire sur le continent qui l\u2019a vu \u00e9clore en tant que coach.<\/p>\n","protected":false},"excerpt":{"rendered":"Herv\u00e9 Renard se pr\u00e9pare \u00e0 un retour sur le banc ivoirien dans les prochains jours, selon les informations&hellip;\n","protected":false},"author":2,"featured_media":174260,"comment_status":"","ping_status":"","sticky":false,"template":"","format":"standard","meta":{"footnotes":"","_share_on_mastodon":"0"},"categories":[154],"tags":[1012,216,1010,12576,308,46,53576],"class_list":["post-174259","post","type-post","status-publish","format-standard","has-post-thumbnail","category-cote-divoire","tag-actualite-en-continu","tag-cote-divoire","tag-coupe-dafrique-des-nations","tag-equipe-cote-divoire-football","tag-football","tag-sport","tag-transferts-mercato"],"share_on_mastodon":{"url":"https:\/\/pubeurope.com\/@afrique\/117041080830430851","error":""},"_links":{"self":[{"href":"https:\/\/www.europesays.com\/afrique\/wp-json\/wp\/v2\/posts\/174259","targetHints":{"allow":["GET"]}}],"collection":[{"href":"https:\/\/www.europesays.com\/afrique\/wp-json\/wp\/v2\/posts"}],"about":[{"href":"https:\/\/www.europesays.com\/afrique\/wp-json\/wp\/v2\/types\/post"}],"author":[{"embeddable":true,"href":"https:\/\/www.europesays.com\/afrique\/wp-json\/wp\/v2\/users\/2"}],"replies":[{"embeddable":true,"href":"https:\/\/www.europesays.com\/afrique\/wp-json\/wp\/v2\/comments?post=174259"}],"version-history":[{"count":0,"href":"https:\/\/www.europesays.com\/afrique\/wp-json\/wp\/v2\/posts\/174259\/revisions"}],"wp:featuredmedia":[{"embeddable":true,"href":"https:\/\/www.europesays.com\/afrique\/wp-json\/wp\/v2\/media\/174260"}],"wp:attachment":[{"href":"https:\/\/www.europesays.com\/afrique\/wp-json\/wp\/v2\/media?parent=174259"}],"wp:term":[{"taxonomy":"category","embeddable":true,"href":"https:\/\/www.europesays.com\/afrique\/wp-json\/wp\/v2\/categories?post=174259"},{"taxonomy":"post_tag","embeddable":true,"href":"https:\/\/www.europesays.com\/afrique\/wp-json\/wp\/v2\/tags?post=174259"}],"curies":[{"name":"wp","href":"https:\/\/api.w.org\/{rel}","templated":true}]}}