{"id":174898,"date":"2026-08-05T20:12:09","date_gmt":"2026-08-05T20:12:09","guid":{"rendered":"https:\/\/www.europesays.com\/afrique\/174898\/"},"modified":"2026-08-05T20:12:09","modified_gmt":"2026-08-05T20:12:09","slug":"pollution-une-odeur-de-brule-persistante-autour-de-lusine-de-mbambara","status":"publish","type":"post","link":"https:\/\/www.europesays.com\/afrique\/174898\/","title":{"rendered":"Pollution : une odeur de br\u00fbl\u00e9 persistante autour de l&rsquo;usine de Mbambara"},"content":{"rendered":"<p>\t\t\t\t\t Depuis quelques jours, la situation s\u2019est sensiblement aggrav\u00e9e autour de cette unit\u00e9 industrielle sp\u00e9cialis\u00e9e dans la transformation du poisson, implant\u00e9e sur une zone fluvio-maritime sans \u00e9tude d&rsquo;impact environnemental pr\u00e9alable. Une odeur pestilentielle continue de se r\u00e9pandre dans l&rsquo;air, contaminant selon eux les concessions des villages voisins, un ph\u00e9nom\u00e8ne d\u00e9j\u00e0 document\u00e9 par le pass\u00e9 autour de cette m\u00eame usine, comme le rappelle <a class=\"liens\" href=\"https:\/\/www.ndarinfo.com\/Usine-chinoise-de-Mbambara-la-fumee-grisatre-est-elle-cancerigene_a22003.html\" rel=\"nofollow noopener\" target=\"_blank\">la fum\u00e9e gris\u00e2tre d\u00e9gag\u00e9e par cette usine, d\u00e9j\u00e0 point\u00e9e du doigt pour ses effets potentiellement canc\u00e9rig\u00e8nes<\/a>. <\/p>\n<p>Une ferme recommandation aurait pourtant d\u00e9j\u00e0 \u00e9t\u00e9 formul\u00e9e pour que l&rsquo;unit\u00e9 industrielle installe des filtres destin\u00e9s \u00e0 limiter les nuisances subies par les populations environnantes. Mais la persistance de la forte odeur d\u00e9gag\u00e9e par le site tend \u00e0 d\u00e9montrer que ces consignes ne sont pas respect\u00e9es. Cette situation s&rsquo;inscrit dans un contexte plus large de multiplication des tensions autour des usines de transformation halieutique au S\u00e9n\u00e9gal, plusieurs alertes similaires ayant d\u00e9j\u00e0 \u00e9t\u00e9 lanc\u00e9es par des organisations environnementales, comme le montre <a class=\"liens\" href=\"https:\/\/www.ndarinfo.com\/Proliferation-des-usines-farines-de-poisson-Greenpeace-lance-une-nouvelle-alerte_a32276.html\" rel=\"nofollow noopener\" target=\"_blank\">la mise en garde de Greenpeace face \u00e0 la prolif\u00e9ration de ces usines dans plusieurs localit\u00e9s c\u00f4ti\u00e8res du pays<\/a>. <\/p>\n<p>Face \u00e0 cette situation, un collectif de riverains a d\u00e9cid\u00e9 d&rsquo;engager le combat en saisissant le minist\u00e8re de l&rsquo;Environnement, dans l&rsquo;espoir de mettre un terme \u00e0 ces d\u00e9versements atmosph\u00e9riques aux cons\u00e9quences jug\u00e9es dangereuses pour la sant\u00e9 publique, en particulier pour les personnes asthmatiques. Le collectif esp\u00e8re ainsi obtenir des mesures contraignantes \u00e0 l&rsquo;encontre de l&rsquo;exploitant, afin de garantir un cadre de vie sain aux populations riveraines de l&rsquo;usine. <br \/>\u00a0\n\t\t\t\t <\/p>\n","protected":false},"excerpt":{"rendered":"Depuis quelques jours, la situation s\u2019est sensiblement aggrav\u00e9e autour de cette unit\u00e9 industrielle sp\u00e9cialis\u00e9e dans la transformation du&hellip;\n","protected":false},"author":2,"featured_media":174899,"comment_status":"","ping_status":"","sticky":false,"template":"","format":"standard","meta":{"footnotes":"","_share_on_mastodon":"0"},"categories":[84],"tags":[53741,53742,53743,50068,11],"class_list":["post-174898","post","type-post","status-publish","format-standard","has-post-thumbnail","category-senegal","tag-asthme","tag-farine-de-poisson","tag-mbambara","tag-ministere-de-l","tag-senegal"],"share_on_mastodon":{"url":"https:\/\/pubeurope.com\/@afrique\/117044729837546595","error":""},"_links":{"self":[{"href":"https:\/\/www.europesays.com\/afrique\/wp-json\/wp\/v2\/posts\/174898","targetHints":{"allow":["GET"]}}],"collection":[{"href":"https:\/\/www.europesays.com\/afrique\/wp-json\/wp\/v2\/posts"}],"about":[{"href":"https:\/\/www.europesays.com\/afrique\/wp-json\/wp\/v2\/types\/post"}],"author":[{"embeddable":true,"href":"https:\/\/www.europesays.com\/afrique\/wp-json\/wp\/v2\/users\/2"}],"replies":[{"embeddable":true,"href":"https:\/\/www.europesays.com\/afrique\/wp-json\/wp\/v2\/comments?post=174898"}],"version-history":[{"count":0,"href":"https:\/\/www.europesays.com\/afrique\/wp-json\/wp\/v2\/posts\/174898\/revisions"}],"wp:featuredmedia":[{"embeddable":true,"href":"https:\/\/www.europesays.com\/afrique\/wp-json\/wp\/v2\/media\/174899"}],"wp:attachment":[{"href":"https:\/\/www.europesays.com\/afrique\/wp-json\/wp\/v2\/media?parent=174898"}],"wp:term":[{"taxonomy":"category","embeddable":true,"href":"https:\/\/www.europesays.com\/afrique\/wp-json\/wp\/v2\/categories?post=174898"},{"taxonomy":"post_tag","embeddable":true,"href":"https:\/\/www.europesays.com\/afrique\/wp-json\/wp\/v2\/tags?post=174898"}],"curies":[{"name":"wp","href":"https:\/\/api.w.org\/{rel}","templated":true}]}}