{"id":175479,"date":"2026-08-06T12:41:09","date_gmt":"2026-08-06T12:41:09","guid":{"rendered":"https:\/\/www.europesays.com\/afrique\/175479\/"},"modified":"2026-08-06T12:41:09","modified_gmt":"2026-08-06T12:41:09","slug":"tgcc-decroche-le-marche-de-reconstruction-du-stade-tessema-pour-182-milliard-de-dh","status":"publish","type":"post","link":"https:\/\/www.europesays.com\/afrique\/175479\/","title":{"rendered":"TGCC d\u00e9croche le march\u00e9 de reconstruction du stade Tessema pour 1,82 milliard de DH"},"content":{"rendered":"<p>Selon les r\u00e9sultats de la consultation, TGCC a pr\u00e9sent\u00e9 une offre moins \u00e9lev\u00e9e que celle de son concurrent. SGTM avait propos\u00e9 1,883 milliard de dirhams, ce qui a permis \u00e0 TGCC de d\u00e9crocher le contrat. Les deux entreprises sont cot\u00e9es \u00e0 la Bourse de Casablanca.<\/p>\n<p>Ce march\u00e9 constitue le deuxi\u00e8me lot du projet de reconstruction du stade. Le premier, consacr\u00e9 aux travaux de d\u00e9molition, de terrassement et de pr\u00e9paration du site, avait \u00e9t\u00e9 attribu\u00e9 \u00e0 SNTRO pour un montant de 36,43 millions de dirhams.<\/p>\n<p>Le nouveau contrat porte sur l&rsquo;ensemble des travaux de construction de l&rsquo;enceinte sportive, notamment le gros \u0153uvre, la charpente m\u00e9tallique, les ouvrages d&rsquo;\u00e9tanch\u00e9it\u00e9, les rev\u00eatements, les faux plafonds, les menuiseries, les travaux de peinture ainsi que les diff\u00e9rentes finitions. La dur\u00e9e d&rsquo;ex\u00e9cution des travaux est fix\u00e9e \u00e0 18 mois.<\/p>\n<p>\u00c9difi\u00e9 sur un terrain de 6,62 hectares, dans l&rsquo;arrondissement de Ben M&rsquo;Sik \u00e0 Casablanca, le futur stade remplacera une infrastructure devenue v\u00e9tuste. Il offrira une capacit\u00e9 de 30.000 places et int\u00e9grera des \u00e9quipements r\u00e9pondant aux standards actuels, notamment des syst\u00e8mes de gestion intelligente de l&rsquo;\u00e9nergie et de l&rsquo;eau, un \u00e9clairage LED, une connectivit\u00e9 Wi-Fi, des \u00e9crans interactifs, des dispositifs de diffusion des \u00e9v\u00e9nements ainsi que des am\u00e9nagements garantissant une accessibilit\u00e9 compl\u00e8te aux personnes \u00e0 mobilit\u00e9 r\u00e9duite.<\/p>\n<p>Avec cette nouvelle attribution, le montant global des march\u00e9s d\u00e9j\u00e0 engag\u00e9s pour la reconstruction du stade Tessema atteint 2,57 milliards de dirhams.<\/p>\n<p>Le projet avait auparavant franchi plusieurs \u00e9tapes cl\u00e9s. Le concours d&rsquo;architecture a \u00e9t\u00e9 remport\u00e9 par Krim Youness, du cabinet My Group Architecture, pour une enveloppe de 675,8 millions de dirhams. <\/p>\n<p>Plusieurs march\u00e9s techniques ont \u00e9galement \u00e9t\u00e9 attribu\u00e9s, notamment au LPEE pour les \u00e9tudes g\u00e9otechniques, \u00e0 Grid International Consulting \/ Diagonale Management pour les \u00e9tudes techniques et le suivi des travaux, \u00e0 SEPSI pour les \u00e9tudes de s\u00e9curit\u00e9 incendie et \u00e0 Dekra Inspection SA pour le contr\u00f4le technique et l&rsquo;optimisation des \u00e9tudes.<\/p>\n<p>\u00a0<\/p>\n<p>\u00a0<\/p>\n","protected":false},"excerpt":{"rendered":"Selon les r\u00e9sultats de la consultation, TGCC a pr\u00e9sent\u00e9 une offre moins \u00e9lev\u00e9e que celle de son concurrent.&hellip;\n","protected":false},"author":2,"featured_media":175480,"comment_status":"","ping_status":"","sticky":false,"template":"","format":"standard","meta":{"footnotes":"","_share_on_mastodon":"0"},"categories":[83],"tags":[53850,1378,5881,32761,86,53848,53849,53847,53846],"class_list":["post-175479","post","type-post","status-publish","format-standard","has-post-thumbnail","category-maroc","tag-btp-maroc","tag-casablanca","tag-infrastructures-sportives","tag-marche-public","tag-maroc","tag-reconstruction-stade","tag-sgtm","tag-stade-tessema","tag-tgcc"],"share_on_mastodon":{"url":"https:\/\/pubeurope.com\/@afrique\/117048618804327321","error":""},"_links":{"self":[{"href":"https:\/\/www.europesays.com\/afrique\/wp-json\/wp\/v2\/posts\/175479","targetHints":{"allow":["GET"]}}],"collection":[{"href":"https:\/\/www.europesays.com\/afrique\/wp-json\/wp\/v2\/posts"}],"about":[{"href":"https:\/\/www.europesays.com\/afrique\/wp-json\/wp\/v2\/types\/post"}],"author":[{"embeddable":true,"href":"https:\/\/www.europesays.com\/afrique\/wp-json\/wp\/v2\/users\/2"}],"replies":[{"embeddable":true,"href":"https:\/\/www.europesays.com\/afrique\/wp-json\/wp\/v2\/comments?post=175479"}],"version-history":[{"count":0,"href":"https:\/\/www.europesays.com\/afrique\/wp-json\/wp\/v2\/posts\/175479\/revisions"}],"wp:featuredmedia":[{"embeddable":true,"href":"https:\/\/www.europesays.com\/afrique\/wp-json\/wp\/v2\/media\/175480"}],"wp:attachment":[{"href":"https:\/\/www.europesays.com\/afrique\/wp-json\/wp\/v2\/media?parent=175479"}],"wp:term":[{"taxonomy":"category","embeddable":true,"href":"https:\/\/www.europesays.com\/afrique\/wp-json\/wp\/v2\/categories?post=175479"},{"taxonomy":"post_tag","embeddable":true,"href":"https:\/\/www.europesays.com\/afrique\/wp-json\/wp\/v2\/tags?post=175479"}],"curies":[{"name":"wp","href":"https:\/\/api.w.org\/{rel}","templated":true}]}}