{"id":177705,"date":"2026-08-09T06:13:13","date_gmt":"2026-08-09T06:13:13","guid":{"rendered":"https:\/\/www.europesays.com\/afrique\/177705\/"},"modified":"2026-08-09T06:13:13","modified_gmt":"2026-08-09T06:13:13","slug":"le-ministre-turc-des-affaires-etrangeres-legypte-pourrait-adherer-au-traite-de-defense-de-la-mecque","status":"publish","type":"post","link":"https:\/\/www.europesays.com\/afrique\/177705\/","title":{"rendered":"Le ministre turc des Affaires \u00e9trang\u00e8res : L&rsquo;\u00c9gypte pourrait adh\u00e9rer au trait\u00e9 de d\u00e9fense de La Mecque."},"content":{"rendered":"<p class=\"pBody\"><img loading=\"lazy\" decoding=\"async\" class=\"dthumb iCenter\" style=\"width: 1200px; height: 853px;;cursor:pointer\" src=\"https:\/\/www.europesays.com\/afrique\/wp-content\/uploads\/2026\/08\/1786248854319_360d0091631t11280l1-tho-nhi-ky-12.webp\" alt=\"Le ministre turc des Affaires \u00e9trang\u00e8res : L'\u00c9gypte pourrait adh\u00e9rer au trait\u00e9 de d\u00e9fense de La Mecque.\" width=\"1200\" height=\"853\"\/><\/p>\n<p class=\"pCaption\"> Le ministre turc des Affaires \u00e9trang\u00e8res, Hakan Fidan, s&rsquo;exprime lors d&rsquo;une visite \u00e0 la r\u00e9daction de l&rsquo;agence de presse Anadolu, \u00e0 son si\u00e8ge d&rsquo;Ankara, en Turquie, le 8 ao\u00fbt 2026. Photo\u00a0: AA<\/p>\n<p class=\"pBody\"> S&rsquo;exprimant le 8 ao\u00fbt, le ministre des Affaires \u00e9trang\u00e8res Fidan a d\u00e9clar\u00e9 que le pr\u00e9sident turc Recep Tayyip Erdogan souhaitait que cette initiative soit davantage \u00e9largie, au lieu d&rsquo;\u00eatre limit\u00e9e \u00e0 seulement trois pays.<\/p>\n<p class=\"pBody\"> L&rsquo;accord de d\u00e9fense mutuelle de La Mecque a \u00e9t\u00e9 sign\u00e9 par la Turquie, l&rsquo;Arabie saoudite et le Pakistan le 7 ao\u00fbt \u00e0 La Mecque. Aux termes de cet accord, une attaque contre un \u00c9tat membre sera consid\u00e9r\u00e9e comme une attaque contre tous les membres.<\/p>\n<p class=\"pBody\"> L&rsquo;accord a \u00e9galement \u00e9tabli un m\u00e9canisme de coop\u00e9ration <a class=\"data-link\" data-org-href=\"https:\/\/www.vietnam.vn\/fr\/category\/quan-su\" href=\"https:\/\/www.vietnam.vn\/fr\/category\/quan-su\" title=\"militaire\" target=\"_blank\" rel=\"nofollow noopener\">militaire<\/a> , de planification et de coordination de la d\u00e9fense plus \u00e9troites, et a permis l&rsquo;admission de membres suppl\u00e9mentaires avec le consentement des pays fondateurs.<\/p>\n<p class=\"pBody\"> M. Fidan a d\u00e9clar\u00e9 que cet accord \u00e9tait le fruit de pr\u00e8s de trois ann\u00e9es de n\u00e9gociations continues, dans le contexte du besoin de la r\u00e9gion en un m\u00e9canisme de d\u00e9fense collective pour renforcer la stabilit\u00e9 et promouvoir la prosp\u00e9rit\u00e9. <\/p>\n<p class=\"pBody\"><img loading=\"lazy\" decoding=\"async\" class=\"iCenter\" style=\"width: 1200px; height: 931px;;cursor:pointer\" src=\"https:\/\/www.europesays.com\/afrique\/wp-content\/uploads\/2026\/08\/1786248855271_360d0091720t11280l1-tho-nhi-ky-26.webp\" alt=\"Le ministre turc des Affaires \u00e9trang\u00e8res : L'\u00c9gypte pourrait adh\u00e9rer au trait\u00e9 de d\u00e9fense de La Mecque.\" width=\"1200\" height=\"931\"\/><\/p>\n<p class=\"pCaption\"> Le pr\u00e9sident turc Recep Tayyip Erdogan (\u00e0 gauche), le prince h\u00e9ritier saoudien Mohammed ben Salmane (au centre) et <a class=\"data-link\" data-org-href=\"https:\/\/www.vietnam.vn\/fr\/tag\/thu-tuong\" href=\"https:\/\/www.vietnam.vn\/fr\/tag\/thu-tuong\" title=\"Premier ministre\" target=\"_blank\" rel=\"nofollow noopener\">le Premier ministre<\/a> pakistanais Shehbaz Sharif (\u00e0 droite) signent un accord de d\u00e9fense trilat\u00e9ral \u00e0 La Mecque, en Arabie saoudite, le 7 ao\u00fbt 2026. Photo : Palais pr\u00e9sidentiel turc &#8211; Agence Anadolu.<\/p>\n<p class=\"pBody\"> Selon le ministre turc des Affaires \u00e9trang\u00e8res, ce m\u00e9canisme pr\u00e9sente des similitudes techniques avec l&rsquo;article 5 de l&rsquo;OTAN, qui pr\u00e9voit des comit\u00e9s minist\u00e9riels, des comit\u00e9s <a class=\"data-link\" data-org-href=\"https:\/\/www.vietnam.vn\/fr\/category\/chinh-tri\" href=\"https:\/\/www.vietnam.vn\/fr\/category\/chinh-tri\" title=\"politique\" target=\"_blank\" rel=\"nofollow noopener\">politiques<\/a> et militaires, ainsi qu&rsquo;un secr\u00e9tariat permanent charg\u00e9 de superviser la mise en \u0153uvre des d\u00e9cisions. Ce secr\u00e9tariat sera bas\u00e9 en Arabie saoudite. Les deux pays envisagent \u00e9galement d&rsquo;organiser des exercices et des programmes d&rsquo;entra\u00eenement conjoints.<\/p>\n<p class=\"pBody\"> En r\u00e9ponse aux accusations selon lesquelles cette nouvelle alliance viserait l&rsquo;Iran, Fidan a affirm\u00e9 qu&rsquo;il s&rsquo;agissait d&rsquo;un m\u00e9canisme d\u00e9fensif. Il a soulign\u00e9\u00a0: \u00ab\u00a0L&rsquo;Iran n&rsquo;est pas la cible de cette alliance. Tout pays qui ne nous attaque pas n&rsquo;est pas une cible\u00a0\u00bb, ajoutant que les responsables iraniens \u00e9taient au courant de cette initiative suite \u00e0 des discussions ant\u00e9rieures.<\/p>\n<p class=\"pBody\"> Il a \u00e9galement affirm\u00e9 que la Turquie est pr\u00eate \u00e0 continuer de jouer un r\u00f4le de m\u00e9diateur si les parties concern\u00e9es le demandent.<\/p>\n<p class=\"pAuthor\"> Van Binh<\/p>\n<p class=\"pSource\"> Source : Turkiyetoday<\/p>\n<p class=\"mb-0\"> Source : https:\/\/baothanhhoa.vn\/ngoai-truong-tho-nhi-ky-ai-cap-co-the-gia-nhap-hiep-uoc-phong-thu-mecca-297493.htm<\/p>\n","protected":false},"excerpt":{"rendered":"Le ministre turc des Affaires \u00e9trang\u00e8res, Hakan Fidan, s&rsquo;exprime lors d&rsquo;une visite \u00e0 la r\u00e9daction de l&rsquo;agence de&hellip;\n","protected":false},"author":2,"featured_media":177706,"comment_status":"","ping_status":"","sticky":false,"template":"","format":"standard","meta":{"footnotes":"","_share_on_mastodon":"0"},"categories":[122],"tags":[1869,1037,22,139,27095,18864,9188,1260,1742,16250],"class_list":["post-177705","post","type-post","status-publish","format-standard","has-post-thumbnail","category-egypte","tag-accord","tag-arabie-saoudite","tag-defense","tag-egypte","tag-le-president-turc-recep-tayyip-erdogan","tag-mecanisme","tag-ministre-des-affaires-etrangeres","tag-nation","tag-pakistan","tag-rejoindre"],"share_on_mastodon":{"url":"https:\/\/pubeurope.com\/@afrique\/117064080176234327","error":""},"_links":{"self":[{"href":"https:\/\/www.europesays.com\/afrique\/wp-json\/wp\/v2\/posts\/177705","targetHints":{"allow":["GET"]}}],"collection":[{"href":"https:\/\/www.europesays.com\/afrique\/wp-json\/wp\/v2\/posts"}],"about":[{"href":"https:\/\/www.europesays.com\/afrique\/wp-json\/wp\/v2\/types\/post"}],"author":[{"embeddable":true,"href":"https:\/\/www.europesays.com\/afrique\/wp-json\/wp\/v2\/users\/2"}],"replies":[{"embeddable":true,"href":"https:\/\/www.europesays.com\/afrique\/wp-json\/wp\/v2\/comments?post=177705"}],"version-history":[{"count":0,"href":"https:\/\/www.europesays.com\/afrique\/wp-json\/wp\/v2\/posts\/177705\/revisions"}],"wp:featuredmedia":[{"embeddable":true,"href":"https:\/\/www.europesays.com\/afrique\/wp-json\/wp\/v2\/media\/177706"}],"wp:attachment":[{"href":"https:\/\/www.europesays.com\/afrique\/wp-json\/wp\/v2\/media?parent=177705"}],"wp:term":[{"taxonomy":"category","embeddable":true,"href":"https:\/\/www.europesays.com\/afrique\/wp-json\/wp\/v2\/categories?post=177705"},{"taxonomy":"post_tag","embeddable":true,"href":"https:\/\/www.europesays.com\/afrique\/wp-json\/wp\/v2\/tags?post=177705"}],"curies":[{"name":"wp","href":"https:\/\/api.w.org\/{rel}","templated":true}]}}