{"id":178478,"date":"2026-08-10T08:31:12","date_gmt":"2026-08-10T08:31:12","guid":{"rendered":"https:\/\/www.europesays.com\/afrique\/178478\/"},"modified":"2026-08-10T08:31:12","modified_gmt":"2026-08-10T08:31:12","slug":"la-karaka-de-la-goulette-au-coeur-de-nouveaux-travaux-de-preservation","status":"publish","type":"post","link":"https:\/\/www.europesays.com\/afrique\/178478\/","title":{"rendered":"La Karaka de La Goulette au c\u0153ur de nouveaux travaux de pr\u00e9servation"},"content":{"rendered":"<p class=\"wp-block-paragraph\">Les travaux de protection et de pr\u00e9servation de la Karaka de La Goulette se poursuivent. L\u2019Agence de mise en valeur du patrimoine et de promotion culturelle poursuit actuellement l\u2019am\u00e9nagement du p\u00e9rim\u00e8tre ext\u00e9rieur de ce monument historique, avec notamment l\u2019installation d\u2019une cl\u00f4ture de protection le long de son enceinte.<\/p>\n<p class=\"wp-block-paragraph\">Selon l\u2019Agence, cette intervention vise \u00e0 mieux s\u00e9curiser le monument, pr\u00e9server ses structures, organiser son environnement imm\u00e9diat et renforcer la s\u00e9curit\u00e9 des passants.<\/p>\n<p>Un monument embl\u00e9matique de La Goulette<\/p>\n<p class=\"wp-block-paragraph\">Situ\u00e9e \u00e0 l\u2019entr\u00e9e de La Goulette, la Karaka constitue l\u2019un des principaux t\u00e9moins de l\u2019histoire militaire et maritime de la r\u00e9gion de Tunis. Le monument est associ\u00e9 \u00e0 une histoire qui remonte au XVIe si\u00e8cle, lorsque La Goulette occupait une position strat\u00e9gique pour contr\u00f4ler l\u2019acc\u00e8s maritime vers Tunis et le lac de Tunis.<\/p>\n<p class=\"wp-block-paragraph\">Les sources historiques indiquent que le site a connu plusieurs transformations au fil des si\u00e8cles. En 1534, le petit ouvrage est transform\u00e9 en fort par le corsaire et chef militaire ottoman Khayreddine Barberousse. Apr\u00e8s la prise de La Goulette par les Espagnols en 1535, le monument est restaur\u00e9 puis renforc\u00e9. Il conna\u00eetra ensuite d\u2019autres interventions, notamment sous les Ottomans.<\/p>\n<p class=\"wp-block-paragraph\">Lire aussi : <a href=\"https:\/\/www.webdo.tn\/fr\/actualite\/chroniques\/petite-histoire-de-la-karraka-de-la-goulette\/210956\/\" rel=\"nofollow noopener\" target=\"_blank\">Petite histoire de la Karraka de La Goulette<\/a><\/p>\n<p class=\"wp-block-paragraph\">Le monument est officiellement class\u00e9 parmi les monuments historiques de Tunisie depuis le 25 janvier 1922, sous l\u2019appellation de \u00ab Bagne dit El Karaka \u00bb, selon la liste publi\u00e9e par l\u2019Institut national du patrimoine.<\/p>\n<p class=\"wp-block-paragraph\">La Karaka a ainsi connu plusieurs fonctions au cours de son histoire. Initialement con\u00e7ue dans une logique d\u00e9fensive, elle a notamment \u00e9t\u00e9 associ\u00e9e par la suite \u00e0 une fonction p\u00e9nitentiaire, ce qui explique l\u2019appellation de \u00ab Karaka \u00bb largement utilis\u00e9e en Tunisie.<\/p>\n<p>Vers une meilleure valorisation du site<\/p>\n<p class=\"wp-block-paragraph\">La protection actuelle s\u2019inscrit dans une d\u00e9marche plus large de sauvegarde et de valorisation du patrimoine. En d\u00e9cembre 2021, un contrat de concession avait notamment \u00e9t\u00e9 sign\u00e9 pour restaurer et valoriser la Karaka, avec un projet pr\u00e9voyant notamment la cr\u00e9ation d\u2019un mus\u00e9e consacr\u00e9 \u00e0 la c\u00e9ramique artisanale.<\/p>\n<p class=\"wp-block-paragraph\">La poursuite des travaux de s\u00e9curisation du p\u00e9rim\u00e8tre constitue donc une nouvelle \u00e9tape dans la pr\u00e9servation de cet \u00e9difice qui demeure l\u2019un des marqueurs historiques de La Goulette et du patrimoine architectural de la banlieue nord de Tunis.<\/p>\n","protected":false},"excerpt":{"rendered":"Les travaux de protection et de pr\u00e9servation de la Karaka de La Goulette se poursuivent. L\u2019Agence de mise&hellip;\n","protected":false},"author":2,"featured_media":178479,"comment_status":"","ping_status":"","sticky":false,"template":"","format":"standard","meta":{"footnotes":"","_share_on_mastodon":"0"},"categories":[120],"tags":[54505,19976,124],"class_list":["post-178478","post","type-post","status-publish","format-standard","has-post-thumbnail","category-tunisie","tag-karaka","tag-la-goulette","tag-tunisie"],"share_on_mastodon":{"url":"https:\/\/pubeurope.com\/@afrique\/117070284970409887","error":""},"_links":{"self":[{"href":"https:\/\/www.europesays.com\/afrique\/wp-json\/wp\/v2\/posts\/178478","targetHints":{"allow":["GET"]}}],"collection":[{"href":"https:\/\/www.europesays.com\/afrique\/wp-json\/wp\/v2\/posts"}],"about":[{"href":"https:\/\/www.europesays.com\/afrique\/wp-json\/wp\/v2\/types\/post"}],"author":[{"embeddable":true,"href":"https:\/\/www.europesays.com\/afrique\/wp-json\/wp\/v2\/users\/2"}],"replies":[{"embeddable":true,"href":"https:\/\/www.europesays.com\/afrique\/wp-json\/wp\/v2\/comments?post=178478"}],"version-history":[{"count":0,"href":"https:\/\/www.europesays.com\/afrique\/wp-json\/wp\/v2\/posts\/178478\/revisions"}],"wp:featuredmedia":[{"embeddable":true,"href":"https:\/\/www.europesays.com\/afrique\/wp-json\/wp\/v2\/media\/178479"}],"wp:attachment":[{"href":"https:\/\/www.europesays.com\/afrique\/wp-json\/wp\/v2\/media?parent=178478"}],"wp:term":[{"taxonomy":"category","embeddable":true,"href":"https:\/\/www.europesays.com\/afrique\/wp-json\/wp\/v2\/categories?post=178478"},{"taxonomy":"post_tag","embeddable":true,"href":"https:\/\/www.europesays.com\/afrique\/wp-json\/wp\/v2\/tags?post=178478"}],"curies":[{"name":"wp","href":"https:\/\/api.w.org\/{rel}","templated":true}]}}