{"id":180781,"date":"2026-08-13T02:24:02","date_gmt":"2026-08-13T02:24:02","guid":{"rendered":"https:\/\/www.europesays.com\/afrique\/180781\/"},"modified":"2026-08-13T02:24:02","modified_gmt":"2026-08-13T02:24:02","slug":"libye-le-gouverneur-de-la-banque-centrale-demissionne-de-ses-fonctions","status":"publish","type":"post","link":"https:\/\/www.europesays.com\/afrique\/180781\/","title":{"rendered":"Libye: le gouverneur de la Banque centrale d\u00e9missionne de ses fonctions"},"content":{"rendered":"<p class=\"mb-4 text-lg md:leading-8 break-words\">\u00ab Le gouverneur de la BCL, Naji Issa, a confirm\u00e9 \u00e0 Al-Ahrar sa d\u00e9mission de son poste \u00bb, a annonc\u00e9 une cha\u00eene de t\u00e9l\u00e9vision priv\u00e9e.<\/p>\n<p class=\"mb-4 text-lg md:leading-8 break-words\">Fin septembre 2024, Naji Issa et son vice-gouverneur Marii al-Barassi avaient \u00e9t\u00e9 nomm\u00e9s en vertu d&rsquo;un compromis \u00ab \u00e0 l&rsquo;unanimit\u00e9, en pr\u00e9sence de 108 d\u00e9put\u00e9s \u00bb du Parlement, bas\u00e9 dans l&rsquo;est de la Libye, r\u00e9gion sous contr\u00f4le du puissant mar\u00e9chal <a data-ylk=\"slk:Khalifa Haftar;elm:context_link;itc:0;sec:content-canvas;\" data-yga=\"{&quot;yLinkElement&quot;:&quot;link&quot;,&quot;yLinkElementType&quot;:&quot;article_link&quot;}\" href=\"https:\/\/www.rfi.fr\/fr\/tag\/khalifa-haftar\/\" class=\"gtm-add-suggested-tag\" rel=\"noopener noreferrer nofollow\" target=\"_blank\">Khalifa Haftar<\/a> et de ses fils.<\/p>\n<p class=\"mb-4 text-lg md:leading-8 break-words\">Depuis la chute et la mort de l&rsquo;autocrate Mouammar Kadhafi en 2011, la Libye, dot\u00e9e des principales r\u00e9serves p\u00e9troli\u00e8res d&rsquo;Afrique, a sombr\u00e9 dans l&rsquo;instabilit\u00e9. Elle est actuellement gouvern\u00e9e par deux ex\u00e9cutifs rivaux, l&rsquo;un bas\u00e9 \u00e0 Tripoli et reconnu par l&rsquo;ONU, dirig\u00e9 par Abdelhamid Dbeibah, l&rsquo;autre plac\u00e9 sous la f\u00e9rule du clan Haftar, bas\u00e9 \u00e0 Benghazi.<\/p>\n<p>Une nomination rendue possible gr\u00e2ce \u00e0 un compromis<\/p>\n<p class=\"mb-4 text-lg md:leading-8 break-words\">Le pr\u00e9d\u00e9cesseur de Naji Issa, Seddik el-Kebir, en poste de 2012 \u00e0 2024, avait fait l&rsquo;objet de critiques de l&rsquo;entourage d&rsquo;Abdelhamid Dbeibah pour sa gestion de la manne p\u00e9troli\u00e8re, consid\u00e9r\u00e9e comme trop favorable au clan Haftar. Ripostant \u00e0 son \u00e9viction le 18 ao\u00fbt 2024 par les autorit\u00e9s de l&rsquo;Ouest, l&rsquo;ex\u00e9cutif de l&rsquo;Est, qui contr\u00f4le la majorit\u00e9 des gisements et terminaux p\u00e9troliers, avait stopp\u00e9 la production et les exportations le 26 ao\u00fbt. La mesure avait fait chuter de moiti\u00e9 la production libyenne \u00e0 environ 600 000 barils par jour (contre 1,2 million), selon la compagnie nationale de p\u00e9trole NOC.<\/p>\n<p class=\"mb-4 text-lg md:leading-8 break-words\">L&rsquo;arriv\u00e9e de Naji Issa, un professionnel respect\u00e9, avait permis de mettre un terme \u00e0 cette crise, qui avait engendr\u00e9 d&rsquo;\u00e9normes pertes financi\u00e8res pour un pays qui tire l&rsquo;essentiel de ses recettes budg\u00e9taires de l&rsquo;exportation de p\u00e9trole. Sa nomination avait \u00e9t\u00e9 rendue possible par un compromis, appuy\u00e9 par l&rsquo;<a data-ylk=\"slk:ONU;elm:context_link;itc:0;sec:content-canvas;\" data-yga=\"{&quot;yLinkElement&quot;:&quot;link&quot;,&quot;yLinkElementType&quot;:&quot;article_link&quot;}\" href=\"https:\/\/www.rfi.fr\/fr\/tag\/onu\/\" class=\"gtm-add-suggested-tag\" rel=\"noopener noreferrer nofollow\" target=\"_blank\">ONU<\/a>, entre le Parlement et le Haut Conseil d&rsquo;\u00c9tat (HCE), install\u00e9 \u00e0 Tripoli et qui fait office de S\u00e9nat.<\/p>\n<p class=\"mb-4 text-lg md:leading-8 break-words\">Le Parlement n&rsquo;a pas r\u00e9agi imm\u00e9diatement \u00e0 l&rsquo;annonce de sa d\u00e9mission, tandis que le pr\u00e9sident du HCE, Mohammed Takala, lui a demand\u00e9 dans une lettre de rester en poste \u00ab pour pr\u00e9server la stabilit\u00e9 financi\u00e8re, \u00e9conomique et politique \u00bb du pays et pr\u00e9venir \u00ab tout abus dans l&rsquo;utilisation des devises \u00bb.<\/p>\n<p class=\"mb-4 text-lg md:leading-8 break-words\">\u00c0 lire aussi<a data-ylk=\"slk:Libye: d\u00e9tentions arbitraires dans les prisons de l&#039;Est libyen sous contr\u00f4le du mar\u00e9chal Haftar;elm:context_link;itc:0;sec:content-canvas;\" data-yga=\"{&quot;yLinkElement&quot;:&quot;link&quot;,&quot;yLinkElementType&quot;:&quot;article_link&quot;}\" href=\"https:\/\/www.rfi.fr\/fr\/afrique\/20260713-libye-d\u00e9tentions-arbitraires-dans-les-prisons-de-l-est-libyen-sous-contr\u00f4le-du-mar\u00e9chal-haftar\" class=\"a-read-more__link\" rel=\"noopener noreferrer nofollow\" target=\"_blank\">Libye: d\u00e9tentions arbitraires dans les prisons de l&rsquo;Est libyen sous contr\u00f4le du mar\u00e9chal Haftar<\/a><\/p>\n","protected":false},"excerpt":{"rendered":"\u00ab Le gouverneur de la BCL, Naji Issa, a confirm\u00e9 \u00e0 Al-Ahrar sa d\u00e9mission de son poste \u00bb,&hellip;\n","protected":false},"author":2,"featured_media":180782,"comment_status":"","ping_status":"","sticky":false,"template":"","format":"standard","meta":{"footnotes":"","_share_on_mastodon":"0"},"categories":[121],"tags":[30956,38919,125,134,55170],"class_list":["post-180781","post","type-post","status-publish","format-standard","has-post-thumbnail","category-libye","tag-abdelhamid-dbeibah","tag-chaine-de-television","tag-libye","tag-mouammar-kadhafi","tag-naji-issa"],"share_on_mastodon":{"url":"https:\/\/pubeurope.com\/@afrique\/117085828725837690","error":""},"_links":{"self":[{"href":"https:\/\/www.europesays.com\/afrique\/wp-json\/wp\/v2\/posts\/180781","targetHints":{"allow":["GET"]}}],"collection":[{"href":"https:\/\/www.europesays.com\/afrique\/wp-json\/wp\/v2\/posts"}],"about":[{"href":"https:\/\/www.europesays.com\/afrique\/wp-json\/wp\/v2\/types\/post"}],"author":[{"embeddable":true,"href":"https:\/\/www.europesays.com\/afrique\/wp-json\/wp\/v2\/users\/2"}],"replies":[{"embeddable":true,"href":"https:\/\/www.europesays.com\/afrique\/wp-json\/wp\/v2\/comments?post=180781"}],"version-history":[{"count":0,"href":"https:\/\/www.europesays.com\/afrique\/wp-json\/wp\/v2\/posts\/180781\/revisions"}],"wp:featuredmedia":[{"embeddable":true,"href":"https:\/\/www.europesays.com\/afrique\/wp-json\/wp\/v2\/media\/180782"}],"wp:attachment":[{"href":"https:\/\/www.europesays.com\/afrique\/wp-json\/wp\/v2\/media?parent=180781"}],"wp:term":[{"taxonomy":"category","embeddable":true,"href":"https:\/\/www.europesays.com\/afrique\/wp-json\/wp\/v2\/categories?post=180781"},{"taxonomy":"post_tag","embeddable":true,"href":"https:\/\/www.europesays.com\/afrique\/wp-json\/wp\/v2\/tags?post=180781"}],"curies":[{"name":"wp","href":"https:\/\/api.w.org\/{rel}","templated":true}]}}