{"id":181333,"date":"2026-08-13T16:45:10","date_gmt":"2026-08-13T16:45:10","guid":{"rendered":"https:\/\/www.europesays.com\/afrique\/181333\/"},"modified":"2026-08-13T16:45:10","modified_gmt":"2026-08-13T16:45:10","slug":"famille-al-rayyes-70-jours-apres-gaza-lattente-se-prolonge-en-egypte","status":"publish","type":"post","link":"https:\/\/www.europesays.com\/afrique\/181333\/","title":{"rendered":"Famille Al Rayyes\u00a0: 70\u00a0jours apr\u00e8s Gaza, l\u2019attente\u00a0se prolonge en \u00c9gypte"},"content":{"rendered":"<p>\n                Article premium,<br \/>\n                    R\u00e9serv\u00e9 aux\u00a0abonn\u00e9s\n            <\/p>\n<p class=\"su-standfirst chapeau\">\u00c9vacu\u00e9e de Gaza vers l\u2019\u00c9gypte il y a plus de deux mois, la famille Al Rayyes attend toujours une d\u00e9cision des autorit\u00e9s fran\u00e7aises concernant sa demande de visa humanitaire. Alors que l\u2019\u00e9tat de sant\u00e9 d\u2019Arafat Al Rayyes n\u00e9cessite une prise en charge rapide, plusieurs associations s\u2019inqui\u00e8tent dans le Finist\u00e8re.<\/p>\n<p>                                        <img decoding=\"async\" class=\"su-media\" src=\"https:\/\/media.ouest-france.fr\/v1\/pictures\/MjAyNjA4MjFiODBmNjI2ZDBmOWVkY2YyOWNhNjBlNmI2NGU1NWQ?width=630&amp;height=354&amp;focuspoint=50%2C61&amp;cropresize=1&amp;client_id=bpeditorial&amp;sign=413115d194547f66e13ad605db51ead4b00dc30ab71ed728b56a1093a55a8707\" alt=\"Le collectif Palestine Liban Sud Cornouaille, lors d\u2019un rassemblement dimanche 9\u00a0ao\u00fbt 2026 \u00e0 Concarneau\u00a0(Finist\u00e8re).\"  \/><\/p>\n<p>                            Le collectif Palestine Liban Sud Cornouaille, lors d\u2019un rassemblement dimanche 9\u00a0ao\u00fbt 2026 \u00e0 Concarneau\u00a0(Finist\u00e8re). | OUEST-FRANCE<\/p>\n<p>                            fermer<\/p>\n<p><img decoding=\"async\" data-ofmaxheight=\"\" class=\"su-media lazyload\" alt=\"Le collectif Palestine Liban Sud Cornouaille, lors d\u2019un rassemblement dimanche 9\u00a0ao\u00fbt 2026 \u00e0 Concarneau\u00a0(Finist\u00e8re).\" src=\"data:image\/png;base64,iVBORw0KGgoAAAANSUhEUgAAABAAAAAJCAYAAAA7KqwyAAAAGXRFWHRTb2Z0d2FyZQBBZG9iZSBJbWFnZVJlYWR5ccllPAAAABhJREFUeNpi\/P\/\/PwMlgHHUgFEDgAAgwAD+lBrvy+NcxAAAAABJRU5ErkJggg==\" data-oflazyload=\"{&quot;srcset&quot;:&quot;https:\/\/media.ouest-france.fr\/v1\/pictures\/MjAyNjA4MjFiODBmNjI2ZDBmOWVkY2YyOWNhNjBlNmI2NGU1NWQ?width=320&amp;focuspoint=50%2C61&amp;cropresize=1&amp;client_id=bpeditorial&amp;sign=59a86272ce25d9f911be5bc57ababde4650c74437759ed75b5e8711e4deb8d71 320w,https:\/\/media.ouest-france.fr\/v1\/pictures\/MjAyNjA4MjFiODBmNjI2ZDBmOWVkY2YyOWNhNjBlNmI2NGU1NWQ?width=375&amp;focuspoint=50%2C61&amp;cropresize=1&amp;client_id=bpeditorial&amp;sign=f6b29f66bf3bb8ceb59eb058022176ebad550174e029d5e6570be7aa5afc1464 360w,https:\/\/media.ouest-france.fr\/v1\/pictures\/MjAyNjA4MjFiODBmNjI2ZDBmOWVkY2YyOWNhNjBlNmI2NGU1NWQ?width=480&amp;focuspoint=50%2C61&amp;cropresize=1&amp;client_id=bpeditorial&amp;sign=c8899cd32da4913b4feba16a855fc47ea88c52936a63242ecdd18c2628cbfa6e 480w,https:\/\/media.ouest-france.fr\/v1\/pictures\/MjAyNjA4MjFiODBmNjI2ZDBmOWVkY2YyOWNhNjBlNmI2NGU1NWQ?width=630&amp;focuspoint=50%2C61&amp;cropresize=1&amp;client_id=bpeditorial&amp;sign=7d90e61baae1b52e45af840294deb1bbc7067fc37649f97ff88470fef95967ce 630w,https:\/\/media.ouest-france.fr\/v1\/pictures\/MjAyNjA4MjFiODBmNjI2ZDBmOWVkY2YyOWNhNjBlNmI2NGU1NWQ?width=940&amp;focuspoint=50%2C61&amp;cropresize=1&amp;client_id=bpeditorial&amp;sign=8166c82b66dd26dee68b0b158a1f8f5c34439a4dabf4f27f4d6360fb76071952 940w,https:\/\/media.ouest-france.fr\/v1\/pictures\/MjAyNjA4MjFiODBmNjI2ZDBmOWVkY2YyOWNhNjBlNmI2NGU1NWQ?width=1260&amp;focuspoint=50%2C61&amp;cropresize=1&amp;client_id=bpeditorial&amp;sign=3c381aa5d660831a8a306caa38524d12999affcf7891632d903f4b7a6be89473 1260w&quot;}\"\/>Le collectif Palestine Liban Sud Cornouaille, lors d\u2019un rassemblement dimanche 9\u00a0ao\u00fbt 2026 \u00e0 Concarneau\u00a0(Finist\u00e8re). | OUEST-FRANCE                            <\/p>\n<p data-ofstats-scroll=\"read_depth_30\">Soixante-dix jours apr\u00e8s <a href=\"https:\/\/www.ouest-france.fr\/monde\/gaza\/la-famille-al-rayyes-a-ete-evacuee-de-la-bande-de-gaza-leur-fils-refugie-en-bretagne-va-enfin-les-retrouver-ce966058-60bb-11f1-8c24-b38534c94fba\" target=\"_blank\" rel=\"nofollow noopener\">leur \u00e9vacuation de Gaza<\/a> et cinquante-trois jours apr\u00e8s le d\u00e9p\u00f4t d\u2019un dossier de visa humanitaire complet, la famille Al Rayyes demeure bloqu\u00e9e en \u00c9gypte. Selon leur avocate, l\u2019ambassadeur de France en \u00c9gypte a indiqu\u00e9 r\u00e9cemment que le dossier ne d\u00e9pendait plus ni de l\u2019ambassade ni du consulat g\u00e9n\u00e9ral au Caire.<\/p>\n<p data-ofstats-scroll=\"read_depth_40\">Lire aussi.  <a href=\"https:\/\/www.ouest-france.fr\/bretagne\/concarneau-29900\/balanant-quest-ce-que-tattends-le-collectif-liban-palestine-sud-cornouaille-interpelle-a-nouveau-le-depute-7a31ed22-93e0-11f1-836e-318a0522cae2\" target=\"_blank\" rel=\"nofollow noopener\"> Balanant, qu\u2019est-ce que t\u2019attends\u00a0? Le collectif Liban Palestine Sud-Cornouaille interpelle \u00e0 nouveau le d\u00e9put\u00e9<\/a><\/p>\n<p>La demande aurait \u00e9t\u00e9 transmise&#8230;<\/p>\n<p style=\"text-align: center; background-color: #dbbe4d; padding-top: 5px; padding-bottom: 5px; font-size: 14px;\">D\u00e9j\u00e0 abonn\u00e9 ? <a data-trkartmonet=\"Identification\" data-trk-sipa=\"{\" blockcategory=\"\" paywall=\"\" href=\"http:\/\/www.ouest-france.fr\/login?redirect=https:\/\/www.ouest-france.fr\/bretagne\/concarneau-29900\/famille-al-rayyes-70-jours-apres-gaza-lattente-se-prolonge-en-egypte-fb23e3a6-9726-11f1-94bc-dfc0bf6dce3d\" rel=\"nofollow noopener\" title=\"Se connecter \u00e0 Ouest-France\" class=\"su-link-light\" target=\"_blank\">Connectez-vous<\/a><\/p>\n<p style=\"text-align: center; padding-top: 15px; padding-bottom: 8px; vertical-align: bottom;\">bloqu\u00e9 Pour lire la suite, abonnez-vous<\/p>\n<p style=\"text-align: center;\">1er mois \u00e0 1\u20ac<\/p>\n<p style=\"text-align: center; margin-top: -5px;\">Annulable \u00e0 tout moment<\/p>\n<p style=\"text-align: center;\">\u00a0<\/p>\n<p style=\"text-align: center;\"><a data-ida=\"\" data-trkartmonet=\"Tunnel OF+\" data-trk-sipa=\"{&#010;\" blockcategory=\"\" paywall=\"\" :=\"\" m=\"\" of=\"\" class=\"su-button su-subscription\" data-trk-bloc=\"paywall\" href=\"https:\/\/abonnement.ouest-france.fr\/tunnel\/pack-essentiel-article\/122096117101?int_medium=lien&amp;int_campaign=PWFR0225-OF&amp;int_content=page-article-payant_boutonjaune-paywall&amp;marquesource=OF&amp;rt=https:\/\/www.ouest-france.fr\/bretagne\/concarneau-29900\/famille-al-rayyes-70-jours-apres-gaza-lattente-se-prolonge-en-egypte-fb23e3a6-9726-11f1-94bc-dfc0bf6dce3d\" rel=\"nofollow noopener\" target=\"_blank\">Je m&rsquo;abonne<\/a><\/p>\n<p style=\"text-align: center; padding-top: 10px; padding-bottom: 10px;\"><img decoding=\"async\" src=\"https:\/\/media.ouest-france.fr\/v1\/fonts\/be7723fcee3f1866f1ce99184077fc6f-carte-bancaire.svg?height=36\" alt=\"CB\"\/>\u00a0\u00a0<img decoding=\"async\" src=\"https:\/\/media.ouest-france.fr\/v1\/fonts\/1819d54c599d8afa64539cfba4ac9dde-rib.svg?height=36\" alt=\"RIB\"\/>\u00a0\u00a0<img decoding=\"async\" src=\"https:\/\/media.ouest-france.fr\/v1\/fonts\/065fc80d7b6a03d14a834c224ce723e1-paypal.svg?height=36\" alt=\"PAYPAL\"\/><\/p>\n","protected":false},"excerpt":{"rendered":"Article premium, R\u00e9serv\u00e9 aux\u00a0abonn\u00e9s \u00c9vacu\u00e9e de Gaza vers l\u2019\u00c9gypte il y a plus de deux mois, la famille&hellip;\n","protected":false},"author":2,"featured_media":181334,"comment_status":"","ping_status":"","sticky":false,"template":"","format":"standard","meta":{"footnotes":"","_share_on_mastodon":"0"},"categories":[122],"tags":[17763,139,14094,1223,15139],"class_list":["post-181333","post","type-post","status-publish","format-standard","has-post-thumbnail","category-egypte","tag-concarneau","tag-egypte","tag-finistere","tag-palestine","tag-quimperle"],"share_on_mastodon":{"url":"https:\/\/pubeurope.com\/@afrique\/117089214920208717","error":""},"_links":{"self":[{"href":"https:\/\/www.europesays.com\/afrique\/wp-json\/wp\/v2\/posts\/181333","targetHints":{"allow":["GET"]}}],"collection":[{"href":"https:\/\/www.europesays.com\/afrique\/wp-json\/wp\/v2\/posts"}],"about":[{"href":"https:\/\/www.europesays.com\/afrique\/wp-json\/wp\/v2\/types\/post"}],"author":[{"embeddable":true,"href":"https:\/\/www.europesays.com\/afrique\/wp-json\/wp\/v2\/users\/2"}],"replies":[{"embeddable":true,"href":"https:\/\/www.europesays.com\/afrique\/wp-json\/wp\/v2\/comments?post=181333"}],"version-history":[{"count":0,"href":"https:\/\/www.europesays.com\/afrique\/wp-json\/wp\/v2\/posts\/181333\/revisions"}],"wp:featuredmedia":[{"embeddable":true,"href":"https:\/\/www.europesays.com\/afrique\/wp-json\/wp\/v2\/media\/181334"}],"wp:attachment":[{"href":"https:\/\/www.europesays.com\/afrique\/wp-json\/wp\/v2\/media?parent=181333"}],"wp:term":[{"taxonomy":"category","embeddable":true,"href":"https:\/\/www.europesays.com\/afrique\/wp-json\/wp\/v2\/categories?post=181333"},{"taxonomy":"post_tag","embeddable":true,"href":"https:\/\/www.europesays.com\/afrique\/wp-json\/wp\/v2\/tags?post=181333"}],"curies":[{"name":"wp","href":"https:\/\/api.w.org\/{rel}","templated":true}]}}