{"id":182131,"date":"2026-08-14T15:53:12","date_gmt":"2026-08-14T15:53:12","guid":{"rendered":"https:\/\/www.europesays.com\/afrique\/182131\/"},"modified":"2026-08-14T15:53:12","modified_gmt":"2026-08-14T15:53:12","slug":"letna-pousse-air-canada-a-plus-de-flexibilite-dans-une-europe-en-surchauffe","status":"publish","type":"post","link":"https:\/\/www.europesays.com\/afrique\/182131\/","title":{"rendered":"L\u2019Etna pousse Air Canada \u00e0 plus de flexibilit\u00e9 dans une Europe en surchauffe"},"content":{"rendered":"<p>Alors que l\u2019\u00e9ruption de l\u2019Etna force la fermeture prolong\u00e9e de l\u2019a\u00e9roport de Catane et am\u00e8ne Air Canada \u00e0 assouplir ses politiques de r\u00e9servation, le Vieux-Continent fait face \u00e0 de nouveaux incendies et \u00e0 une vague de chaleur extr\u00eame.<\/p>\n<p>L\u2019activit\u00e9 volcanique du mont Etna continue de perturber gravement le transport a\u00e9rien en Italie, for\u00e7ant la fermeture prolong\u00e9e du plus grand a\u00e9roport de la Sicile en pleine haute saison estivale. Face \u00e0 cette situation d\u2019urgence, Air Canada a activ\u00e9 sa politique d\u2019assouplissement des r\u00e9servations pour soutenir les voyageurs touch\u00e9s.<\/p>\n<p>\u00a0<\/p>\n<p>Des modifications sans frais<\/p>\n<p>Pour offrir plus de flexibilit\u00e9 \u00e0 ses clients, Air Canada permet les modifications volontaires d\u2019itin\u00e9raire sans frais. Cette mesure s\u2019applique aux billets achet\u00e9s au plus tard le 13 ao\u00fbt 2026 pour des vols pr\u00e9vus les 15 et 16 ao\u00fbt \u00e0 destination ou au d\u00e9part de Catane.<\/p>\n<p>Air Canada pr\u00e9cise : \u00ab Si vous devez voyager pendant la p\u00e9riode vis\u00e9e, vous pouvez acc\u00e9der \u00e0 votre r\u00e9servation afin de modifier votre vol, sans frais, pour un voyage entre le 15 ao\u00fbt 2026 et le 31 ao\u00fbt 2026. Vous pouvez modifier votre vol \u00e0 destination ou au d\u00e9part de Catane (CTA) ou vers l\u2019un de ces a\u00e9roports alternatifs : Rome (FCO), Milan (MXP), Naples (NAP) ou Venise (VCE). La modification de r\u00e9servation est sous r\u00e9serve de la disponibilit\u00e9 dans la cabine achet\u00e9e \u00e0 l\u2019origine. En dehors de ces dates et a\u00e9roports, toute diff\u00e9rence tarifaire s\u2019appliquera. \u00bb<\/p>\n<p>Tous les d\u00e9tails sont expliqu\u00e9s sur le site d\u2019Air Canada. Les voyageurs ayant besoin d\u2019assistance peuvent communiquer avec Air Canada au 1 888 247-2262 (ou au 1 800 361-5373 s\u2019il s\u2019agit d\u2019un vol de r\u00e9compense A\u00e9roplan). Les voyageurs ayant achet\u00e9 leur billet aupr\u00e8s de Vacances Air Canada sont invit\u00e9s \u00e0 contacter directement VAC.<\/p>\n<p>\u00a0<\/p>\n<p>Une fermeture au pire des moments<\/p>\n<p>Les cendres crach\u00e9es par le volcan sicilien ont contraint les autorit\u00e9s \u00e0 fermer l\u2019a\u00e9roport Vincenzo Bellini de Catane, marquant la plus longue interruption du genre depuis 2002. Cette fermeture survient en plein cong\u00e9 de Ferragosto, le c\u0153ur de la saison touristique italienne o\u00f9 des millions de personnes voyagent \u00e0 travers le pays.<\/p>\n<p>Le chercheur Boris Behncke, de l\u2019Observatoire de l\u2019Etna, rappelle que les cendres volcaniques repr\u00e9sentent un risque majeur pour l\u2019aviation, car leur aspiration par les r\u00e9acteurs peut provoquer l\u2019extinction des moteurs.<\/p>\n<p>Cette fermeture a entra\u00een\u00e9 le d\u00e9routement de plus de 600 vols vers d\u2019autres a\u00e9roports de la r\u00e9gion, comme Palerme, Trapani ou Lamezia Terme. La situation a provoqu\u00e9 une hausse importante des tarifs de taxi et de location de voitures, incitant l\u2019association de consommateurs Codacons \u00e0 porter plainte. En r\u00e9action, Trenitalia a ajout\u00e9 six trains sur la ligne Palerme-Messine-Catane, tandis que la f\u00e9d\u00e9ration italienne des agences de voyages (FIAVET) r\u00e9clame la cr\u00e9ation d\u2019une cellule de crise.<\/p>\n<p>\u00a0<\/p>\n<p>Canicule et feux de for\u00eat : l\u2019Europe sous le choc thermique<\/p>\n<p>En parall\u00e8le des \u00e9v\u00e9nements en Italie, une vague de chaleur extr\u00eame d\u00e9ferle sur le continent, ass\u00e9chant les sols et alimentant de violents incendies de for\u00eat dans plusieurs pays.<\/p>\n<p>En France, qui traverse l\u2019ann\u00e9e la plus s\u00e8che de son histoire, les temp\u00e9ratures ont fr\u00f4l\u00e9 les 41 \u00b0C dans le Sud-Ouest et la vall\u00e9e du Rh\u00f4ne. Dans les Landes, un incendie majeur a entra\u00een\u00e9 l\u2019\u00e9vacuation de plus de 500 habitants dans la commune de Luglon, tandis que d\u2019autres brasiers touchent des r\u00e9gions habituellement plus fra\u00eeches comme la Bretagne.<\/p>\n<p><img loading=\"lazy\" decoding=\"async\" aria-describedby=\"caption-attachment-203718\" class=\"wp-image-203718\" src=\"https:\/\/www.europesays.com\/afrique\/wp-content\/uploads\/2026\/08\/Smoke-from-a-forest-fire-rises-above-the-Hurtgenwald-in-Duren-Germany-Aug.-14-2026-Sascha-Thelen_dpa.jpeg\" alt=\"\" width=\"800\" height=\"533\"  \/><\/p>\n<p id=\"caption-attachment-203718\" class=\"wp-caption-text\">La fum\u00e9e d\u2019un incendie de for\u00eat s\u2019\u00e9l\u00e8ve au-dessus de la for\u00eat de H\u00fcrtgen, \u00e0 D\u00fcren, en Allemagne, le 14 ao\u00fbt 2026 (Sascha Thelen_dpa via AP)<\/p>\n<p>Le Royaume-Uni a \u00e9galement affront\u00e9 sa journ\u00e9e la plus chaude de l\u2019ann\u00e9e avec 38,1 \u00b0C enregistr\u00e9s dans l\u2019ouest de Londres. Plus de mille feux de v\u00e9g\u00e9tation ont \u00e9t\u00e9 r\u00e9pertori\u00e9s cette ann\u00e9e, d\u00e9truisant plusieurs habitations dans les West Midlands.<\/p>\n<p>La situation demeure tout aussi critique en Allemagne, o\u00f9 les 1 800 habitants du village de Gey ont \u00e9t\u00e9 \u00e9vacu\u00e9s en raison d\u2019un incendie dans la for\u00eat de H\u00fcrtgen, dont la ma\u00eetrise est compliqu\u00e9e par la pr\u00e9sence de munitions non explos\u00e9es de la Seconde Guerre mondiale.<\/p>\n<p>En Croatie, pr\u00e8s de 1 000 personnes ont d\u00fb fuir un incendie attis\u00e9 par des vents violents pr\u00e8s d\u2019Omi\u0161, for\u00e7ant m\u00eame certains habitants \u00e0 se jeter \u00e0 la mer. Enfin, en Albanie et en Gr\u00e8ce, des dizaines de foyers d\u2019incendie restent actifs, n\u00e9cessitant l\u2019\u00e9vacuation d\u2019urgence de plus de 300 vacanciers par la voie maritime dans le nord grec.<\/p>\n","protected":false},"excerpt":{"rendered":"Alors que l\u2019\u00e9ruption de l\u2019Etna force la fermeture prolong\u00e9e de l\u2019a\u00e9roport de Catane et am\u00e8ne Air Canada \u00e0&hellip;\n","protected":false},"author":2,"featured_media":182132,"comment_status":"","ping_status":"","sticky":false,"template":"","format":"standard","meta":{"footnotes":"","_share_on_mastodon":"0"},"categories":[2],"tags":[54076,18],"class_list":["post-182131","post","type-post","status-publish","format-standard","has-post-thumbnail","category-europe","tag-air-canada","tag-europe"],"share_on_mastodon":{"url":"https:\/\/pubeurope.com\/@afrique\/117094672381134207","error":""},"_links":{"self":[{"href":"https:\/\/www.europesays.com\/afrique\/wp-json\/wp\/v2\/posts\/182131","targetHints":{"allow":["GET"]}}],"collection":[{"href":"https:\/\/www.europesays.com\/afrique\/wp-json\/wp\/v2\/posts"}],"about":[{"href":"https:\/\/www.europesays.com\/afrique\/wp-json\/wp\/v2\/types\/post"}],"author":[{"embeddable":true,"href":"https:\/\/www.europesays.com\/afrique\/wp-json\/wp\/v2\/users\/2"}],"replies":[{"embeddable":true,"href":"https:\/\/www.europesays.com\/afrique\/wp-json\/wp\/v2\/comments?post=182131"}],"version-history":[{"count":0,"href":"https:\/\/www.europesays.com\/afrique\/wp-json\/wp\/v2\/posts\/182131\/revisions"}],"wp:featuredmedia":[{"embeddable":true,"href":"https:\/\/www.europesays.com\/afrique\/wp-json\/wp\/v2\/media\/182132"}],"wp:attachment":[{"href":"https:\/\/www.europesays.com\/afrique\/wp-json\/wp\/v2\/media?parent=182131"}],"wp:term":[{"taxonomy":"category","embeddable":true,"href":"https:\/\/www.europesays.com\/afrique\/wp-json\/wp\/v2\/categories?post=182131"},{"taxonomy":"post_tag","embeddable":true,"href":"https:\/\/www.europesays.com\/afrique\/wp-json\/wp\/v2\/tags?post=182131"}],"curies":[{"name":"wp","href":"https:\/\/api.w.org\/{rel}","templated":true}]}}