{"id":182603,"date":"2026-08-15T07:22:09","date_gmt":"2026-08-15T07:22:09","guid":{"rendered":"https:\/\/www.europesays.com\/afrique\/182603\/"},"modified":"2026-08-15T07:22:09","modified_gmt":"2026-08-15T07:22:09","slug":"can-feminine-2026-a-quelle-heure-et-sur-quelle-chaine-suivre-la-petite-finale-entre-le-maroc-et-lalgerie","status":"publish","type":"post","link":"https:\/\/www.europesays.com\/afrique\/182603\/","title":{"rendered":"Can f\u00e9minine 2026. \u00c0 quelle heure et sur quelle cha\u00eene suivre la petite finale entre le Maroc et l\u2019Alg\u00e9rie\u00a0?"},"content":{"rendered":"<p class=\"su-standfirst chapeau\">Surpris en demi-finales par le Cameroun, le Maroc devra se contenter de disputer la petite finale de la CAN qu\u2019elle organise contre l\u2019Alg\u00e9rie, ce samedi 15\u00a0ao\u00fbt. Un match sous haute pression qui n\u2019a rien d\u2019une rencontre sans enjeu. Horaire, diffusion\u2026 Voici tout ce qu\u2019il faut savoir sur ce rendez-vous.<\/p>\n<p>                                        <img decoding=\"async\" class=\"su-media\" src=\"https:\/\/www.europesays.com\/afrique\/wp-content\/uploads\/2026\/08\/MjAyNjA4Njc5MWU3M2VmZjRmN2JmMzg0MDJkYjlhNzk0NzAwZDg.webp\" alt=\"Sakina Ouzraoui et le Maroc vont tenter de remporter la petite finale de la CAN contre l\u2019Alg\u00e9rie.\"  \/><\/p>\n<p>                            Sakina Ouzraoui et le Maroc vont tenter de remporter la petite finale de la CAN contre l\u2019Alg\u00e9rie. | PAUL KANE \/ GETTY IMAGES VIA AFP<\/p>\n<p>                            fermer<\/p>\n<p><img decoding=\"async\" data-ofmaxheight=\"\" class=\"su-media lazyload\" alt=\"Sakina Ouzraoui et le Maroc vont tenter de remporter la petite finale de la CAN contre l\u2019Alg\u00e9rie.\" src=\"data:image\/png;base64,iVBORw0KGgoAAAANSUhEUgAAABAAAAAJCAYAAAA7KqwyAAAAGXRFWHRTb2Z0d2FyZQBBZG9iZSBJbWFnZVJlYWR5ccllPAAAABhJREFUeNpi\/P\/\/PwMlgHHUgFEDgAAgwAD+lBrvy+NcxAAAAABJRU5ErkJggg==\" data-oflazyload=\"{&quot;srcset&quot;:&quot;https:\/\/media.ouest-france.fr\/v1\/pictures\/MjAyNjA4Njc5MWU3M2VmZjRmN2JmMzg0MDJkYjlhNzk0NzAwZDg?width=320&amp;focuspoint=50%2C25&amp;cropresize=1&amp;client_id=bpeditorial&amp;sign=f137c26b9f246efbeb66304148bd85e6c59fe157b13ae3ff5ae3448fd993e651 320w,https:\/\/media.ouest-france.fr\/v1\/pictures\/MjAyNjA4Njc5MWU3M2VmZjRmN2JmMzg0MDJkYjlhNzk0NzAwZDg?width=375&amp;focuspoint=50%2C25&amp;cropresize=1&amp;client_id=bpeditorial&amp;sign=4aa405489bbabb6dff96aaec93fb21150082cc9bcce46e029e6e544f46f90826 360w,https:\/\/media.ouest-france.fr\/v1\/pictures\/MjAyNjA4Njc5MWU3M2VmZjRmN2JmMzg0MDJkYjlhNzk0NzAwZDg?width=480&amp;focuspoint=50%2C25&amp;cropresize=1&amp;client_id=bpeditorial&amp;sign=35e52b64d557dfecd726de5ff92e2f12ac85d2761df4e7ed0a45b04a05959bde 480w,https:\/\/media.ouest-france.fr\/v1\/pictures\/MjAyNjA4Njc5MWU3M2VmZjRmN2JmMzg0MDJkYjlhNzk0NzAwZDg?width=630&amp;focuspoint=50%2C25&amp;cropresize=1&amp;client_id=bpeditorial&amp;sign=fd759d98cebba1a4b132f0ffcc96dd2af8b0ccae983125af89181db59c5b946d 630w,https:\/\/media.ouest-france.fr\/v1\/pictures\/MjAyNjA4Njc5MWU3M2VmZjRmN2JmMzg0MDJkYjlhNzk0NzAwZDg?width=940&amp;focuspoint=50%2C25&amp;cropresize=1&amp;client_id=bpeditorial&amp;sign=f0f7e60baae1b74c16b8a6db09c3ced618ebc9b9cdd434ec93c0497c4d0c19d9 940w,https:\/\/media.ouest-france.fr\/v1\/pictures\/MjAyNjA4Njc5MWU3M2VmZjRmN2JmMzg0MDJkYjlhNzk0NzAwZDg?width=1260&amp;focuspoint=50%2C25&amp;cropresize=1&amp;client_id=bpeditorial&amp;sign=a41d76a5bd6a69fdd3529fa7d9dcd4955b4aa31a5832b9944cd4e466090e5031 1260w&quot;}\"\/>Sakina Ouzraoui et le Maroc vont tenter de remporter la petite finale de la CAN contre l\u2019Alg\u00e9rie. | PAUL KANE \/ GETTY IMAGES VIA AFP                            <\/p>\n<p data-ofstats-scroll=\"read_depth_50\">Ce n\u2019\u00e9tait certainement pas ce que le Maroc avait imagin\u00e9. Pourtant \u00e0 domicile, les Marocaines ont \u00e9t\u00e9 battues en demi-finales de la CAN apr\u00e8s une s\u00e9ance de tirs au but irrespirable<a href=\"https:\/\/www.ouest-france.fr\/sport\/football\/can-2026-feminine-le-cameroun-fait-tomber-le-maroc-a-domicile-et-rallie-la-finale-fd9368b6-96d4-11f1-9ee8-a50506a5291a\" target=\"_blank\" rel=\"nofollow noopener\"> contre le Cameroun\u00a0(0-0, 3\u00a0tab \u00e0 1)<\/a>, jeudi, en demi-finales. Malgr\u00e9 l\u2019immense d\u00e9ception, elles devront refouler la pelouse pour y disputer la petite finale contre l\u2019Alg\u00e9rie ce samedi 15\u00a0ao\u00fbt, un match qu\u2019il ne faudra pas perdre pour conclure sur une bonne note la comp\u00e9tition.<\/p>\n<p data-ofstats-scroll=\"read_depth_70\">Les deux \u00e9quipes s\u2019\u00e9taient d\u00e9j\u00e0 rencontr\u00e9es il y a deux semaines en poules lors d\u2019une rencontre remport\u00e9e de justesse par les Marocaines\u00a0(1-0). \u00c0 charge de revanche pour les Alg\u00e9riennes\u00a0? <a href=\"https:\/\/www.ouest-france.fr\/sport\/football\/can-2026-feminine-le-malawi-elimine-lalgerie-et-se-qualifie-en-finale-pour-la-premiere-fois-de-son-histoire-7a5b9d14-9685-11f1-9ee8-a50506a5291a\" target=\"_blank\" rel=\"nofollow noopener\">\u00c9limin\u00e9es par le Malawi<\/a>, qui va disputer sa premi\u00e8re finale de son histoire, elles auront aussi le devoir de r\u00e9agir pour ramener une m\u00e9daille de bronze.<\/p>\n<p>        \u00c0 quelle heure suivre la petite finale de la CAN 2026 entre le Maroc et l\u2019Alg\u00e9rie\u00a0?<\/p>\n<p data-ofstats-scroll=\"read_depth_80\">Le coup d\u2019envoi sera donn\u00e9 \u00e0 19\u00a0h au Stade Olympique de Rabat.<\/p>\n<p data-ofstats-scroll=\"read_depth_90\">Lire aussi\u00a0: <a href=\"https:\/\/www.ouest-france.fr\/sport\/football\/coupe-d-afrique-des-nations\/can-2027-les-groupes-de-qualifications-a-la-coupe-dafrique-des-nations-2027-enfin-devoiles-4826c1a6-538d-11f1-a8af-559ef5894fc2\" target=\"_blank\" rel=\"nofollow noopener\">CAN 2027. Les groupes de qualifications \u00e0 la Coupe d\u2019Afrique des nations 2027 enfin d\u00e9voil\u00e9s<\/a><\/p>\n<p>        Sur quelle cha\u00eene suivre la petite finale de la CAN 2026 entre le Maroc et l\u2019Alg\u00e9rie\u00a0?<\/p>\n<p data-ofstats-scroll=\"read_depth_100\">La rencontre sera diffus\u00e9e sur beIN Sports Max 7. Un direct comment\u00e9 sera assur\u00e9 sur notre site.<\/p>\n","protected":false},"excerpt":{"rendered":"Surpris en demi-finales par le Cameroun, le Maroc devra se contenter de disputer la petite finale de la&hellip;\n","protected":false},"author":2,"featured_media":182604,"comment_status":"","ping_status":"","sticky":false,"template":"","format":"standard","meta":{"footnotes":"","_share_on_mastodon":"0"},"categories":[83],"tags":[1012,116,1010,7097,7096,1011,308,86,46,3672],"class_list":["post-182603","post","type-post","status-publish","format-standard","has-post-thumbnail","category-maroc","tag-actualite-en-continu","tag-algerie","tag-coupe-dafrique-des-nations","tag-equipe-algerie-football","tag-equipe-du-maroc-de-football","tag-feminin","tag-football","tag-maroc","tag-sport","tag-television"],"share_on_mastodon":{"url":"https:\/\/pubeurope.com\/@afrique\/117098325333964876","error":""},"_links":{"self":[{"href":"https:\/\/www.europesays.com\/afrique\/wp-json\/wp\/v2\/posts\/182603","targetHints":{"allow":["GET"]}}],"collection":[{"href":"https:\/\/www.europesays.com\/afrique\/wp-json\/wp\/v2\/posts"}],"about":[{"href":"https:\/\/www.europesays.com\/afrique\/wp-json\/wp\/v2\/types\/post"}],"author":[{"embeddable":true,"href":"https:\/\/www.europesays.com\/afrique\/wp-json\/wp\/v2\/users\/2"}],"replies":[{"embeddable":true,"href":"https:\/\/www.europesays.com\/afrique\/wp-json\/wp\/v2\/comments?post=182603"}],"version-history":[{"count":0,"href":"https:\/\/www.europesays.com\/afrique\/wp-json\/wp\/v2\/posts\/182603\/revisions"}],"wp:featuredmedia":[{"embeddable":true,"href":"https:\/\/www.europesays.com\/afrique\/wp-json\/wp\/v2\/media\/182604"}],"wp:attachment":[{"href":"https:\/\/www.europesays.com\/afrique\/wp-json\/wp\/v2\/media?parent=182603"}],"wp:term":[{"taxonomy":"category","embeddable":true,"href":"https:\/\/www.europesays.com\/afrique\/wp-json\/wp\/v2\/categories?post=182603"},{"taxonomy":"post_tag","embeddable":true,"href":"https:\/\/www.europesays.com\/afrique\/wp-json\/wp\/v2\/tags?post=182603"}],"curies":[{"name":"wp","href":"https:\/\/api.w.org\/{rel}","templated":true}]}}