{"id":183250,"date":"2026-08-16T05:02:16","date_gmt":"2026-08-16T05:02:16","guid":{"rendered":"https:\/\/www.europesays.com\/afrique\/183250\/"},"modified":"2026-08-16T05:02:16","modified_gmt":"2026-08-16T05:02:16","slug":"grand-yoff-un-homme-interpelle-dans-une-affaire-presumee-de-viol-sur-mineure-suivi-de-grossesse","status":"publish","type":"post","link":"https:\/\/www.europesays.com\/afrique\/183250\/","title":{"rendered":"Grand-Yoff : un homme interpell\u00e9 dans une affaire pr\u00e9sum\u00e9e de viol sur mineure suivi de grossesse"},"content":{"rendered":"<p>\t\t\t\t\t Le commissariat de Grand-Yoff a interpell\u00e9 un individu pour d\u00e9tournement, viol et grossesse sur une mineure de 16 ans. Selon la plainte d\u00e9pos\u00e9e par la m\u00e8re de la victime, celle-ci aurait \u00e9t\u00e9 victime de viol et de d\u00e9tournement de mineure. La m\u00e8re a expliqu\u00e9 qu&rsquo;elle avait d\u00e9couvert la situation apr\u00e8s avoir remarqu\u00e9 des changements morphologiques chez sa fille. Interrog\u00e9e sur l&rsquo;auteur de sa grossesse, la jeune fille a d\u00e9sign\u00e9 le voisin dont le domicile jouxtait le leur avant leur d\u00e9m\u00e9nagement. <br \/>  \u00a0 <br \/>  Entendue sur ses d\u00e9clarations, la jeune fille a indiqu\u00e9 qu&rsquo;un jour, alors que sa m\u00e8re \u00e9tait absente et qu&rsquo;elle se trouvait seule avec ses jeunes s\u0153urs qui fr\u00e9quentaient r\u00e9guli\u00e8rement la chambre du voisin, ce dernier avait mandat\u00e9 l&rsquo;une d&rsquo;elles pour l&rsquo;inviter \u00e0 le rejoindre d&rsquo;urgence. Une fois arriv\u00e9e dans la chambre de ce dernier, apr\u00e8s un bref instant d&rsquo;attente, il l&rsquo;aurait pouss\u00e9e sur son lit, l&rsquo;aurait d\u00e9v\u00eatue de force et aurait pass\u00e9 \u00e0 l&rsquo;acte, en d\u00e9pit de ses cris de d\u00e9tresse, les lieux \u00e9tant alors d\u00e9serts. <br \/>  \u00a0 <br \/>  \u00c0 la suite de cet acte, le mis en cause se serait empar\u00e9 d&rsquo;un morceau de tissu avec lequel elle aurait nettoy\u00e9 ses parties intimes ensanglant\u00e9es. La victime a pr\u00e9cis\u00e9 qu&rsquo;il s&rsquo;agissait de sa premi\u00e8re et unique relation sexuelle avec un homme, avant de d\u00e9couvrir ult\u00e9rieurement qu&rsquo;elle \u00e9tait enceinte. Une grossesse \u00e9volutive de 24 semaines et 4 jours a \u00e9t\u00e9 attest\u00e9e par le m\u00e9decin gyn\u00e9cologue de l\u2019h\u00f4pital Idrissa Pouye, \u00e0 la suite d&rsquo;une r\u00e9quisition \u00e9manant du service. <\/p>\n<p>Face \u00e0 ces \u00e9l\u00e9ments, le suspect a \u00e9t\u00e9 interpell\u00e9 et interrog\u00e9 sur les faits qui lui sont reproch\u00e9s. Il a soutenu avoir entretenu des relations sexuelles consentantes depuis un an avec la victime, tout en affirmant avoir connaissance de son \u00e2ge, car il projetait de l&rsquo;\u00e9pouser. <br \/>\u00a0 <br \/>Il a \u00e9galement affirm\u00e9 que la mineure communiquait fr\u00e9quemment avec lui par t\u00e9l\u00e9phone. Ce dernier est en position de garde-\u00e0 vue pour les faits vis\u00e9s en objet et l\u2019enqu\u00eate se poursuit.\n\t\t\t\t <\/p>\n","protected":false},"excerpt":{"rendered":"Le commissariat de Grand-Yoff a interpell\u00e9 un individu pour d\u00e9tournement, viol et grossesse sur une mineure de 16&hellip;\n","protected":false},"author":2,"featured_media":183251,"comment_status":"","ping_status":"","sticky":false,"template":"","format":"standard","meta":{"footnotes":"","_share_on_mastodon":"0"},"categories":[84],"tags":[55743,11],"class_list":["post-183250","post","type-post","status-publish","format-standard","has-post-thumbnail","category-senegal","tag-grand-yoff-un-homme-interpelle-dans-une-affaire-presumee-de-viol-sur-une-mineure-enceinte","tag-senegal"],"share_on_mastodon":{"url":"https:\/\/pubeurope.com\/@afrique\/117103437033728381","error":""},"_links":{"self":[{"href":"https:\/\/www.europesays.com\/afrique\/wp-json\/wp\/v2\/posts\/183250","targetHints":{"allow":["GET"]}}],"collection":[{"href":"https:\/\/www.europesays.com\/afrique\/wp-json\/wp\/v2\/posts"}],"about":[{"href":"https:\/\/www.europesays.com\/afrique\/wp-json\/wp\/v2\/types\/post"}],"author":[{"embeddable":true,"href":"https:\/\/www.europesays.com\/afrique\/wp-json\/wp\/v2\/users\/2"}],"replies":[{"embeddable":true,"href":"https:\/\/www.europesays.com\/afrique\/wp-json\/wp\/v2\/comments?post=183250"}],"version-history":[{"count":0,"href":"https:\/\/www.europesays.com\/afrique\/wp-json\/wp\/v2\/posts\/183250\/revisions"}],"wp:featuredmedia":[{"embeddable":true,"href":"https:\/\/www.europesays.com\/afrique\/wp-json\/wp\/v2\/media\/183251"}],"wp:attachment":[{"href":"https:\/\/www.europesays.com\/afrique\/wp-json\/wp\/v2\/media?parent=183250"}],"wp:term":[{"taxonomy":"category","embeddable":true,"href":"https:\/\/www.europesays.com\/afrique\/wp-json\/wp\/v2\/categories?post=183250"},{"taxonomy":"post_tag","embeddable":true,"href":"https:\/\/www.europesays.com\/afrique\/wp-json\/wp\/v2\/tags?post=183250"}],"curies":[{"name":"wp","href":"https:\/\/api.w.org\/{rel}","templated":true}]}}