{"id":183391,"date":"2026-08-16T10:07:34","date_gmt":"2026-08-16T10:07:34","guid":{"rendered":"https:\/\/www.europesays.com\/afrique\/183391\/"},"modified":"2026-08-16T10:07:34","modified_gmt":"2026-08-16T10:07:34","slug":"la-communaute-wikipedia-senegal-celebre-les-25-ans-de-wikipedia-diff","status":"publish","type":"post","link":"https:\/\/www.europesays.com\/afrique\/183391\/","title":{"rendered":"La communaut\u00e9 Wikip\u00e9dia S\u00e9n\u00e9gal c\u00e9l\u00e8bre les 25 ans de Wikip\u00e9dia \u2013 Diff"},"content":{"rendered":"<p>Le 15 janvier 2026, Wikip\u00e9dia a c\u00e9l\u00e9br\u00e9 son 25\u1d49 anniversaire, marquant un quart de si\u00e8cle d\u2019engagement en faveur du libre acc\u00e8s \u00e0 la connaissance. Depuis son lancement en 2001, l\u2019encyclop\u00e9die collaborative est devenue l\u2019une des principales sources d\u2019information au monde, gr\u00e2ce aux millions de b\u00e9n\u00e9voles qui contribuent quotidiennement \u00e0 son enrichissement. A cette occasion, Wikip\u00e9dia S\u00e9n\u00e9gal s\u2019est joint aux communaut\u00e9s Wikip\u00e9dia du monde entier pour c\u00e9l\u00e9brer cet anniversaire en adressant \u00e0 Wikip\u00e9dia ses v\u0153ux de \u00ab Goudou fann ak  w\u00e9r \u00bb, une expression wolof signifiant \u00ab longue vie et sant\u00e9 \u00bb. Ce message traduit l\u2019attachement de la communaut\u00e9 s\u00e9n\u00e9galaise aux valeurs du partage des connaissances, de la collaboration et du libre acc\u00e8s au savoir. Pour marquer ce jubil\u00e9, Wikip\u00e9dia S\u00e9n\u00e9gal a d\u00e9ploy\u00e9 un programme d\u2019activit\u00e9s tout au long des premiers mois de l\u2019ann\u00e9e 2026 afin de sensibiliser de nouveaux publics, former de futurs contributeurs et contributrices et promouvoir les projets Wikim\u00e9dia.<\/p>\n<p><img data-recalc-dims=\"1\" decoding=\"async\" src=\"https:\/\/www.europesays.com\/afrique\/wp-content\/uploads\/2026\/08\/Celebration_de_Groupe_de_lanniversaire_de_Wikipedia-1.jpg\" alt=\"\"\/>C\u00e9l\u00e9bration communautaire du 25e anniversaire de Wikip\u00e9dia au Consortium Jeunesse S\u00e9n\u00e9gal (CJS) (2026), Imson11, CC0, via Wikimedia Commons.<\/p>\n<p>Des formations pour d\u00e9couvrir et contribuer sur Wikip\u00e9dia<\/p>\n<p>Du mois de janvier au mois d\u2019avril, plusieurs \u00e9v\u00e9nements ont \u00e9t\u00e9 organis\u00e9s afin de permettre au public de d\u00e9couvrir Wikip\u00e9dia et son fonctionnement. Parmi ces activit\u00e9s, une session de formation en pr\u00e9sentiel au <a href=\"https:\/\/fr.wikipedia.org\/wiki\/Consortium_Jeunesse_S%C3%A9n%C3%A9gal\" rel=\"nofollow noopener\" target=\"_blank\">Consortium Jeunesse S\u00e9n\u00e9gal<\/a> \u00e0 Gu\u00e9diawaye, dans la banlieue dakaroise. L\u2019atelier\u00a0 a offert aux participant.e.s\u00a0 l \u2018occasion de comprendre les principes fondateurs de l\u2019encyclop\u00e9die libre, d\u2019apprendre les bonnes pratiques de contribution. Les nouveaux\u00a0 ont pu r\u00e9aliser leurs premi\u00e8res modifications et les habitu\u00e9s \u00e0 nos sessions ont consolid\u00e9 des acquis. Cette formation a \u00e9galement permis de faire conna\u00eetre les diff\u00e9rents projets du mouvement Wikim\u00e9dia et d\u2019encourager l\u2019\u00e9mergence d\u2019une nouvelle communaut\u00e9 de contributrices et de contributeurs au S\u00e9n\u00e9gal. Et pour finir la longue journ\u00e9e de formation, les participants ainsi que l\u2019\u00e9quipe d\u2019organisation ont partag\u00e9 un moment convivial autour du g\u00e2teau d\u2019anniversaire des 25 ans de Wikip\u00e9dia.<\/p>\n<p><a href=\"https:\/\/diff.wikimedia.org\/?attachment_id=209955\" rel=\"nofollow noopener\" target=\"_blank\"><img loading=\"lazy\" data-recalc-dims=\"1\" decoding=\"async\" height=\"683\" width=\"1024\" src=\"https:\/\/www.europesays.com\/afrique\/wp-content\/uploads\/2026\/08\/Explication_et_orientation_des_taches.jpg\" alt=\"\" class=\"wp-image-209955\"  \/><\/a>Explication et orientation des t\u00e2ches lors de la c\u00e9l\u00e9bration du 25e anniversaire de Wikip\u00e9dia au S\u00e9n\u00e9gal (2026), Imson11, CC0, via Wikimedia Commons.<\/p>\n<p>Wikim\u00e9dia S\u00e9n\u00e9gal \u00e0 la rencontre du grand public au Festival Kimpa Vita<\/p>\n<p>Dans la continuit\u00e9e des activit\u00e9s des c\u00e9l\u00e9brationdes 25 ans de Wikip\u00e9dia, Wikim\u00e9dia S\u00e9n\u00e9gal a particip\u00e9 au <a href=\"https:\/\/www.kimpavitadkr.com\/\" rel=\"nofollow noopener\" target=\"_blank\">Festival Kimpa Vita 2026<\/a>, \u00a0un festival f\u00e9ministe et \u00e9coresponsable qui rassemble des milliers de visiteurs chaque ann\u00e9e \u00e0 Dakar. Ce festival a eu lieu \u00e0 la <a href=\"https:\/\/commons.wikimedia.org\/wiki\/File:Maison_de_la_Culture_Douta_Seck_01.jpg\" rel=\"nofollow noopener\" target=\"_blank\">Maison de la Culture Douta Seck<\/a> \u00e0 la <a href=\"https:\/\/fr.wikipedia.org\/wiki\/M\u00e9dina_(Dakar)\" data-type=\"link\" data-id=\"https:\/\/fr.wikipedia.org\/wiki\/M\u00e9dina_(Dakar)\" rel=\"nofollow noopener\" target=\"_blank\">M\u00e9dina<\/a>. A cette occasion, Wikim\u00e9dia S\u00e9n\u00e9gal a pu obtenir un stand dans l\u2019espace d\u00e9di\u00e9 aux associations pour faire d\u00e9couvrir Wikip\u00e9dia ainsi que ses projets fr\u00e8res, notamment Wikim\u00e9dia Commons, Wikidata et Wikiquote. Cet espace a constitu\u00e9 un v\u00e9ritable lieu d\u2019\u00e9changes o\u00f9 les soixante onze (71) visiteurs de notre stand ont pu d\u00e9couvrir le fonctionnement de l\u2019encyclop\u00e9die collaborative, poser leurs questions et s\u2019informer sur les diff\u00e9rentes fa\u00e7ons de contribuer aux projets Wikim\u00e9dia. Nous avons \u00e9galement identifi\u00e9 quatre (4) possibilit\u00e9s de partenariat pour Wikimedia S\u00e9n\u00e9gal, dont deux ont d\u00e9j\u00e0 commenc\u00e9 \u00e0 porter leurs fruits. D\u2019une part, T\u00e9ranga Lab, une association citoyenne et \u00e9cologique, nous a sollicit\u00e9s pour former son personnel. D\u2019autre part, l\u2019organisme <a href=\"https:\/\/www.reprouncensored.org\" rel=\"nofollow noopener\" target=\"_blank\">Repro Uncensored<\/a> a publi\u00e9 <a href=\"https:\/\/www.reprouncensored.org\/research-overview\/feminist-wikimedia-senegal\" rel=\"nofollow noopener\" target=\"_blank\">un article consacr\u00e9 \u00e0 notre travail<\/a> de promotion de la libre connaissance \u00e0 travers Wikip\u00e9dia et ses projets fr\u00e8res, en mettant notamment en avant le leadership f\u00e9minin et l\u2019approche GLAM. Cette publication contribue \u00e0 renforcer la visibilit\u00e9 de notre travail et de nos initiatives. Nous avons \u00e9galement re\u00e7u la visite du site d\u2019information en ligne \u00ab La Vie S\u00e9n\u00e9galaise \u00bb, qui a publi\u00e9 <a href=\"https:\/\/laviesenegalaise.com\/festival-kimpavita-2026-wikimedia-senegal-se-mobilise-pour-lacces-libre-a-la-connaissance-et-la-promotion-des-femmes\/\" rel=\"nofollow noopener\" target=\"_blank\">un article<\/a> consacr\u00e9 \u00e0 notre pr\u00e9sence au festival. La cha\u00eene de t\u00e9l\u00e9vision \u00ab T\u00e9l\u00e9 \u00c9cole \u00bb a \u00e9galement r\u00e9alis\u00e9 un reportage sur le festival et est venue nous interviewer sur notre stand. Toutes ces opportunit\u00e9s m\u00e9diatiques nous ont permis de renforcer consid\u00e9rablement la visibilit\u00e9 de Wikimedia S\u00e9n\u00e9gal et de ses activit\u00e9s. Cette pr\u00e9sence a \u00e9galement permis de sensibiliser le public sur l\u2019importance de documenter les cultures, les langues, les personnalit\u00e9s et le patrimoine africains sur les plateformes libres. L\u2019\u00e9dition 2026 du Festival Kimpa Vita mettait \u00e0 l\u2019honneur la <a href=\"https:\/\/fr.wikipedia.org\/wiki\/R\u00e9publique_d\u00e9mocratique_du_Congo\" rel=\"nofollow noopener\" target=\"_blank\">R\u00e9publique d\u00e9mocratique du Congo<\/a>, pays invit\u00e9. Ce fut une belle occasion de faire d\u00e9couvrir aux participants de notre \u00ab Flash lecture \u00bb des articles de femmes congolaises sur Wikip\u00e9dia, lus \u00e0 haute voix lors de cette activit\u00e9. Cette animation nous a permis de faire vivre le stand et d\u2019impliquer de nombreux passants.<\/p>\n<p><a href=\"https:\/\/diff.wikimedia.org\/?attachment_id=209956\" rel=\"nofollow noopener\" target=\"_blank\"><img loading=\"lazy\" data-recalc-dims=\"1\" decoding=\"async\" height=\"768\" width=\"1024\" src=\"https:\/\/www.europesays.com\/afrique\/wp-content\/uploads\/2026\/08\/Wikimedia_Senegal_au_Festival_Kimpavita_Dakar_2026_IN_03.jpg\" alt=\"\" class=\"wp-image-209956\"  \/><\/a><a href=\"https:\/\/meta.wikimedia.org\/wiki\/User:Ourytima\" rel=\"nofollow noopener\" target=\"_blank\">Ourytima<\/a> et un participant au stand de Wikimedia S\u00e9n\u00e9gal au Festival Kimpavita \u00e0 Dakar (2026), Imson11, CC0, via Wikimedia Commons.<\/p>\n<p>Un webinaire pour accompagner les nouveaux contributeurs et contributrices\u00a0<\/p>\n<p>Le 28 f\u00e9vrier 2026, Wikim\u00e9dia S\u00e9n\u00e9gal a organis\u00e9 le webinaire \u00ab Comment d\u00e9buter sur Wikip\u00e9dia ? \u00bb, anim\u00e9 par <a href=\"https:\/\/en.wikipedia.org\/wiki\/User:Akodarc\" data-type=\"link\" data-id=\"https:\/\/en.wikipedia.org\/wiki\/User:Akodarc\" rel=\"nofollow noopener\" target=\"_blank\">Akodarc<\/a> et mod\u00e9r\u00e9 par <a href=\"https:\/\/meta.wikimedia.org\/wiki\/User:Ghay_O\" rel=\"nofollow noopener\" target=\"_blank\">Ghay O<\/a>. Cette rencontre en ligne avait pour objectif d\u2019accompagner les nouveaux contributeurs dans leurs premiers pas sur Wikip\u00e9dia. Les participants ont d\u00e9couvert l\u2019interface de contribution, appris les principes fondamentaux de l\u2019encyclop\u00e9die collaborative et r\u00e9alis\u00e9 leurs premi\u00e8res modifications gr\u00e2ce \u00e0 des d\u00e9monstrations pratiques. Ce webinaire s\u2019inscrivait dans les actions de renforcement des capacit\u00e9s men\u00e9es par Wikim\u00e9dia S\u00e9n\u00e9gal afin de faciliter l\u2019int\u00e9gration de nouveaux b\u00e9n\u00e9voles au sein de la communaut\u00e9.<\/p>\n<p>Encourager la participation des femmes\u00a0 africaines sur Wikip\u00e9dia<\/p>\n<p><a href=\"https:\/\/diff.wikimedia.org\/?attachment_id=209957\" rel=\"nofollow noopener\" target=\"_blank\"><img loading=\"lazy\" data-recalc-dims=\"1\" decoding=\"async\" height=\"1024\" width=\"768\" src=\"https:\/\/www.europesays.com\/afrique\/wp-content\/uploads\/2026\/08\/Atelier_de_formation_Wikipedia_Franco_Wiki_avec_elles_AUF_9_avril_2026_09.jpg\" alt=\"\" class=\"wp-image-209957\"  \/><\/a>Photo de groupe lors de l\u2019atelier de formation \u00ab Wiki avec elles \u00bb sur Wikip\u00e9dia, organis\u00e9 en collaboration avec l\u2019 Agence Universitaire de la Francophonie (AUF) 2026, Imson11, CC0, via Wikimedia Commons.<\/p>\n<p>Dans le prolongement des c\u00e9l\u00e9brations de Wikip\u00e9dia 25, Wikim\u00e9dia S\u00e9n\u00e9gal a \u00e9galement organis\u00e9 une activit\u00e9 de d\u00e9couverte et de contribution \u00e0 Wikip\u00e9dia en partenariat avec l\u2019<a href=\"https:\/\/fr.wikipedia.org\/wiki\/Agence_universitaire_de_la_Francophonie\" data-type=\"link\" data-id=\"https:\/\/www.auf.org\" rel=\"nofollow noopener\" target=\"_blank\">Agence universitaire de la Francophonie<\/a> (AUF). Cette initiative s\u2019inscrivait dans le cadre du Mois de la contribution francophone, de la Francophonie et de la <a href=\"https:\/\/fr.wikipedia.org\/wiki\/Journ\u00e9e_internationale_des_femmes\" rel=\"nofollow noopener\" target=\"_blank\">Journ\u00e9e internationale des droits des femmes<\/a>. Il s\u2019agissait de la troisi\u00e8me \u00e9dition de l\u2019atelier Franco Wiki avec elles, un atelier 100% f\u00e9minin. L\u2019objectif \u00e9tait de familiariser les participantes avec Wikip\u00e9dia, de leur transmettre les comp\u00e9tences n\u00e9cessaires pour contribuer aux projets Wikim\u00e9dia et d\u2019encourager une plus grande repr\u00e9sentation des femmes au sein de la communaut\u00e9 des contributrices. A travers des exercices pratiques et un accompagnement personnalis\u00e9, les participantes ont d\u00e9couvert les principes de l\u2019encyclop\u00e9die libre, appris \u00e0 cr\u00e9er et am\u00e9liorer des articles et pris conscience de l\u2019importance de r\u00e9duire les \u00e9carts de repr\u00e9sentation sur les plateformes collaboratives.<\/p>\n<p>Un engagement renouvel\u00e9 en faveur de la connaissance libre<\/p>\n<p>\u00c0 travers ces diff\u00e9rentes activit\u00e9s, Wikip\u00e9dia S\u00e9n\u00e9gal r\u00e9affirme son engagement en faveur de la diffusion des connaissances libres, du d\u00e9veloppement des comp\u00e9tences num\u00e9riques et de la valorisation des contenus africains sur les projets Wikim\u00e9dia. Les c\u00e9l\u00e9brations d\u2019anniversaire de Wikip\u00e9dia ont permis de toucher des publics vari\u00e9s, de renforcer les capacit\u00e9s de nouveaux contributeurs, de promouvoir les projets fr\u00e8res de Wikip\u00e9dia et d\u2019encourager une participation plus inclusive, notamment celle des femmes. Ces initiatives t\u00e9moignent de la volont\u00e9 de Wikim\u00e9dia S\u00e9n\u00e9gal de construire une communaut\u00e9 toujours plus dynamique et engag\u00e9e, capable de documenter les savoirs, les femmes, les langues, les cultures et le patrimoine du S\u00e9n\u00e9gal et de l\u2019Afrique.<\/p>\n<p><a href=\"https:\/\/diff.wikimedia.org\/?attachment_id=209958\" rel=\"nofollow noopener\" target=\"_blank\"><img data-recalc-dims=\"1\" loading=\"lazy\" decoding=\"async\" height=\"683\" width=\"1024\" src=\"https:\/\/www.europesays.com\/afrique\/wp-content\/uploads\/2026\/08\/Celebration_des_25ans_de_Wikipedia.jpg\" alt=\"\" class=\"wp-image-209958\"  \/><\/a>Un quart de si\u00e8cle de savoir partag\u00e9 : les 25 ans de Wikip\u00e9dia 2026, Imson11, CC0, via Wikimedia Commons.<\/p>\n<p>Joyeux 25\u1d49 anniversaire \u00e0 Wikip\u00e9dinia ! Goudou fann ak w\u00e9r !<\/p>\n<p>\t\t\t\t\t\t<img decoding=\"async\" src=\"https:\/\/www.europesays.com\/afrique\/wp-content\/uploads\/2026\/06\/translate-post.jpg\" alt=\"\"\/><\/p>\n<p>\t\t\t\t\t\tPouvez-vous nous aider \u00e0 traduire cet article ?<\/p>\n<p>Pour que cet article soit diffus\u00e9 au plus grand nombre, nous avons besoin de votre aide. Pouvez-vous traduire cet article pour faire passer le message ?<\/p>\n<p>\t\t\t\t\t\t\t\t\t\t\t\t\t<a href=\"https:\/\/diff.wikimedia.org\/wp-login.php?redirect_to=%2Ffr%2F2026%2F08%2F15%2Fla-communaute-wikipedia-senegal-celebre-les-25-ans-de-wikipedia%2F%23translate-post\" class=\"translate-post-login\" rel=\"nofollow noopener\" target=\"_blank\">Commencer la traduction<\/a><\/p>\n<p>\n\tRelated<\/p>\n","protected":false},"excerpt":{"rendered":"Le 15 janvier 2026, Wikip\u00e9dia a c\u00e9l\u00e9br\u00e9 son 25\u1d49 anniversaire, marquant un quart de si\u00e8cle d\u2019engagement en faveur&hellip;\n","protected":false},"author":2,"featured_media":183392,"comment_status":"","ping_status":"","sticky":false,"template":"","format":"standard","meta":{"footnotes":"","_share_on_mastodon":"0"},"categories":[84],"tags":[11],"class_list":["post-183391","post","type-post","status-publish","format-standard","has-post-thumbnail","category-senegal","tag-senegal"],"share_on_mastodon":{"url":"https:\/\/pubeurope.com\/@afrique\/117104636601156452","error":""},"_links":{"self":[{"href":"https:\/\/www.europesays.com\/afrique\/wp-json\/wp\/v2\/posts\/183391","targetHints":{"allow":["GET"]}}],"collection":[{"href":"https:\/\/www.europesays.com\/afrique\/wp-json\/wp\/v2\/posts"}],"about":[{"href":"https:\/\/www.europesays.com\/afrique\/wp-json\/wp\/v2\/types\/post"}],"author":[{"embeddable":true,"href":"https:\/\/www.europesays.com\/afrique\/wp-json\/wp\/v2\/users\/2"}],"replies":[{"embeddable":true,"href":"https:\/\/www.europesays.com\/afrique\/wp-json\/wp\/v2\/comments?post=183391"}],"version-history":[{"count":0,"href":"https:\/\/www.europesays.com\/afrique\/wp-json\/wp\/v2\/posts\/183391\/revisions"}],"wp:featuredmedia":[{"embeddable":true,"href":"https:\/\/www.europesays.com\/afrique\/wp-json\/wp\/v2\/media\/183392"}],"wp:attachment":[{"href":"https:\/\/www.europesays.com\/afrique\/wp-json\/wp\/v2\/media?parent=183391"}],"wp:term":[{"taxonomy":"category","embeddable":true,"href":"https:\/\/www.europesays.com\/afrique\/wp-json\/wp\/v2\/categories?post=183391"},{"taxonomy":"post_tag","embeddable":true,"href":"https:\/\/www.europesays.com\/afrique\/wp-json\/wp\/v2\/tags?post=183391"}],"curies":[{"name":"wp","href":"https:\/\/api.w.org\/{rel}","templated":true}]}}