{"id":183499,"date":"2026-08-16T13:14:15","date_gmt":"2026-08-16T13:14:15","guid":{"rendered":"https:\/\/www.europesays.com\/afrique\/183499\/"},"modified":"2026-08-16T13:14:15","modified_gmt":"2026-08-16T13:14:15","slug":"smartphones-et-enfants-pourquoi-la-tunisie-doit-agir-durgence-face-a-la-toxicite-des-reseaux","status":"publish","type":"post","link":"https:\/\/www.europesays.com\/afrique\/183499\/","title":{"rendered":"Smartphones et enfants : pourquoi la Tunisie doit agir d&rsquo;urgence face \u00e0 la toxicit\u00e9 des r\u00e9seaux"},"content":{"rendered":"<p>Le gouvernement actuel serait bien inspir\u00e9 et nous ferait oublier son incomp\u00e9tence criante pour peu qu\u2019il prenne, dans les meilleurs d\u00e9lais, cette d\u00e9cision pr\u00e9ventive, celle de promulguer\u00a0 une loi qui interdirait l\u2019acc\u00e8s aux <a style=\"color: #ff0000;\" href=\"https:\/\/www.webmanagercenter.com\/tag\/reseaux-sociaux\/\" target=\"_blank\" rel=\"noopener nofollow\">r\u00e9seaux sociaux<\/a> aux moins de 15 ans. Et pour cause, en Tunisie, les dangers auxquels sont expos\u00e9s ces jeunes g\u00e9n\u00e9rations, par l\u2019effet de la toxicit\u00e9 av\u00e9r\u00e9e de ces \u00a0r\u00e9seaux, sont bien r\u00e9els. <\/p>\n<p>Selon des \u00a0statistiques officielles fournies par le minist\u00e8re de la Femme, de la Famille, de l\u2019Enfance et des Personnes \u00e2g\u00e9es, pr\u00e8s de 90 % des enfants tunisiens ont acc\u00e8s \u00e0 un smartphone et 78 % des moins de 13 ans seraient d\u00e9j\u00e0 pr\u00e9sents sur les plateformes. Plus simplement pr\u00e8s de huit enfants tunisiens sur dix d\u00e9j\u00e0 concern\u00e9s.<\/p>\n<p>Les enfants tunisiens hyperconnect\u00e9s aux r\u00e9seaux sociaux<\/p>\n<p>Autre statistique rapport\u00e9e par le rapport annuel de l\u2019Observatoire des droits de l\u2019enfant\u00a0: 75,9 % des enfants et adolescents \u00e2g\u00e9s de 10 \u00e0 17 ans utilisaient Internet. Ils y passeraient en moyenne trois heures par jour en semaine et jusqu\u2019\u00e0 six heures pendant les week-ends et les vacances scolaires.<\/p>\n<p>Cons\u00e9quence\u00a0: les enfants tunisiens sont d\u00e9j\u00e0 plong\u00e9s dans l\u2019univers num\u00e9rique. Ils sont hyperconnect\u00e9s, et ce, bien avant d\u2019avoir acquis les moyens psychologiques et intellectuels n\u00e9cessaires pour en mesurer les dangers.<\/p>\n<p>La menace que font peser ces r\u00e9seaux sur la pollution mentale et comportementale ne porte pas seulement sur les contenus violents, sexuels ou illicites auxquels les mineurs peuvent \u00eatre expos\u00e9s. Elle concerne aussi la conception m\u00eame des r\u00e9seaux sociaux. Et pour cause, le d\u00e9filement infini, la lecture automatique des vid\u00e9os, les notifications permanentes et les algorithmes de recommandation ne sont pas de simples commodit\u00e9s techniques. Elles ont \u00e9t\u00e9 con\u00e7ues pour maintenir l\u2019utilisateur devant son \u00e9cran, l\u2019inciter \u00e0 revenir et prolonger continuellement son temps de connexion.<\/p>\n<p>Concr\u00e8tement la nocivit\u00e9, voire la dangerosit\u00e9 \u00a0de ces r\u00e9seaux sont perceptibles \u00e0 travers le cyberharc\u00e8lement, le chantage, l\u2019exploitation sexuelle, contenus violents, troubles du sommeil, perte de concentration, comparaison permanente avec les autres, atteintes \u00e0 l\u2019image corporelle et m\u00e9canismes de d\u00e9pendance ne sont plus des risques th\u00e9oriques. Il s\u2019agit de menaces palpables qui meublent, h\u00e9las, \u00a0le quotidien de la plupart des familles tunisiennes.<\/p>\n<p>D\u2019o\u00f9 l\u2019enjeu de prot\u00e9ger nos enfants des m\u00e9faits du mauvais usage des r\u00e9seaux sociaux et de promulguer \u00e0 cette fin une loi pr\u00e9ventive et dissuasive.<\/p>\n<p>Ultime objectif\u00a0: garantir le droit fondamental de l\u2019enfant \u00e0 un d\u00e9veloppement sain et \u00e0 une sant\u00e9 mentale \u00e9quilibr\u00e9e. Pour atteindre cet objectif, les sp\u00e9cialistes en charge de l\u2019enfance recommandent d\u2019accompagner les l\u00e9gislations promulgu\u00e9es par des m\u00e9canismes de contr\u00f4le des plateformes num\u00e9riques, des programmes de sensibilisation \u00e0 destination des familles, ainsi que des alternatives num\u00e9riques \u00e9ducatives et s\u00e9curis\u00e9es.<\/p>\n<p>Une prise de conscience mondiale<\/p>\n<p>\u00c0 l\u2019\u00e9chelle internationale, plusieurs pays ont d\u00e9j\u00e0 initi\u00e9 des r\u00e9formes l\u00e9gislatives visant \u00e0 restreindre, voire \u00e0 interdire, l\u2019acc\u00e8s des enfants aux r\u00e9seaux sociaux, face aux risques av\u00e9r\u00e9s pour leur sant\u00e9 mentale et leur s\u00e9curit\u00e9. L\u2019Australie fait figure de pr\u00e9curseur en ayant adopt\u00e9 une loi interdisant l\u2019acc\u00e8s aux plateformes sociales aux moins de 16 ans, avec des obligations strictes de v\u00e9rification d\u2019\u00e2ge impos\u00e9es aux entreprises num\u00e9riques.<\/p>\n<p>En Europe, la France, l\u2019Espagne, la Norv\u00e8ge, a grande Bretagne\u00a0 et le Danemark ont engag\u00e9 ou annonc\u00e9 des projets de loi fixant un \u00e2ge minimal compris entre 15 et 16 ans, parfois assorti d\u2019un consentement parental renforc\u00e9. D\u2019autres pays, comme l\u2019Italie et l\u2019Allemagne, imposent d\u00e9j\u00e0 des restrictions encadr\u00e9es par l\u2019autorisation des parents pour les mineurs.<\/p>\n<p>En Asie, la Malaisie et l\u2019Indon\u00e9sie ont annonc\u00e9 une interdiction similaire pour les moins de 16 ans, tandis que des pays autoritaires comme la Chine, la Cor\u00e9e du nord et l\u2019Iran se sont servis de leur pouvoir souverain pour imposer une certaine discipline sociale, et ont opt\u00e9 pour un contr\u00f4le strict du temps d\u2019utilisation et des contenus accessibles aux mineurs.<\/p>\n<p>Les Etats Unis ont \u00e9t\u00e9 des pr\u00e9curseurs en la mati\u00e8re. Ils ont institu\u00e9, depuis des ann\u00e9es,\u00a0 un syst\u00e8me propre \u00e0 eux pour prot\u00e9ger\u00a0 leurs enfants.<\/p>\n<p>Globalement, abstraction faite des sp\u00e9cificit\u00e9s des restrictions impos\u00e9es par chaque pays, ce qu\u2019on doit\u00a0 retenir, c\u2019est cette prise de conscience mondiale \u00a0de l\u2019imp\u00e9ratif de r\u00e9guler l\u2019acc\u00e8s des enfants aux r\u00e9seaux sociaux et de prot\u00e9ger l\u2019enfance contre les d\u00e9rives num\u00e9riques.<\/p>\n<p>La Tunisie doit interdire les r\u00e9seaux sociaux aux moins de 15 ans<\/p>\n<p>La Tunisie, tout comme tous les pays du sud d\u2019ailleurs, ne doivent pas se donner en spectacle cette prise de conscience internationale et consid\u00e9rer le d\u00e9bat qui l\u2019accompagne\u00a0 comme s\u2019il concernait uniquement les soci\u00e9t\u00e9s occidentales. Les chiffres pr\u00e9cit\u00e9s montrent au contraire que ses enfants sont d\u00e9j\u00e0 hyperconnect\u00e9s et massivement expos\u00e9s.<\/p>\n<p>Officiellement, le minist\u00e8re de la Femme, de la Famille, de l\u2019Enfance et des Personnes \u00e2g\u00e9es le minist\u00e8re de la Femme, de la Famille, de l\u2019Enfance et des Personnes \u00e2g\u00e9es est bien conscient de la gravit\u00e9 de la situation.<\/p>\n<p>Sensibilis\u00e9s \u00e0 l\u2019enjeu de prot\u00e9ger les enfants du pays par le rapport annuel de l\u2019Observatoire des droits de l\u2019enfant et par l\u2019ong, l\u2019Organisation internationale pour la protection des enfants de la M\u00e9diterran\u00e9e qui avaient recommand\u00e9 aux autorit\u00e9s tunisiennes d\u2019interdire les r\u00e9seaux sociaux aux moins de 15 ans, Jamila Bettayeb, directrice g\u00e9n\u00e9rale de l\u2019enfance au minist\u00e8re de la Femme, de la Famille, de l\u2019Enfance et des Personnes \u00e2g\u00e9es, avait r\u00e9v\u00e9l\u00e9, en f\u00e9vrier 2026, que le minist\u00e8re des Technologies de la communication travaillait avec les op\u00e9rateurs et les fournisseurs d\u2019acc\u00e8s \u00e0 un projet de loi destin\u00e9 \u00e0 instaurer des m\u00e9canismes de contr\u00f4le des contenus num\u00e9riques.<\/p>\n<p>Tout en saluant cette initiative, nous attendons avec grand int\u00e9r\u00eat la concr\u00e9tisation de ce projet de loi. \u00a0Au regard de la gravit\u00e9 de la question nous esp\u00e9rons que ses initiateurs soient simplement \u00e0 la hauteur de la situation.<\/p>\n<p>A bon entendeur\u00a0!!!<\/p>\n<p>Abou SARRA<\/p>\n<p>EN BREF<\/p>\n<p>Hyperconnexion pr\u00e9coce : Pr\u00e8s de 90 % des enfants tunisiens poss\u00e8dent un smartphone et 78 % des moins de 13 ans fr\u00e9quentent d\u00e9j\u00e0 les r\u00e9seaux sociaux.<br \/>\nImpacts sanitaires av\u00e9r\u00e9s : Cyberharc\u00e8lement, addiction, troubles du sommeil et perte de concentration meublent le quotidien des familles.<br \/>\nTendance internationale : De l\u2019Australie \u00e0 l\u2019Europe, un nombre croissant d\u2019\u00c9tats instituent des interdictions d\u2019acc\u00e8s aux plateformes pour les moins de 15 ou 16 ans.<br \/>\nMobilisation institutionnelle : Le minist\u00e8re de la Femme et le minist\u00e8re des Technologies planchent sur un projet de loi de contr\u00f4le des contenus num\u00e9riques.<br \/>\nN\u00e9cessit\u00e9 souveraine : La Tunisie doit promulguer une l\u00e9gislation pr\u00e9ventive et dissuasive pour garantir le droit fondamental de l\u2019enfant \u00e0 un d\u00e9veloppement sain.<\/p>\n","protected":false},"excerpt":{"rendered":"Le gouvernement actuel serait bien inspir\u00e9 et nous ferait oublier son incomp\u00e9tence criante pour peu qu\u2019il prenne, dans&hellip;\n","protected":false},"author":2,"featured_media":177265,"comment_status":"","ping_status":"","sticky":false,"template":"","format":"standard","meta":{"footnotes":"","_share_on_mastodon":"0"},"categories":[120],"tags":[28501,10361,416,993,55804,124],"class_list":["post-183499","post","type-post","status-publish","format-standard","has-post-thumbnail","category-tunisie","tag-cybermenaces","tag-enfance","tag-numerique","tag-reseaux-sociaux","tag-toxicite","tag-tunisie"],"share_on_mastodon":{"url":"https:\/\/pubeurope.com\/@afrique\/117105372371215038","error":""},"_links":{"self":[{"href":"https:\/\/www.europesays.com\/afrique\/wp-json\/wp\/v2\/posts\/183499","targetHints":{"allow":["GET"]}}],"collection":[{"href":"https:\/\/www.europesays.com\/afrique\/wp-json\/wp\/v2\/posts"}],"about":[{"href":"https:\/\/www.europesays.com\/afrique\/wp-json\/wp\/v2\/types\/post"}],"author":[{"embeddable":true,"href":"https:\/\/www.europesays.com\/afrique\/wp-json\/wp\/v2\/users\/2"}],"replies":[{"embeddable":true,"href":"https:\/\/www.europesays.com\/afrique\/wp-json\/wp\/v2\/comments?post=183499"}],"version-history":[{"count":0,"href":"https:\/\/www.europesays.com\/afrique\/wp-json\/wp\/v2\/posts\/183499\/revisions"}],"wp:featuredmedia":[{"embeddable":true,"href":"https:\/\/www.europesays.com\/afrique\/wp-json\/wp\/v2\/media\/177265"}],"wp:attachment":[{"href":"https:\/\/www.europesays.com\/afrique\/wp-json\/wp\/v2\/media?parent=183499"}],"wp:term":[{"taxonomy":"category","embeddable":true,"href":"https:\/\/www.europesays.com\/afrique\/wp-json\/wp\/v2\/categories?post=183499"},{"taxonomy":"post_tag","embeddable":true,"href":"https:\/\/www.europesays.com\/afrique\/wp-json\/wp\/v2\/tags?post=183499"}],"curies":[{"name":"wp","href":"https:\/\/api.w.org\/{rel}","templated":true}]}}