{"id":183864,"date":"2026-08-16T23:52:42","date_gmt":"2026-08-16T23:52:42","guid":{"rendered":"https:\/\/www.europesays.com\/afrique\/183864\/"},"modified":"2026-08-16T23:52:42","modified_gmt":"2026-08-16T23:52:42","slug":"et-le-nouveau-selectionneur-de-lalgerie-sera","status":"publish","type":"post","link":"https:\/\/www.europesays.com\/afrique\/183864\/","title":{"rendered":"Et le nouveau s\u00e9lectionneur de l\u2019Alg\u00e9rie sera\u2026"},"content":{"rendered":"<p class=\"mb-4 text-lg md:leading-8 break-words\">Deux semaines apr\u00e8s le licenciement de Vladimir Petkovic, la f\u00e9d\u00e9ration alg\u00e9rienne a visiblement \u00e9tabli une short-list de trois entra\u00eeneurs pour le poste de s\u00e9lectionneur des Verts.<br \/>Comme de nombreuses \u00e9quipes nationales apr\u00e8s la Coupe du monde 2026, l&rsquo;Alg\u00e9rie va confier les r\u00eanes de sa s\u00e9lection \u00e0 un nouvel entraineur. Vladimir Petkovic, pourtant prolong\u00e9 avant le Mondial, n&rsquo;a pas surv\u00e9cu au parcours mitig\u00e9 des Verts, \u00e9limin\u00e9s en toute logique en 16e de finale par la Suisse (2-0), le 2 juillet dernier \u00e0 Vancouver. Le coach bosnien n&rsquo;a jamais su transformer la formation emmen\u00e9e par Riyad Mahrez, qui restait sur un quart de finale perdu \u00e0 la derni\u00e8re Coupe d&rsquo;Afrique des nations contre le Nigeria (2-0). Le feuilleton du futur s\u00e9lectionneur alg\u00e9rien va prendre fin ces prochains jours puisque la FAF va choisir entre trois entra\u00eeneurs. Le favori se nommerait Paulo Bento. Le technicien portugais a \u00e9t\u00e9 s\u00e9lectionneur de son pays de 2010 \u00e0 2014 (pour une demi-finale de l&rsquo;Euro 2012 avec Cristiano Ronaldo d\u00e9j\u00e0 capitaine vedette), de la Cor\u00e9e du Sud de 2018 \u00e0 2022 (pour une Coupe du monde 2022 d\u00e9cevante) et des Emirats arabes unis de 2023 \u00e0 2025. [rw_twitter link=&rsquo;https:\/\/x.com\/Mohamedyou85246\/status\/2088358198960935178&prime;]<\/p>\n<p>Mazzarri en plan B pour l&rsquo;Alg\u00e9rie<\/p>\n<p class=\"mb-4 text-lg md:leading-8 break-words\">Un Italien et un Espagnol compl\u00e8tent la short-list. Walter Mazzarri serait le technicien italien contact\u00e9, lui qui a une grosse exp\u00e9rience en Serie A (Sampdoria, Napoli, Inter Milan). Stefano Pioli \u00e9tait une piste trop couteuse. La f\u00e9d\u00e9ration alg\u00e9rienne n&rsquo;a qu&rsquo;une enveloppe salariale de 100 000 euros par mois et la piste espagnole m\u00e8ne \u00e0 F\u00e9lix Sanchez Bas. Ancien entra\u00eeneur de la Masia du <a data-ylk=\"slk:Bar\u00e7a;elm:context_link;itc:0;sec:content-canvas;\" data-yga=\"{&quot;yLinkElement&quot;:&quot;link&quot;,&quot;yLinkElementType&quot;:&quot;article_link&quot;}\" href=\"https:\/\/www.football.fr\/fc-barcelone\/mercato-coup-dur-pour-le-barca-827048.html\" rel=\"noopener noreferrer nofollow\" target=\"_blank\">Bar\u00e7a<\/a>, il a dirig\u00e9 les s\u00e9lections de jeunes du Qatar avant de prendre la t\u00eate de l&rsquo;\u00e9quipe A jusqu&rsquo;\u00e0 la Coupe du monde 2022 organis\u00e9e \u00e0 la maison. Il a ensuite men\u00e9 l&rsquo;Equateur \u00e0 la Copa Am\u00e9rica 2024 avant d&rsquo;entra\u00eener Al Sadd. Les Alg\u00e9riens se retrouvent lors de la prochaine fen\u00eatre internationale de deux semaines, le 21 septembre prochain, avec deux matches des qualifications de la CAN 2027 au programme contre la Zambie. On devrait retrouver les Luca Zidane, Ramy Bensebaini, Rafik Belghali, Rayan A\u00eft-Nouri, Nabil Bentaleb, Houssem Aouar, Far\u00e8s Cha\u00efbi, Ibrahim Maza, Mohamed Amoura, Anis Hadj Moussa ou Amine Gouiri. Riyad Mahrez a tir\u00e9 sa r\u00e9v\u00e9rence, tout comme A\u00efssa Mandi.<\/p>\n","protected":false},"excerpt":{"rendered":"Deux semaines apr\u00e8s le licenciement de Vladimir Petkovic, la f\u00e9d\u00e9ration alg\u00e9rienne a visiblement \u00e9tabli une short-list de trois&hellip;\n","protected":false},"author":2,"featured_media":183865,"comment_status":"","ping_status":"","sticky":false,"template":"","format":"standard","meta":{"footnotes":"","_share_on_mastodon":"0"},"categories":[85],"tags":[116,1010,24488,48856,2667,1810],"class_list":["post-183864","post","type-post","status-publish","format-standard","has-post-thumbnail","category-algerie","tag-algerie","tag-coupe-dafrique-des-nations","tag-federation-algerienne","tag-quart-de-finale","tag-riyad-mahrez","tag-vladimir-petkovic"],"share_on_mastodon":{"url":"https:\/\/pubeurope.com\/@afrique\/117107880280506888","error":""},"_links":{"self":[{"href":"https:\/\/www.europesays.com\/afrique\/wp-json\/wp\/v2\/posts\/183864","targetHints":{"allow":["GET"]}}],"collection":[{"href":"https:\/\/www.europesays.com\/afrique\/wp-json\/wp\/v2\/posts"}],"about":[{"href":"https:\/\/www.europesays.com\/afrique\/wp-json\/wp\/v2\/types\/post"}],"author":[{"embeddable":true,"href":"https:\/\/www.europesays.com\/afrique\/wp-json\/wp\/v2\/users\/2"}],"replies":[{"embeddable":true,"href":"https:\/\/www.europesays.com\/afrique\/wp-json\/wp\/v2\/comments?post=183864"}],"version-history":[{"count":0,"href":"https:\/\/www.europesays.com\/afrique\/wp-json\/wp\/v2\/posts\/183864\/revisions"}],"wp:featuredmedia":[{"embeddable":true,"href":"https:\/\/www.europesays.com\/afrique\/wp-json\/wp\/v2\/media\/183865"}],"wp:attachment":[{"href":"https:\/\/www.europesays.com\/afrique\/wp-json\/wp\/v2\/media?parent=183864"}],"wp:term":[{"taxonomy":"category","embeddable":true,"href":"https:\/\/www.europesays.com\/afrique\/wp-json\/wp\/v2\/categories?post=183864"},{"taxonomy":"post_tag","embeddable":true,"href":"https:\/\/www.europesays.com\/afrique\/wp-json\/wp\/v2\/tags?post=183864"}],"curies":[{"name":"wp","href":"https:\/\/api.w.org\/{rel}","templated":true}]}}