{"id":184014,"date":"2026-08-17T05:31:47","date_gmt":"2026-08-17T05:31:47","guid":{"rendered":"https:\/\/www.europesays.com\/afrique\/184014\/"},"modified":"2026-08-17T05:31:47","modified_gmt":"2026-08-17T05:31:47","slug":"leon-marchand-recidive-aux-championnats-deurope-de-natation-et-decroche-lor-au-400-m-nage-libre","status":"publish","type":"post","link":"https:\/\/www.europesays.com\/afrique\/184014\/","title":{"rendered":"L\u00e9on Marchand r\u00e9cidive aux championnats d&rsquo;Europe de natation et d\u00e9croche l&rsquo;or au 400 m nage libre"},"content":{"rendered":"<p class=\"article-p mdl\">Vainqueur la veille de son\u00a0<a class=\"link\" href=\"https:\/\/www.rtl.fr\/sport\/autres-sports\/championnats-d-europe-de-natation-leon-marchand-en-or-sur-le-200-m-papillon-7900662052\" rel=\"nofollow noopener\" target=\"_blank\">premier titre europ\u00e9en en individuel sur le 200 m papillon<\/a>,\u00a0<a class=\"link\" href=\"https:\/\/www.rtl.fr\/sujet\/leon-marchand\" rel=\"nofollow noopener\" target=\"_blank\">L\u00e9on Marchand<\/a>\u00a0a r\u00e9cidiv\u00e9 ce dimanche 16 ao\u00fbt, en s&rsquo;imposant sur le 400 m nage libre en d\u00e9crochant la m\u00e9daille d&rsquo;or.\u00a0<\/p>\n<p class=\"article-p mdl\">Le matin, le sportif entra\u00een\u00e9 par l&rsquo;Am\u00e9ricain Bob Bowman, a nag\u00e9 en 3&rsquo;45&Prime;85, soit le quatri\u00e8me meilleur chrono des engag\u00e9s sur cette discipline qu&rsquo;il n&rsquo;avait jamais pleinement explor\u00e9e au plus haut niveau.\u00a0En finale, il s&rsquo;\u00e9tait fix\u00e9 comme objectif de battre son record personnel, 3&rsquo;44&Prime;10, qui date du mois de d\u00e9cembre.\u00a0<\/p>\n<p class=\"article-p mdl\">C&rsquo;est d\u00e9sormais chose faite, le Toulousain ram\u00e8ne ainsi une troisi\u00e8me breloque de cet Euro de natation, apr\u00e8s l&rsquo;or sur le 200 m papillon, et l&rsquo;argent sur\u00a0<a class=\"link\" href=\"https:\/\/www.rtl.fr\/sport\/autres-sports\/euro-de-natation-le-relais-francais-remporte-l-argent-au-4x200m-grace-a-un-leon-marchand-brillant-7900661315\" title=\"Championnats d\u2019Europe de natation : port\u00e9 par un L\u00e9on Marchand impressionnant, le relais fran\u00e7ais du 4X200 m nage libre d\u00e9croche l&#039;argent\" target=\"_blank\" rel=\"nofollow noopener\">le relais fran\u00e7ais du 4&#215;200 m nage libre<\/a>.\u00a0<\/p>\n<p class=\"article-p mdl\">\u00ab\u00a0Le gros d\u00e9fi, c&rsquo;est de passer en finale et apr\u00e8s, on verra ce qui se passe\u00a0\u00bb, avait-il d\u00e9clar\u00e9 dans la foul\u00e9e de son titre sur 200 m papillon. Avant d&rsquo;affirmer, en d\u00e9but de comp\u00e9tition : \u00ab\u00a0Le 400 crawl, c&rsquo;est quelque chose de tr\u00e8s excitant mais aussi tr\u00e8s myst\u00e9rieux. Je ne sais pas trop comment le faire. J&rsquo;ai h\u00e2te de voir ce que \u00e7a donne.\u00a0\u00bb<\/p>\n<p class=\"article-p mdl\">Diminu\u00e9 par une blessure \u00e0 un adducteur survenue aux Championnats de France, l&rsquo;obligeant \u00e0 r\u00e9duire son programme, le\u00a0quadruple champion olympique peut \u00eatre satisfait de sa comp\u00e9tition.<\/p>\n<p>    La r\u00e9daction vous recommande<\/p>\n<p class=\"s-newsletter__title\">\n                L\u2019actualit\u00e9 par la r\u00e9daction de RTL dans votre bo\u00eete mail.\n            <\/p>\n<p class=\"s-newsletter__subtitle\">\n                Gr\u00e2ce \u00e0 votre compte RTL abonnez-vous \u00e0 la newsletter RTL info pour suivre toute l&rsquo;actualit\u00e9 au quotidien\n            <\/p>\n<p>\n                                    Lire la suite\n                                <\/p>\n<p class=\"article-google-preferred__title\">Ne laissez pas Google d\u00e9cider de vos sources.<\/p>\n<p>    <a href=\"https:\/\/www.google.com\/preferences\/source?q=https:\/\/www.rtl.fr\" target=\"_blank\" rel=\"noopener noreferrer nofollow\" class=\"article-google-preferred__btn at-class\" data-at-event=\"action\" data-at-category=\"actualite\" data-at-chapter1=\"pied_article\" data-at-chapter2=\"sport_autres_sports\" data-at-click=\"favori_google\">Ajouter RTL comme source pr\u00e9f\u00e9r\u00e9e<\/a><\/p>\n","protected":false},"excerpt":{"rendered":"Vainqueur la veille de son\u00a0premier titre europ\u00e9en en individuel sur le 200 m papillon,\u00a0L\u00e9on Marchand\u00a0a r\u00e9cidiv\u00e9 ce dimanche&hellip;\n","protected":false},"author":2,"featured_media":184015,"comment_status":"","ping_status":"","sticky":false,"template":"","format":"standard","meta":{"footnotes":"","_share_on_mastodon":"0"},"categories":[2],"tags":[18,1040,8730,46197,8425],"class_list":["post-184014","post","type-post","status-publish","format-standard","has-post-thumbnail","category-europe","tag-europe","tag-fil-info","tag-fil-sport","tag-leon-marchand","tag-natation"],"share_on_mastodon":{"url":"https:\/\/pubeurope.com\/@afrique\/117109217182236454","error":""},"_links":{"self":[{"href":"https:\/\/www.europesays.com\/afrique\/wp-json\/wp\/v2\/posts\/184014","targetHints":{"allow":["GET"]}}],"collection":[{"href":"https:\/\/www.europesays.com\/afrique\/wp-json\/wp\/v2\/posts"}],"about":[{"href":"https:\/\/www.europesays.com\/afrique\/wp-json\/wp\/v2\/types\/post"}],"author":[{"embeddable":true,"href":"https:\/\/www.europesays.com\/afrique\/wp-json\/wp\/v2\/users\/2"}],"replies":[{"embeddable":true,"href":"https:\/\/www.europesays.com\/afrique\/wp-json\/wp\/v2\/comments?post=184014"}],"version-history":[{"count":0,"href":"https:\/\/www.europesays.com\/afrique\/wp-json\/wp\/v2\/posts\/184014\/revisions"}],"wp:featuredmedia":[{"embeddable":true,"href":"https:\/\/www.europesays.com\/afrique\/wp-json\/wp\/v2\/media\/184015"}],"wp:attachment":[{"href":"https:\/\/www.europesays.com\/afrique\/wp-json\/wp\/v2\/media?parent=184014"}],"wp:term":[{"taxonomy":"category","embeddable":true,"href":"https:\/\/www.europesays.com\/afrique\/wp-json\/wp\/v2\/categories?post=184014"},{"taxonomy":"post_tag","embeddable":true,"href":"https:\/\/www.europesays.com\/afrique\/wp-json\/wp\/v2\/tags?post=184014"}],"curies":[{"name":"wp","href":"https:\/\/api.w.org\/{rel}","templated":true}]}}