{"id":184546,"date":"2026-08-17T18:13:51","date_gmt":"2026-08-17T18:13:51","guid":{"rendered":"https:\/\/www.europesays.com\/afrique\/184546\/"},"modified":"2026-08-17T18:13:51","modified_gmt":"2026-08-17T18:13:51","slug":"championnats-deurope-de-natation-a-leon-marchand-rien-nest-impossible","status":"publish","type":"post","link":"https:\/\/www.europesays.com\/afrique\/184546\/","title":{"rendered":"Championnats d\u2019Europe de natation : \u00e0 L\u00e9on Marchand, rien n\u2019est impossible"},"content":{"rendered":"<p>\n    HUMEUR \u2013 Le quadruple champion olympique a une nouvelle fois rayonn\u00e9 \u00e0 Paris en d\u00e9crochant les deux premiers titres europ\u00e9ens de sa carri\u00e8re. Avec une maestria qui tend \u00e0 faire dispara\u00eetre la glorieuse incertitude du sport.<\/p>\n<p class=\"fig-paragraph\">Et dire que j\u2019avais dout\u00e9, avant ces Championnats d\u2019Europe \u00e0 Paris, de la capacit\u00e9 de L\u00e9on Marchand \u00e0 y briller, non pas sur\u00a0<a href=\"http:\/\/www.lefigaro.fr\/sports\/autres-sports\/championnats-d-europe-de-natation-leon-marchand-triomphe-sur-le-200m-papillon-20260815\" data-fig-type=\"NewsFlash\" data-gtm-custom-categorie=\"navigation\" data-gtm-custom-action=\"crossclick\" data-gtm-custom-label=\"Contextuel\" data-gtm-event=\"customEventSPE\" data-fig-domain=\"LEFIGARO\" rel=\"nofollow noopener\" target=\"_blank\">ce 200m papillon qui lui \u00e9tait promis<\/a>, mais en crawl. Une semaine plus tard, il me faut expier cette faute, ce crime de l\u00e8se-majest\u00e9. Le Toulousain est d\u00e9finitivement \u00e0 part, impr\u00e9visible et en m\u00eame temps\u2026 pr\u00e9visible par sa capacit\u00e9 \u00e0 repousser toujours plus loin ses limites. Ses ph\u00e9nom\u00e9nales qualit\u00e9s de glisse dans l\u2019eau, un \u00e9l\u00e9ment avec lequel r\u00e9ellement il ne fait qu\u2019un comme peu de nageurs y sont parvenus avant lui, paraissent lui ouvrir un champ d\u2019action infini.<\/p>\n<p class=\"fig-paragraph\">\u00c0 tel point que tout ce qu\u2019il touche\u00a0<a href=\"http:\/\/www.lefigaro.fr\/sports\/autres-sports\/championnats-d-europe-de-natation-leon-marchand-transforme-tout-en-or-20260816\" data-fig-type=\"Article\" data-gtm-custom-categorie=\"navigation\" data-gtm-custom-action=\"crossclick\" data-gtm-custom-label=\"Contextuel\" data-gtm-event=\"customEventSPE\" data-fig-domain=\"LEFIGARO\" rel=\"nofollow noopener\" target=\"_blank\">se transforme en or<\/a>, sachant qu\u2019il n\u2019a plus perdu une grande finale internationale en individuel depuis le 200m papillon des Championnats du monde 2022, faisant de lui l\u2019\u00e9gal, en termes d\u2019invincibilit\u00e9, d\u2019un Armand Duplantis \u00e0 la perche en athl\u00e9tisme. Et \u00e0 l\u2019\u00e9poque, faut-il le rappeler, il n\u2019avait que 20 ans et celui qui l\u2019avait battu, le Hongrois Kristof Milak, avait\u2026<\/p>\n<p class=\"fig-premium-paywall__infos\">\n        Cet article est r\u00e9serv\u00e9 aux abonn\u00e9s.        Il vous reste 75% \u00e0 d\u00e9couvrir.\n    <\/p>\n<p>                <img  data- alt=\"Le Figaro\" class=\"fig-img--complete fig-img\"\/><\/p>\n<p class=\"fig-premium-paywall__title\">Vous avez envie de lire la suite ?<\/p>\n<p class=\"fig-premium-paywall__subtitle\">D\u00e9bloquez tous les articles imm\u00e9diatement.<\/p>\n<p class=\"fig-premium-paywall__connect\">\n                D\u00e9j\u00e0 abonn\u00e9\u00a0?                <a class=\"fig-premium-paywall__connect-link\" href=\"https:\/\/connect.lefigaro.fr\/login?client=horizon_web&amp;type=main&amp;redirect_uri=https%3A%2F%2Fwww.lefigaro.fr%2Fsports%2Fautres-sports%2Fchampionnats-d-europe-de-natation-a-leon-marchand-nul-n-est-impossible-20260817\" data-js-gtm=\"{&quot;event&quot;:&quot;customEventGA4&quot;,&quot;eventName&quot;:&quot;click_action&quot;,&quot;feature&quot;:&quot;paywall&quot;,&quot;location&quot;:&quot;paywall&quot;,&quot;button_action&quot;:&quot;connect&quot;,&quot;click_text&quot;:&quot;Connectez-vous&quot;}\" rel=\"nofollow noopener\" target=\"_blank\"><br \/>\n                    Connectez-vous<br \/>\n                <\/a>\n            <\/p>\n","protected":false},"excerpt":{"rendered":"HUMEUR \u2013 Le quadruple champion olympique a une nouvelle fois rayonn\u00e9 \u00e0 Paris en d\u00e9crochant les deux premiers&hellip;\n","protected":false},"author":2,"featured_media":184547,"comment_status":"","ping_status":"","sticky":false,"template":"","format":"standard","meta":{"footnotes":"","_share_on_mastodon":"0"},"categories":[2],"tags":[18,46197],"class_list":["post-184546","post","type-post","status-publish","format-standard","has-post-thumbnail","category-europe","tag-europe","tag-leon-marchand"],"share_on_mastodon":{"url":"https:\/\/pubeurope.com\/@afrique\/117112213503380239","error":""},"_links":{"self":[{"href":"https:\/\/www.europesays.com\/afrique\/wp-json\/wp\/v2\/posts\/184546","targetHints":{"allow":["GET"]}}],"collection":[{"href":"https:\/\/www.europesays.com\/afrique\/wp-json\/wp\/v2\/posts"}],"about":[{"href":"https:\/\/www.europesays.com\/afrique\/wp-json\/wp\/v2\/types\/post"}],"author":[{"embeddable":true,"href":"https:\/\/www.europesays.com\/afrique\/wp-json\/wp\/v2\/users\/2"}],"replies":[{"embeddable":true,"href":"https:\/\/www.europesays.com\/afrique\/wp-json\/wp\/v2\/comments?post=184546"}],"version-history":[{"count":0,"href":"https:\/\/www.europesays.com\/afrique\/wp-json\/wp\/v2\/posts\/184546\/revisions"}],"wp:featuredmedia":[{"embeddable":true,"href":"https:\/\/www.europesays.com\/afrique\/wp-json\/wp\/v2\/media\/184547"}],"wp:attachment":[{"href":"https:\/\/www.europesays.com\/afrique\/wp-json\/wp\/v2\/media?parent=184546"}],"wp:term":[{"taxonomy":"category","embeddable":true,"href":"https:\/\/www.europesays.com\/afrique\/wp-json\/wp\/v2\/categories?post=184546"},{"taxonomy":"post_tag","embeddable":true,"href":"https:\/\/www.europesays.com\/afrique\/wp-json\/wp\/v2\/tags?post=184546"}],"curies":[{"name":"wp","href":"https:\/\/api.w.org\/{rel}","templated":true}]}}