{"id":184837,"date":"2026-08-18T03:18:09","date_gmt":"2026-08-18T03:18:09","guid":{"rendered":"https:\/\/www.europesays.com\/afrique\/184837\/"},"modified":"2026-08-18T03:18:09","modified_gmt":"2026-08-18T03:18:09","slug":"sadc-fin-du-sommet-de-durban-ou-la-question-migratoire-a-domine-les-debats","status":"publish","type":"post","link":"https:\/\/www.europesays.com\/afrique\/184837\/","title":{"rendered":"SADC: fin du sommet de Durban o\u00f9 la question migratoire a domin\u00e9 les d\u00e9bats"},"content":{"rendered":"<p class=\"mb-4 text-lg md:leading-8 break-words\">Avec notre correspondante \u00e0 Johannesburg, Claire Bargel\u00e8s<\/p>\n<p class=\"mb-4 text-lg md:leading-8 break-words\"><a data-ylk=\"slk:L&#039;Afrique du Sud;elm:context_link;itc:0;sec:content-canvas;\" data-yga=\"{&quot;yLinkElement&quot;:&quot;link&quot;,&quot;yLinkElementType&quot;:&quot;article_link&quot;}\" href=\"https:\/\/www.rfi.fr\/fr\/tag\/afrique-du-sud\/\" rel=\"noopener noreferrer nofollow\" target=\"_blank\">L&rsquo;Afrique du Sud<\/a> \u00e9tait d\u00e9j\u00e0 \u00e0 la t\u00eate de l&rsquo;organisation depuis fin 2025, mais seulement par int\u00e9rim, suite au retrait de Madagascar. Elle en assure d\u00e9sormais la pr\u00e9sidence pour un an. Et ils n&rsquo;\u00e9taient que 15 pays rassembl\u00e9s, les Comores \u00e9tant absentes car elles ont un retard de paiement des cotisations.<\/p>\n<p class=\"mb-4 text-lg md:leading-8 break-words\">Le dirigeant sud-africain a indiqu\u00e9 avoir pu s&rsquo;entretenir avec ses homologues \u00ab de fa\u00e7on honn\u00eate et transparente \u00bb sur le \u00ab d\u00e9fi complexe \u00bb que repr\u00e9sente, selon ses mots, l&rsquo;immigration. Plusieurs nations membres de la <a data-ylk=\"slk:SADC;elm:context_link;itc:0;sec:content-canvas;\" data-yga=\"{&quot;yLinkElement&quot;:&quot;link&quot;,&quot;yLinkElementType&quot;:&quot;article_link&quot;}\" href=\"https:\/\/www.rfi.fr\/fr\/afrique\/20260816-afrique-du-sud-sommet-de-la-sadc-sur-fond-de-tensions-migratoires-et-politiques-dans-la-sous-r\u00e9gion\" rel=\"noopener noreferrer nofollow\" target=\"_blank\">SADC<\/a>, comme le Zimbabwe, le Mozambique, le Malawi ou encore la RDC, sont directement concern\u00e9es, puisque leurs citoyens ont \u00e9t\u00e9 vis\u00e9s par la col\u00e8re des manifestants sud-africains et ont \u00e9t\u00e9 rapatri\u00e9s en masse. \u00ab Nous exprimons aussi du regret face \u00e0 ce qui nous est arriv\u00e9 en tant que pays \u00bb a ajout\u00e9 Cyril Ramaphosa, remerciant ses partenaires pour leur compr\u00e9hension.<\/p>\n<p class=\"mb-4 text-lg md:leading-8 break-words\">Ces tensions se sont \u00e9galement manifest\u00e9es \u00e0 proximit\u00e9 du sommet, puisque le groupe \u00ab March and March \u00bb, \u00e0 l&rsquo;origine de plusieurs mobilisations anti-sans papiers, avait organis\u00e9 un rassemblement dans la journ\u00e9e, ce 17 ao\u00fbt.<\/p>\n<p class=\"mb-4 text-lg md:leading-8 break-words\">Dans son communiqu\u00e9 final, la SADC rappelle en outre sa solidarit\u00e9 avec la RDC pour restaurer la paix et la s\u00e9curit\u00e9, et encourage les diff\u00e9rents acteurs de la <a data-ylk=\"slk:sc\u00e8ne politique malgache;elm:context_link;itc:0;sec:content-canvas;\" data-yga=\"{&quot;yLinkElement&quot;:&quot;link&quot;,&quot;yLinkElementType&quot;:&quot;article_link&quot;}\" href=\"https:\/\/www.rfi.fr\/fr\/afrique\/20260817-madagascar-le-pouvoir-annonce-de-prochaines-\u00e9lections-en-juillet-2027-sur-le-cadre-constitutionnel\" rel=\"noopener noreferrer nofollow\" target=\"_blank\">sc\u00e8ne politique malgache<\/a> \u00e0 continuer \u00e0 oeuvrer pour maintenir le calme dans le pays.<\/p>\n<p class=\"mb-4 text-lg md:leading-8 break-words\">Enfin, Cyril Ramaphosa a mis l&rsquo;accent sur l&rsquo;objectif de d\u00e9veloppement des infrastructures au sein du bloc, et notamment les corridors r\u00e9gionaux afin de faciliter les \u00e9changes.<\/p>\n<p class=\"mb-4 text-lg md:leading-8 break-words\">Le projet de visa touristique commun aux diff\u00e9rents membres de la SADC a aussi progress\u00e9, puisque le sommet a permis d&rsquo;approuver l&rsquo;accord qui doit encore \u00eatre sign\u00e9 par tous les partenaires.<\/p>\n<p class=\"mb-4 text-lg md:leading-8 break-words\">\u00c0 \u00e9couter aussi<a data-ylk=\"slk:\u00abLa SADC est devenue quasi impuissante\u00bb, selon Al Kitenge, expert en strat\u00e9gie \u00e9conomique et en innovation;elm:context_link;itc:0;sec:content-canvas;\" data-yga=\"{&quot;yLinkElement&quot;:&quot;link&quot;,&quot;yLinkElementType&quot;:&quot;article_link&quot;}\" href=\"https:\/\/www.rfi.fr\/fr\/podcasts\/le-grand-invit\u00e9-afrique\/20260817-la-sadc-est-devenue-quasi-impuissante-selon-al-kitenge-expert-en-strat\u00e9gie-\u00e9conomique-et-en-innovation\" class=\"a-read-more__link\" rel=\"noopener noreferrer nofollow\" target=\"_blank\">\u00abLa SADC est devenue quasi impuissante\u00bb, selon Al Kitenge, expert en strat\u00e9gie \u00e9conomique et en innovation<\/a><\/p>\n","protected":false},"excerpt":{"rendered":"Avec notre correspondante \u00e0 Johannesburg, Claire Bargel\u00e8s L&rsquo;Afrique du Sud \u00e9tait d\u00e9j\u00e0 \u00e0 la t\u00eate de l&rsquo;organisation depuis&hellip;\n","protected":false},"author":2,"featured_media":184838,"comment_status":"","ping_status":"","sticky":false,"template":"","format":"standard","meta":{"footnotes":"","_share_on_mastodon":"0"},"categories":[123],"tags":[140,3930,56048,56047,33930],"class_list":["post-184837","post","type-post","status-publish","format-standard","has-post-thumbnail","category-afrique-du-sud","tag-afrique-du-sud","tag-cyril-ramaphosa","tag-les-comores","tag-retard-de-paiement","tag-sadc"],"share_on_mastodon":{"url":"https:\/\/pubeurope.com\/@afrique\/117114352716930961","error":""},"_links":{"self":[{"href":"https:\/\/www.europesays.com\/afrique\/wp-json\/wp\/v2\/posts\/184837","targetHints":{"allow":["GET"]}}],"collection":[{"href":"https:\/\/www.europesays.com\/afrique\/wp-json\/wp\/v2\/posts"}],"about":[{"href":"https:\/\/www.europesays.com\/afrique\/wp-json\/wp\/v2\/types\/post"}],"author":[{"embeddable":true,"href":"https:\/\/www.europesays.com\/afrique\/wp-json\/wp\/v2\/users\/2"}],"replies":[{"embeddable":true,"href":"https:\/\/www.europesays.com\/afrique\/wp-json\/wp\/v2\/comments?post=184837"}],"version-history":[{"count":0,"href":"https:\/\/www.europesays.com\/afrique\/wp-json\/wp\/v2\/posts\/184837\/revisions"}],"wp:featuredmedia":[{"embeddable":true,"href":"https:\/\/www.europesays.com\/afrique\/wp-json\/wp\/v2\/media\/184838"}],"wp:attachment":[{"href":"https:\/\/www.europesays.com\/afrique\/wp-json\/wp\/v2\/media?parent=184837"}],"wp:term":[{"taxonomy":"category","embeddable":true,"href":"https:\/\/www.europesays.com\/afrique\/wp-json\/wp\/v2\/categories?post=184837"},{"taxonomy":"post_tag","embeddable":true,"href":"https:\/\/www.europesays.com\/afrique\/wp-json\/wp\/v2\/tags?post=184837"}],"curies":[{"name":"wp","href":"https:\/\/api.w.org\/{rel}","templated":true}]}}