{"id":185359,"date":"2026-08-18T16:58:09","date_gmt":"2026-08-18T16:58:09","guid":{"rendered":"https:\/\/www.europesays.com\/afrique\/185359\/"},"modified":"2026-08-18T16:58:09","modified_gmt":"2026-08-18T16:58:09","slug":"tourisme-la-taxe-de-developpement-touristique-relancee-pour-accelerer-la-strategie-sublime-cote-divoire","status":"publish","type":"post","link":"https:\/\/www.europesays.com\/afrique\/185359\/","title":{"rendered":"Tourisme: la Taxe de d\u00e9veloppement touristique relanc\u00e9e pour acc\u00e9l\u00e9rer la strat\u00e9gie \u00ab Sublime C\u00f4te d\u2019Ivoire \u00bb"},"content":{"rendered":"<p>Les acteurs du secteur du tourisme et des loisirs ont \u00e9t\u00e9 sensibilis\u00e9s aux nouvelles dispositions relatives \u00e0 la Taxe de d\u00e9veloppement touristique, lors d&rsquo;une rencontre organis\u00e9e \u00e0 l&rsquo;H\u00f4tel des Arm\u00e9es d&rsquo;Abidjan-Plateau.<\/p>\n<p>\n                Le minist\u00e8re du Tourisme et des Loisirs a officiellement lanc\u00e9, le mardi 18 ao\u00fbt 2026, la campagne nationale de sensibilisation au recouvrement de la Taxe de d\u00e9veloppement touristique (TDT). R\u00e9unis \u00e0 l&rsquo;H\u00f4tel des Arm\u00e9es d&rsquo;Abidjan-Plateau, les acteurs du secteur ont \u00e9t\u00e9 appel\u00e9s \u00e0 s&rsquo;approprier ce m\u00e9canisme de financement pr\u00e9sent\u00e9 comme un levier essentiel pour soutenir les ambitions de la strat\u00e9gie \u00ab Sublime C\u00f4te d&rsquo;Ivoire \u00bb.\n            <\/p>\n<p>                    Apr\u00e8s plusieurs ann\u00e9es marqu\u00e9es par les cons\u00e9quences de la pand\u00e9mie de la Covid-19, la Taxe de d\u00e9veloppement touristique fait son retour avec un nouveau cadre r\u00e9glementaire.<br \/>\n        Cette r\u00e9forme se traduit notamment par le rel\u00e8vement du taux de la taxe, qui passe de 1,5 % \u00e0 2,5 %, mais \u00e9galement par l&rsquo;\u00e9largissement de son champ d&rsquo;application \u00e0 l&rsquo;ensemble des \u00e9tablissements touristiques et de loisirs.<\/p>\n<p>\t\t\t\t\t\t\t\t\t\t\t\t\t\t\t\t\t<img decoding=\"async\" class=\"lazy\" bad-src=\"https:\/\/cdn4.premiumread.com\/?url=https:\/\/www.fratmat.info\/uploads\/images\/2026\/08\/18\/291005.jpeg&amp;w=30&amp;q=100&amp;f=jpg\" src=\"https:\/\/www.fratmat.info\/uploads\/images\/2026\/08\/18\/291005.jpeg\" alt=\"Les repr\u00e9sentants des administrations financi\u00e8res, du Fonds de d\u00e9veloppement touristique et des collectivit\u00e9s territoriales ont d\u00e9taill\u00e9 les m\u00e9canismes de recouvrement et de tra\u00e7abilit\u00e9 de la TDT.\" onerror=\"this.src=\"\/><\/p>\n<p>Les repr\u00e9sentants des administrations financi\u00e8res, du Fonds de d\u00e9veloppement touristique et des collectivit\u00e9s territoriales ont d\u00e9taill\u00e9 les m\u00e9canismes de recouvrement et de tra\u00e7abilit\u00e9 de la TDT.<\/p>\n<p>D\u00e9sormais, les h\u00f4tels, les restaurants, les agences de voyages, les sites de divertissement et d&rsquo;autres acteurs du secteur sont concern\u00e9s par cette contribution destin\u00e9e \u00e0 alimenter le Fonds de d\u00e9veloppement touristique (FDT).<\/p>\n<p>\u00ab Les professionnels collectent, les professionnels b\u00e9n\u00e9ficient \u00bb<\/p>\n<p>Repr\u00e9sentant le ministre du Tourisme et des Loisirs, Siandou Fofana, le directeur de cabinet, Daniel Andi Leal, a tenu \u00e0 dissiper toute confusion autour du dispositif.<\/p>\n<p>\u00ab Vous n&rsquo;\u00eates pas les redevables \u00e9conomiques de cette taxe. Vous en \u00eates les collecteurs. Et, in fine, les b\u00e9n\u00e9ficiaires \u00bb, a-t-il d\u00e9clar\u00e9 devant les professionnels du secteur.<\/p>\n<p>Selon lui, la TDT repose sur un principe simple : le visiteur contribue au financement du d\u00e9veloppement touristique, les op\u00e9rateurs assurent la collecte et le Fonds investit les ressources dans la modernisation de l&rsquo;\u00e9cosyst\u00e8me.<\/p>\n<p>Les sommes collect\u00e9es serviront notamment \u00e0 financer la promotion de la destination ivoirienne, la formation des acteurs, l&rsquo;am\u00e9lioration des infrastructures ainsi que le renforcement de l&rsquo;attractivit\u00e9 du pays.<\/p>\n<p>Pour Daniel Andi Leal, la mobilisation des ressources internes constitue une condition indispensable pour atteindre l&rsquo;objectif fix\u00e9 par les autorit\u00e9s : faire figurer la C\u00f4te d&rsquo;Ivoire parmi les cinq premi\u00e8res destinations touristiques du continent africain d&rsquo;ici \u00e0 2030.<\/p>\n<p>Une r\u00e9forme ax\u00e9e sur la transparence<\/p>\n<p>L&rsquo;un des principaux enjeux de cette r\u00e9forme r\u00e9side dans la tra\u00e7abilit\u00e9 des fonds. Le recouvrement de la taxe sera d\u00e9sormais assur\u00e9 par les r\u00e9gies financi\u00e8res de l&rsquo;\u00c9tat, notamment les services des Imp\u00f4ts, du Tr\u00e9sor et de la D\u00e9centralisation.<\/p>\n<p>Le pr\u00e9sident du Fonds de d\u00e9veloppement touristique, le Dr Marcel N&rsquo;Guettia, a expliqu\u00e9 que son institution jouera un r\u00f4le de coordination et d&rsquo;accompagnement aupr\u00e8s des op\u00e9rateurs.<\/p>\n<p>Des outils p\u00e9dagogiques seront mis \u00e0 la disposition des acteurs du secteur, tandis que des points focaux r\u00e9gionaux seront charg\u00e9s d&rsquo;assurer une assistance de proximit\u00e9.<\/p>\n<p>\u00ab Le visiteur contribue, le professionnel collecte et le Fonds investit \u00bb, a-t-il r\u00e9sum\u00e9, en pr\u00e9sentant ce m\u00e9canisme comme un cercle vertueux au service du d\u00e9veloppement touristique.<\/p>\n<p>Collectivit\u00e9s territoriales et organisations professionnelles mises \u00e0 contribution<\/p>\n<p>Plusieurs experts sont intervenus au cours de cette rencontre pour pr\u00e9ciser les modalit\u00e9s d&rsquo;application de la r\u00e9forme.<\/p>\n<p>Le directeur de la Fiscalit\u00e9 locale, Tch\u00e9tch\u00e9 No\u00ebl Gballou, a pr\u00e9sent\u00e9 les innovations introduites par l&rsquo;annexe fiscale 2026. De son c\u00f4t\u00e9, la directrice de la Paierie g\u00e9n\u00e9rale du secteur parapublic, Guib\u00e9hi n\u00e9e Ahoussi Lydie, a insist\u00e9 sur le respect des proc\u00e9dures de reversement.<\/p>\n<p>Le directeur g\u00e9n\u00e9ral de la D\u00e9centralisation et du D\u00e9veloppement local, Fid\u00e8le Yapi, a, quant \u00e0 lui, mis en avant le r\u00f4le strat\u00e9gique des collectivit\u00e9s territoriales dans la mobilisation des ressources au niveau local.<\/p>\n<p>Les organisations professionnelles du secteur, notamment la FNIH, la FENITOURCI, le MOPEN, l&rsquo;APV et l&rsquo;UNP-CI, ont \u00e9galement \u00e9t\u00e9 invit\u00e9es \u00e0 intensifier leurs actions de sensibilisation aupr\u00e8s de leurs adh\u00e9rents.<\/p>\n<p>La c\u00e9r\u00e9monie s&rsquo;est achev\u00e9e sur un engagement collectif des diff\u00e9rents acteurs. Une mobilisation qui traduit la volont\u00e9 des autorit\u00e9s et des professionnels de doter durablement le tourisme ivoirien des ressources n\u00e9cessaires \u00e0 la concr\u00e9tisation des ambitions de la strat\u00e9gie \u00ab Sublime C\u00f4te d&rsquo;Ivoire \u00bb.<\/p>\n","protected":false},"excerpt":{"rendered":"Les acteurs du secteur du tourisme et des loisirs ont \u00e9t\u00e9 sensibilis\u00e9s aux nouvelles dispositions relatives \u00e0 la&hellip;\n","protected":false},"author":2,"featured_media":185360,"comment_status":"","ping_status":"","sticky":false,"template":"","format":"standard","meta":{"footnotes":"","_share_on_mastodon":"0"},"categories":[154],"tags":[16450,20479,6,722,216,723,97,78,88,315,56170,3109,21006,71,16451],"class_list":["post-185359","post","type-post","status-publish","format-standard","has-post-thumbnail","category-cote-divoire","tag-sublime","tag-accelerer","tag-afrique","tag-cote","tag-cote-divoire","tag-divoire","tag-de","tag-developpement","tag-la","tag-pour","tag-relancee","tag-strategie","tag-taxe","tag-tourisme","tag-touristique"],"share_on_mastodon":{"url":"https:\/\/pubeurope.com\/@afrique\/117117577234120901","error":""},"_links":{"self":[{"href":"https:\/\/www.europesays.com\/afrique\/wp-json\/wp\/v2\/posts\/185359","targetHints":{"allow":["GET"]}}],"collection":[{"href":"https:\/\/www.europesays.com\/afrique\/wp-json\/wp\/v2\/posts"}],"about":[{"href":"https:\/\/www.europesays.com\/afrique\/wp-json\/wp\/v2\/types\/post"}],"author":[{"embeddable":true,"href":"https:\/\/www.europesays.com\/afrique\/wp-json\/wp\/v2\/users\/2"}],"replies":[{"embeddable":true,"href":"https:\/\/www.europesays.com\/afrique\/wp-json\/wp\/v2\/comments?post=185359"}],"version-history":[{"count":0,"href":"https:\/\/www.europesays.com\/afrique\/wp-json\/wp\/v2\/posts\/185359\/revisions"}],"wp:featuredmedia":[{"embeddable":true,"href":"https:\/\/www.europesays.com\/afrique\/wp-json\/wp\/v2\/media\/185360"}],"wp:attachment":[{"href":"https:\/\/www.europesays.com\/afrique\/wp-json\/wp\/v2\/media?parent=185359"}],"wp:term":[{"taxonomy":"category","embeddable":true,"href":"https:\/\/www.europesays.com\/afrique\/wp-json\/wp\/v2\/categories?post=185359"},{"taxonomy":"post_tag","embeddable":true,"href":"https:\/\/www.europesays.com\/afrique\/wp-json\/wp\/v2\/tags?post=185359"}],"curies":[{"name":"wp","href":"https:\/\/api.w.org\/{rel}","templated":true}]}}