{"id":185423,"date":"2026-08-18T18:16:12","date_gmt":"2026-08-18T18:16:12","guid":{"rendered":"https:\/\/www.europesays.com\/afrique\/185423\/"},"modified":"2026-08-18T18:16:12","modified_gmt":"2026-08-18T18:16:12","slug":"tunisie-bientot-la-fin-de-la-course-aux-bouteilles","status":"publish","type":"post","link":"https:\/\/www.europesays.com\/afrique\/185423\/","title":{"rendered":"Tunisie : Bient\u00f4t la fin de la \u00ab course \u00bb aux bouteilles ?"},"content":{"rendered":"<p class=\"wp-block-paragraph\">Le march\u00e9 de l\u2019eau min\u00e9rale devrait conna\u00eetre une am\u00e9lioration de l\u2019approvisionnement dans les prochains jours. La vice-pr\u00e9sidente de l\u2019Organisation de d\u00e9fense du consommateur, Thouraya Tabassi, a affirm\u00e9 mardi 18 ao\u00fbt 2026 que la production des eaux min\u00e9rales avait retrouv\u00e9 son rythme normal, apr\u00e8s les perturbations et les p\u00e9nuries enregistr\u00e9es r\u00e9cemment.<\/p>\n<p class=\"wp-block-paragraph\">Intervenant sur Radio Jeunes, elle a indiqu\u00e9 que les producteurs avaient confirm\u00e9 \u00e0 l\u2019organisation le retour \u00e0 un rythme normal de production. Cette \u00e9volution devrait progressivement se traduire par une am\u00e9lioration de l\u2019approvisionnement dans les points de vente au cours des prochains jours.<\/p>\n<p>Appel \u00e0 \u00e9viter la \u00ab course \u00bb aux bouteilles<\/p>\n<p class=\"wp-block-paragraph\">Face aux tensions observ\u00e9es ces derni\u00e8res semaines, Thouraya Tabassi a appel\u00e9 les consommateurs \u00e0 adopter un comportement responsable et \u00e0 \u00e9viter la constitution de stocks.<\/p>\n<p class=\"wp-block-paragraph\">Elle a notamment recommand\u00e9 aux citoyens d\u2019acheter uniquement les quantit\u00e9s correspondant \u00e0 leurs besoins, estimant que la ru\u00e9e vers les bouteilles peut contribuer \u00e0 accentuer temporairement les tensions sur le march\u00e9.<\/p>\n<p class=\"wp-block-paragraph\">La responsable de l\u2019Organisation de d\u00e9fense du consommateur a \u00e9galement appel\u00e9 les citoyens \u00e0 signaler les \u00e9ventuels d\u00e9passements, notamment les pratiques consistant \u00e0 stocker ou dissimuler des quantit\u00e9s importantes d\u2019eau min\u00e9rale.<\/p>\n<p>Une crise li\u00e9e \u00e0 des perturbations d\u2019approvisionnement<\/p>\n<p class=\"wp-block-paragraph\">Cette annonce intervient apr\u00e8s une p\u00e9riode de tension sur le march\u00e9 tunisien de l\u2019eau conditionn\u00e9e. Plusieurs r\u00e9gions avaient connu des difficult\u00e9s d\u2019approvisionnement, avec une disponibilit\u00e9 r\u00e9duite de certaines marques dans les commerces et les grandes surfaces.<\/p>\n<p class=\"wp-block-paragraph\">Cette situation avait suscit\u00e9 des inqui\u00e9tudes, particuli\u00e8rement dans un contexte estival marqu\u00e9 par les fortes temp\u00e9ratures et une consommation accrue d\u2019eau.<\/p>\n<p class=\"wp-block-paragraph\">Les difficult\u00e9s ne r\u00e9sultaient toutefois pas uniquement d\u2019une hausse de la demande. Le secteur avait \u00e9galement \u00e9t\u00e9 confront\u00e9 \u00e0 des perturbations li\u00e9es \u00e0 la disponibilit\u00e9 des emballages en plastique, notamment apr\u00e8s les tensions enregistr\u00e9es sur le march\u00e9 de la r\u00e9sine PET, mati\u00e8re premi\u00e8re utilis\u00e9e pour fabriquer les bouteilles.<\/p>\n<p class=\"wp-block-paragraph\">Lire aussi  :<a href=\"https:\/\/www.webdo.tn\/fr\/actualite\/national\/eau-minerale-la-penurie-revele-un-marche-ou-les-intermediaires-se-multiplient\/402692\/\" rel=\"nofollow noopener\" target=\"_blank\"> Eau min\u00e9rale : La p\u00e9nurie r\u00e9v\u00e8le un march\u00e9 o\u00f9 les interm\u00e9diaires se multiplient<\/a><\/p>\n<p class=\"wp-block-paragraph\">Le retour annonc\u00e9 \u00e0 un rythme normal de production devrait donc permettre une am\u00e9lioration progressive de la situation. L\u2019Organisation de d\u00e9fense du consommateur appelle n\u00e9anmoins \u00e0 maintenir la vigilance afin d\u2019\u00e9viter les comportements de stockage et les pratiques susceptibles d\u2019aggraver les tensions.<\/p>\n<p class=\"wp-block-paragraph\">Si la reprise de la production se confirme, les consommateurs devraient ainsi commencer \u00e0 constater une am\u00e9lioration de la disponibilit\u00e9 de l\u2019eau min\u00e9rale dans les points de vente au cours des prochains jours.<\/p>\n","protected":false},"excerpt":{"rendered":"Le march\u00e9 de l\u2019eau min\u00e9rale devrait conna\u00eetre une am\u00e9lioration de l\u2019approvisionnement dans les prochains jours. La vice-pr\u00e9sidente de&hellip;\n","protected":false},"author":2,"featured_media":185424,"comment_status":"","ping_status":"","sticky":false,"template":"","format":"standard","meta":{"footnotes":"","_share_on_mastodon":"0"},"categories":[120],"tags":[18836,54380,124],"class_list":["post-185423","post","type-post","status-publish","format-standard","has-post-thumbnail","category-tunisie","tag-bouteilles","tag-eau-minrale","tag-tunisie"],"share_on_mastodon":{"url":"https:\/\/pubeurope.com\/@afrique\/117117883733321977","error":""},"_links":{"self":[{"href":"https:\/\/www.europesays.com\/afrique\/wp-json\/wp\/v2\/posts\/185423","targetHints":{"allow":["GET"]}}],"collection":[{"href":"https:\/\/www.europesays.com\/afrique\/wp-json\/wp\/v2\/posts"}],"about":[{"href":"https:\/\/www.europesays.com\/afrique\/wp-json\/wp\/v2\/types\/post"}],"author":[{"embeddable":true,"href":"https:\/\/www.europesays.com\/afrique\/wp-json\/wp\/v2\/users\/2"}],"replies":[{"embeddable":true,"href":"https:\/\/www.europesays.com\/afrique\/wp-json\/wp\/v2\/comments?post=185423"}],"version-history":[{"count":0,"href":"https:\/\/www.europesays.com\/afrique\/wp-json\/wp\/v2\/posts\/185423\/revisions"}],"wp:featuredmedia":[{"embeddable":true,"href":"https:\/\/www.europesays.com\/afrique\/wp-json\/wp\/v2\/media\/185424"}],"wp:attachment":[{"href":"https:\/\/www.europesays.com\/afrique\/wp-json\/wp\/v2\/media?parent=185423"}],"wp:term":[{"taxonomy":"category","embeddable":true,"href":"https:\/\/www.europesays.com\/afrique\/wp-json\/wp\/v2\/categories?post=185423"},{"taxonomy":"post_tag","embeddable":true,"href":"https:\/\/www.europesays.com\/afrique\/wp-json\/wp\/v2\/tags?post=185423"}],"curies":[{"name":"wp","href":"https:\/\/api.w.org\/{rel}","templated":true}]}}