{"id":186356,"date":"2026-08-19T19:21:44","date_gmt":"2026-08-19T19:21:44","guid":{"rendered":"https:\/\/www.europesays.com\/afrique\/186356\/"},"modified":"2026-08-19T19:21:44","modified_gmt":"2026-08-19T19:21:44","slug":"cest-le-haut-niveau-du-football-africain-herve-renard-intronise-selectionneur-de-la-cote-divoire","status":"publish","type":"post","link":"https:\/\/www.europesays.com\/afrique\/186356\/","title":{"rendered":"\u00ab\u00a0C\u2019est le haut niveau du football africain\u00a0\u00bb\u00a0: Herv\u00e9 Renard intronis\u00e9 s\u00e9lectionneur de la C\u00f4te d\u2019Ivoire"},"content":{"rendered":"<p data-ofstats-scroll=\"read_depth_30\">Le <a href=\"https:\/\/www.ouest-france.fr\/sport\/football\/equipe-cote-d-ivoire\/football-officiel-herve-renard-est-de-retour-sur-le-banc-de-la-cote-divoire-9812593a-9016-11f1-affe-b5734e615deb\" target=\"_self\" rel=\"nofollow noopener\">nouveau s\u00e9lectionneur de la C\u00f4te d\u2019Ivoire Herv\u00e9 Renard<\/a> s\u2019est dit conscient du grand d\u00e9fi et de l\u2019\u00e9norme attente qui p\u00e8sent sur lui, onze ans apr\u00e8s un premier passage sur le banc ivoirien, lors d\u2019une conf\u00e9rence de presse jeudi \u00e0 Abidjan. Le technicien fran\u00e7ais a \u00e9t\u00e9 nomm\u00e9 officiellement mardi par la F\u00e9d\u00e9ration ivoirienne de football\u00a0(FIF) s\u00e9lectionneur des \u00c9l\u00e9phants, un poste qu\u2019il avait d\u00e9j\u00e0 occup\u00e9 en 2014 et 2015, avec \u00e0 la cl\u00e9 une victoire finale en Coupe d\u2019Afrique des nations. Il succ\u00e8de \u00e0 l\u2019Ivoirien Emerse Fa\u00e9.<\/p>\n<p>        \u00ab\u00a0Un grand honneur\u00a0\u00bb<\/p>\n<p data-ofstats-scroll=\"read_depth_40\">Renard a \u00e9t\u00e9 pr\u00e9sent\u00e9 \u00e0 la presse jeudi au si\u00e8ge de la FIF. Nous connaissons le travail qui nous attend avec ces deux CAN successives (2027 puis 2028), c\u2019est un grand d\u00e9fi puisque l\u2019attente de tout le peuple ivoirien est \u00e9norme, a d\u00e9clar\u00e9 Herv\u00e9 Renard, v\u00eatu de sa traditionnelle chemise blanche.<\/p>\n<p data-ofstats-scroll=\"read_depth_50\">La C\u00f4te d\u2019Ivoire est une \u00e9quipe qui est faite pour remporter des troph\u00e9es et l\u2019exigence doit \u00eatre au maximum pour obtenir les meilleurs r\u00e9sultats possibles, a-t-il ajout\u00e9, en pr\u00e9cisant avoir sign\u00e9 un contrat de deux ans.<\/p>\n<p data-ofstats-scroll=\"read_depth_70\">Renard, 57\u00a0ans, a \u00e9galement exprim\u00e9 sa fiert\u00e9 et son grand honneur de retrouver le banc des \u00c9l\u00e9phants. Quand la C\u00f4te d\u2019Ivoire vous contacte, [\u2026], il n\u2019y a pas beaucoup \u00e0 r\u00e9fl\u00e9chir, c\u2019est le haut niveau du football africain, a-t-il dit. Globe-trotteur du football mondial, le Fran\u00e7ais a multipli\u00e9 les exp\u00e9riences comme s\u00e9lectionneur, particuli\u00e8rement en Afrique.<\/p>\n<p data-ofstats-scroll=\"read_depth_80\">Avant de retrouver la s\u00e9lection ivoirienne, <a href=\"https:\/\/www.ouest-france.fr\/sport\/football\/equipe-tunisie\/coupe-du-monde-mon-aventure-prend-fin-herve-renard-quitte-deja-son-poste-de-selectionneur-de-la-tunisie-8684eb04-77e0-11f1-980a-970130a57304\" target=\"_self\" rel=\"nofollow noopener\">il a bri\u00e8vement dirig\u00e9 la Tunisie<\/a> \u00e0 la suite du lourd revers contre la Su\u00e8de\u00a0(5-1) lors du premier match des Aigles de Carthage au Mondial-2026, d\u00e9route qui avait co\u00fbt\u00e9 sa place \u00e0 Sabri Lamouchi. Il a offici\u00e9 \u00e0 deux reprises, avec deux d\u00e9faites \u00e0 la cl\u00e9, contre le Japon\u00a0(4-0) et les Pays-Bas\u00a0(3-1).<\/p>\n<p data-ofstats-scroll=\"read_depth_100\">Libre de tout contrat apr\u00e8s ce passage \u00e9clair, Herv\u00e9 Renard jouit d\u2019une grande popularit\u00e9 en C\u00f4te d\u2019Ivoire \u00e0 la faveur du sacre d\u00e9croch\u00e9 \u00e0 la CAN-2015 avec la g\u00e9n\u00e9ration de Yaya Tour\u00e9, apr\u00e8s pr\u00e8s de 25\u00a0ans de disette.<\/p>\n","protected":false},"excerpt":{"rendered":"Le nouveau s\u00e9lectionneur de la C\u00f4te d\u2019Ivoire Herv\u00e9 Renard s\u2019est dit conscient du grand d\u00e9fi et de l\u2019\u00e9norme&hellip;\n","protected":false},"author":2,"featured_media":186357,"comment_status":"","ping_status":"","sticky":false,"template":"","format":"standard","meta":{"footnotes":"","_share_on_mastodon":"0"},"categories":[154],"tags":[1012,216,12576,308,46],"class_list":["post-186356","post","type-post","status-publish","format-standard","has-post-thumbnail","category-cote-divoire","tag-actualite-en-continu","tag-cote-divoire","tag-equipe-cote-divoire-football","tag-football","tag-sport"],"share_on_mastodon":{"url":"https:\/\/pubeurope.com\/@afrique\/117123801574194153","error":""},"_links":{"self":[{"href":"https:\/\/www.europesays.com\/afrique\/wp-json\/wp\/v2\/posts\/186356","targetHints":{"allow":["GET"]}}],"collection":[{"href":"https:\/\/www.europesays.com\/afrique\/wp-json\/wp\/v2\/posts"}],"about":[{"href":"https:\/\/www.europesays.com\/afrique\/wp-json\/wp\/v2\/types\/post"}],"author":[{"embeddable":true,"href":"https:\/\/www.europesays.com\/afrique\/wp-json\/wp\/v2\/users\/2"}],"replies":[{"embeddable":true,"href":"https:\/\/www.europesays.com\/afrique\/wp-json\/wp\/v2\/comments?post=186356"}],"version-history":[{"count":0,"href":"https:\/\/www.europesays.com\/afrique\/wp-json\/wp\/v2\/posts\/186356\/revisions"}],"wp:featuredmedia":[{"embeddable":true,"href":"https:\/\/www.europesays.com\/afrique\/wp-json\/wp\/v2\/media\/186357"}],"wp:attachment":[{"href":"https:\/\/www.europesays.com\/afrique\/wp-json\/wp\/v2\/media?parent=186356"}],"wp:term":[{"taxonomy":"category","embeddable":true,"href":"https:\/\/www.europesays.com\/afrique\/wp-json\/wp\/v2\/categories?post=186356"},{"taxonomy":"post_tag","embeddable":true,"href":"https:\/\/www.europesays.com\/afrique\/wp-json\/wp\/v2\/tags?post=186356"}],"curies":[{"name":"wp","href":"https:\/\/api.w.org\/{rel}","templated":true}]}}