{"id":186902,"date":"2026-08-20T12:36:11","date_gmt":"2026-08-20T12:36:11","guid":{"rendered":"https:\/\/www.europesays.com\/afrique\/186902\/"},"modified":"2026-08-20T12:36:11","modified_gmt":"2026-08-20T12:36:11","slug":"francois-pugeaut-consul-de-france-a-annaba-et-constantine-quitte-lalgerie-marc-servies-arrive","status":"publish","type":"post","link":"https:\/\/www.europesays.com\/afrique\/186902\/","title":{"rendered":"Fran\u00e7ois Pugeaut, consul de France \u00e0 Annaba et Constantine, quitte l\u2019Alg\u00e9rie : Marc Servies arrive"},"content":{"rendered":"<p>Fin de mission pour Fran\u00e7ois Pugeaut, consul g\u00e9n\u00e9ral de France \u00e0 Annaba et Constantine. Il quitte l\u2019Alg\u00e9rie apr\u00e8s quatre ans de service.<\/p>\n<p>C\u2019est Marc Servies, secr\u00e9taire des affaires \u00e9trang\u00e8res hors classe, qui lui succ\u00e8de. Il a \u00e9t\u00e9 nomm\u00e9 par d\u00e9cret pr\u00e9sidentiel publi\u00e9 au Journal officiel le 27 juillet dernier.<\/p>\n<p class=\"a-lire-box\" style=\"&#13;&#10;                    margin:20px 0;&#13;&#10;                    padding:12px 0;&#13;&#10;                    border-top:1px solid #ddd;&#13;&#10;                    border-bottom:1px solid #ddd;&#13;&#10;                    line-height:1.8;&#13;&#10;                 \">&#13;<br \/>\n                    A lire aussi :&#13;<br \/>\n                    <a href=\"https:\/\/www.tsa-algerie.com\/inscription-a-la-vaccination-anti-covid-prenez-rendez-vous-en-ligne\/\" class=\"a-lire-link\" style=\"color:#000;text-decoration:none;font-weight:600;\" rel=\"nofollow noopener\" target=\"_blank\">&#13;<br \/>\n                        Inscription \u00e0 la vaccination anti-Covid : prenez rendez-vous en ligne&#13;<br \/>\n                    <\/a>&#13;\n                <\/p>\n<p>Avant d\u2019\u00eatre nomm\u00e9 \u00e0 ce poste, M. Servies, 59 ans, a occup\u00e9 plusieurs postes diplomatiques \u00e0 l\u2019\u00e9tranger, notamment \u00e0 Madagascar (charg\u00e9 d\u2019affaires de l\u2019ambassade de France), en Slov\u00e9nie, adjoint au chef de mission diplomatique \u00e0 Ha\u00efti, conseiller culturel \u00e0 Tel-Aviv et directeur de l\u2019Institut fran\u00e7ais d\u2019Isra\u00ebl et conseiller politique et presse \u00e0 l\u2019ambassade de France en Slov\u00e9nie de mars 2006 jusqu\u2019\u00e0 sa nomination \u00e0 la t\u00eate du Consulat g\u00e9n\u00e9ral de France \u00e0 Annaba.<\/p>\n<p class=\"a-lire-box\" style=\"&#13;&#10;                    margin:20px 0;&#13;&#10;                    padding:12px 0;&#13;&#10;                    border-top:1px solid #ddd;&#13;&#10;                    border-bottom:1px solid #ddd;&#13;&#10;                    line-height:1.8;&#13;&#10;                 \">&#13;<br \/>\n                    A lire aussi :&#13;<br \/>\n                    <a href=\"https:\/\/www.tsa-algerie.com\/algerie-revelations-glacantes-sur-le-drame-du-bus-de-oued-el-harrach\/\" class=\"a-lire-link\" style=\"color:#000;text-decoration:none;font-weight:600;\" rel=\"nofollow noopener\" target=\"_blank\">&#13;<br \/>\n                        Alg\u00e9rie : r\u00e9v\u00e9lations gla\u00e7antes sur le drame du bus de Oued El Harrach&#13;<br \/>\n                    <\/a>&#13;\n                <\/p>\n<p>Pour son pr\u00e9d\u00e9cesseur, il quitte l\u2019Alg\u00e9rie avec un regret. \u00c0 l\u2019occasion de son d\u00e9part, M. Pugeaut a adress\u00e9 un message \u00e9mouvant \u00e0 ses compatriotes.<\/p>\n<p>Install\u00e9 en octobre 2022 comme <a href=\"https:\/\/www.tsa-algerie.com\/trafic-de-visas-schengen-scandale-au-consulat-despagne-a-alger\/\" target=\"_blank\" rel=\"noopener nofollow\">consul<\/a> g\u00e9n\u00e9ral de France \u00e0 Annaba et Constantine, Fran\u00e7ois Pugeaut a annonc\u00e9 son d\u00e9part apr\u00e8s quatre ann\u00e9es pass\u00e9es en poste en Alg\u00e9rie.<\/p>\n<p class=\"a-lire-box\" style=\"&#13;&#10;                    margin:20px 0;&#13;&#10;                    padding:12px 0;&#13;&#10;                    border-top:1px solid #ddd;&#13;&#10;                    border-bottom:1px solid #ddd;&#13;&#10;                    line-height:1.8;&#13;&#10;                 \">&#13;<br \/>\n                    A lire aussi :&#13;<br \/>\n                    <a href=\"https:\/\/www.tsa-algerie.com\/caricatures-de-chirac-a-macron-comment-la-position-de-la-france-a-evolue\/\" class=\"a-lire-link\" style=\"color:#000;text-decoration:none;font-weight:600;\" rel=\"nofollow noopener\" target=\"_blank\">&#13;<br \/>\n                        Caricatures\u00a0: de Chirac \u00e0 Macron, comment la position de la France a \u00e9volu\u00e9&#13;<br \/>\n                    <\/a>&#13;\n                <\/p>\n<p>\u00ab Le temps est venu pour moi, consul depuis 4 ans dans cette belle circonscription du nord-est alg\u00e9rien, de vous dire au revoir. En effet, les bonnes choses ont malheureusement une fin et je suis rappel\u00e9 \u00e0 Paris pour occuper de nouvelles fonctions \u00bb, a-t-il \u00e9crit.<\/p>\n<p>Fran\u00e7ois Pugeaut confie que ses visites et ses d\u00e9placements sur le terrain durant ces quatre ann\u00e9es lui ont \u00ab permis d\u2019approcher une soci\u00e9t\u00e9 dans toute sa diversit\u00e9, de comprendre ses aspirations, ses sensibilit\u00e9s, ses espoirs et parfois ses interrogations \u00bb.<\/p>\n<p>\u00ab Je quitte l\u2019Alg\u00e9rie avec le sentiment qu\u2019on aurait pu faire beaucoup plus \u00bb<\/p>\n<p>Il rappelle que c\u2019est \u00e0 Annaba que son \u00e9pouse et lui ont accueilli un heureux \u00e9v\u00e8nement : la venue au monde de leur fille pr\u00e9nomm\u00e9e Talia.<\/p>\n<p>\u00ab Pour nous, Annaba ne sera jamais simplement le lieu o\u00f9 nous avons exerc\u00e9 une mission diplomatique. Ce sera la ville o\u00f9 notre fille a commenc\u00e9 son histoire. Cette naissance a donn\u00e9 \u00e0 notre s\u00e9jour une dimension que nous n\u2019aurions jamais pu imaginer. Elle a inscrit l\u2019Alg\u00e9rie dans notre histoire familiale \u00bb.<\/p>\n<p>Fran\u00e7ois Pugeaut exprime toutefois un certain regret : \u00ab Je quitte l\u2019Alg\u00e9rie avec le sentiment qu\u2019on aurait pu faire beaucoup plus de choses, mais la relation complexe entre nos deux pays ne l\u2019a pas permis. Au-del\u00e0 des relations entre \u00c9tats, je reste convaincu que l\u2019avenir de cette relation se construit entre les peuples : dans les familles, les universit\u00e9s, les entreprises, les associations, les \u00e9changes culturels, les projets communs et toutes ces rencontres qui, progressivement, rapprochent les soci\u00e9t\u00e9s \u00bb.<\/p>\n","protected":false},"excerpt":{"rendered":"Fin de mission pour Fran\u00e7ois Pugeaut, consul g\u00e9n\u00e9ral de France \u00e0 Annaba et Constantine. Il quitte l\u2019Alg\u00e9rie apr\u00e8s&hellip;\n","protected":false},"author":2,"featured_media":186903,"comment_status":"","ping_status":"","sticky":false,"template":"","format":"standard","meta":{"footnotes":"","_share_on_mastodon":"0"},"categories":[85],"tags":[116,3859,6908,5820],"class_list":["post-186902","post","type-post","status-publish","format-standard","has-post-thumbnail","category-algerie","tag-algerie","tag-algerie-france","tag-consulat","tag-visa"],"share_on_mastodon":{"url":"https:\/\/pubeurope.com\/@afrique\/117127871757800870","error":""},"_links":{"self":[{"href":"https:\/\/www.europesays.com\/afrique\/wp-json\/wp\/v2\/posts\/186902","targetHints":{"allow":["GET"]}}],"collection":[{"href":"https:\/\/www.europesays.com\/afrique\/wp-json\/wp\/v2\/posts"}],"about":[{"href":"https:\/\/www.europesays.com\/afrique\/wp-json\/wp\/v2\/types\/post"}],"author":[{"embeddable":true,"href":"https:\/\/www.europesays.com\/afrique\/wp-json\/wp\/v2\/users\/2"}],"replies":[{"embeddable":true,"href":"https:\/\/www.europesays.com\/afrique\/wp-json\/wp\/v2\/comments?post=186902"}],"version-history":[{"count":0,"href":"https:\/\/www.europesays.com\/afrique\/wp-json\/wp\/v2\/posts\/186902\/revisions"}],"wp:featuredmedia":[{"embeddable":true,"href":"https:\/\/www.europesays.com\/afrique\/wp-json\/wp\/v2\/media\/186903"}],"wp:attachment":[{"href":"https:\/\/www.europesays.com\/afrique\/wp-json\/wp\/v2\/media?parent=186902"}],"wp:term":[{"taxonomy":"category","embeddable":true,"href":"https:\/\/www.europesays.com\/afrique\/wp-json\/wp\/v2\/categories?post=186902"},{"taxonomy":"post_tag","embeddable":true,"href":"https:\/\/www.europesays.com\/afrique\/wp-json\/wp\/v2\/tags?post=186902"}],"curies":[{"name":"wp","href":"https:\/\/api.w.org\/{rel}","templated":true}]}}