{"id":187003,"date":"2026-08-20T14:53:14","date_gmt":"2026-08-20T14:53:14","guid":{"rendered":"https:\/\/www.europesays.com\/afrique\/187003\/"},"modified":"2026-08-20T14:53:14","modified_gmt":"2026-08-20T14:53:14","slug":"villefranche-permakabadio-lance-une-collecte-de-fonds-au-senegal","status":"publish","type":"post","link":"https:\/\/www.europesays.com\/afrique\/187003\/","title":{"rendered":"Villefranche : PermaKabadio lance une collecte de fonds au S\u00e9n\u00e9gal"},"content":{"rendered":"<p><img loading=\"lazy\" decoding=\"async\" alt=\"Le logement des sage-femmes en cours de construction. - \u00a9 Ibou Ciss\u00e9\" data-zoom-src=\"https:\/\/www.europesays.com\/afrique\/wp-content\/uploads\/2026\/08\/initial-villefranche-projet-permakadabio-2.jpg\" data-zoomable=\"\" height=\"702\" src=\"https:\/\/www.europesays.com\/afrique\/wp-content\/uploads\/2026\/08\/initial-villefranche-projet-permakadabio-2.jpg\" width=\"1248\"\/>  <\/p>\n<p class=\"article-desc\">Le logement des sage-femmes en cours de construction. &#8211; \u00a9 Ibou Ciss\u00e9 <\/p>\n<p>Cr\u00e9\u00e9e en 2000 \u00e0 Villefranche sous le nom d&rsquo;Il \u00e9tait une fois une rencontre (IEFR), PermaKabadio poursuit ses actions de solidarit\u00e9 \u00e0 Kabadio en Casamance au S\u00e9n\u00e9gal, dans les domaines de la sant\u00e9, l&rsquo;\u00e9ducation et l&rsquo;agriculture. Au fil des ann\u00e9es, plusieurs initiatives ont vu le jour, parmi lesquelles la cr\u00e9ation d&rsquo;une coop\u00e9rative d&rsquo;activit\u00e9s, des formations \u00e0 la permaculture, etc. <\/p>\n<p>\u00ab\u00a01 500 personnes depuis l&rsquo;Europe (dont des Caladois) se sont rendues sur place pour mener \u00e0 bien des projets dans ce village, souligne Benjamin Jayr, fondateur de l&rsquo;association et charg\u00e9 de mission. En 2018, nous avons cr\u00e9\u00e9 un lieu de vie pour l&rsquo;accueil des jeunes du S\u00e9n\u00e9gal en d\u00e9crochage scolaire, pour leur \u00e9viter l&rsquo;exode clandestin, gr\u00e2ce \u00e0 l&rsquo;insertion par l&rsquo;activit\u00e9 \u00e9conomique (accueil touristique, mara\u00eechage, arboriculture, boulangerie, restauration et projet d&rsquo;un cyber caf\u00e9)\u00a0\u00bb. <\/p>\n<p>\u00a0 <\/p>\n<p>Aujourd&rsquo;hui, PermaKabadio mobilise ses soutiens autour d&rsquo;un nouveau projet : la construction d&rsquo;un logement destin\u00e9 \u00e0 accueillir une sage-femme. \u00ab\u00a0Afin que l&rsquo;\u00c9tat nomme une sage-femme dans la maternit\u00e9, le gouvernement exige qu&rsquo;il y ait un logement d\u00e9cent \u00e0 proximit\u00e9 pour les astreintes\u00a0\u00bb, explique Benjamin Jayr.<\/p>\n<p>En janvier 2026, il s&rsquo;est rendu \u00e0 Kabadio avec une d\u00e9l\u00e9gation de m\u00e9decins belges et fran\u00e7ais ainsi que des infirmi\u00e8res. \u00ab\u00a0Nous avons fait un \u00e9tat des lieux des besoins du dispensaire (il s&rsquo;agit d&rsquo;un mini h\u00f4pital de brousse qui comprend notamment une maternit\u00e9). Actuellement, les accouchements sont assur\u00e9s par les infirmi\u00e8res. La pr\u00e9sence d&rsquo;une sage-femme est devenue indispensable. Le logement permettra d&rsquo;en accueillir une, voire deux afin d&rsquo;assurer les astreintes. L&rsquo;objectif aussi est de contribuer \u00e0 la baisse de la mortalit\u00e9 infantile\u00a0\u00bb, souligne-t-il. <\/p>\n<p>Une solidarit\u00e9 multiple en Calade <\/p>\n<p>Le co\u00fbt total du projet s&rsquo;\u00e9l\u00e8ve \u00e0 6 300 euros. Une collecte de 4 500 euros sur le site <a class=\"invalid-link\" href=\"http:\/\/www.iefr.jimdofree.com\" rel=\"nofollow noopener\" target=\"_blank\">www.iefr.jimdofree.com<\/a> a \u00e9t\u00e9 lanc\u00e9e, tandis que l&rsquo;association disposait d\u00e9j\u00e0 d&rsquo;une partie des financements n\u00e9cessaires pour engager les travaux d\u00e9but\u00e9s en juin. <\/p>\n<p>\u00ab\u00a0L&rsquo;association des jeunes de Kabadio assure la construction\u00a0\u00bb, pr\u00e9cise Benjamin Jayr. Afin de faire conna\u00eetre cette collecte de fonds, des jeunes d&rsquo;Engagement citoyen Villefranche ont r\u00e9cemment distribu\u00e9 des flyers en Calade.<\/p>\n<p> <img decoding=\"async\" alt=\"\" class=\"img-align-center img-size-limited\" data-zoomable=\"\" height=\"731\" loading=\"lazy\" src=\"https:\/\/www.europesays.com\/afrique\/wp-content\/uploads\/2026\/08\/villefranche-projet-permakadabio-1.jpg\" width=\"814\"\/> Benjamin Jayr. \u00a9 Laurence Chopart <\/p>\n<p>\u00ab\u00a0Parall\u00e8lement, PermaKabadio a obtenu un agr\u00e9ment de la Direction de la sant\u00e9 de la r\u00e9gion de Casamance pour accueillir des stagiaires issus des \u00e9tablissements de formation en sant\u00e9 fran\u00e7ais, comme l&rsquo;Institut de formation en soins infirmiers (Ifsi)\u00a0\u00bb, poursuit Benjamin Jayr.<\/p>\n<p>Ainsi, des \u00e9tudiants infirmiers d&rsquo;une \u00e9cole \u00e0 Lyon se rendront \u00e0 Kabadio en f\u00e9vrier 2027 pour amener des nouvelles comp\u00e9tences et pallier le manque de personnel. Les stages se d\u00e9roulent entre cinq et dix semaines. <\/p>\n","protected":false},"excerpt":{"rendered":"Le logement des sage-femmes en cours de construction. &#8211; \u00a9 Ibou Ciss\u00e9 Cr\u00e9\u00e9e en 2000 \u00e0 Villefranche sous&hellip;\n","protected":false},"author":2,"featured_media":187004,"comment_status":"","ping_status":"","sticky":false,"template":"","format":"standard","meta":{"footnotes":"","_share_on_mastodon":"0"},"categories":[84],"tags":[31768,56577,11,3366],"class_list":["post-187003","post","type-post","status-publish","format-standard","has-post-thumbnail","category-senegal","tag-collecte-de-fonds","tag-permakabadio","tag-senegal","tag-su00e9nu00e9gal"],"share_on_mastodon":{"url":"https:\/\/pubeurope.com\/@afrique\/117128410403488247","error":""},"_links":{"self":[{"href":"https:\/\/www.europesays.com\/afrique\/wp-json\/wp\/v2\/posts\/187003","targetHints":{"allow":["GET"]}}],"collection":[{"href":"https:\/\/www.europesays.com\/afrique\/wp-json\/wp\/v2\/posts"}],"about":[{"href":"https:\/\/www.europesays.com\/afrique\/wp-json\/wp\/v2\/types\/post"}],"author":[{"embeddable":true,"href":"https:\/\/www.europesays.com\/afrique\/wp-json\/wp\/v2\/users\/2"}],"replies":[{"embeddable":true,"href":"https:\/\/www.europesays.com\/afrique\/wp-json\/wp\/v2\/comments?post=187003"}],"version-history":[{"count":0,"href":"https:\/\/www.europesays.com\/afrique\/wp-json\/wp\/v2\/posts\/187003\/revisions"}],"wp:featuredmedia":[{"embeddable":true,"href":"https:\/\/www.europesays.com\/afrique\/wp-json\/wp\/v2\/media\/187004"}],"wp:attachment":[{"href":"https:\/\/www.europesays.com\/afrique\/wp-json\/wp\/v2\/media?parent=187003"}],"wp:term":[{"taxonomy":"category","embeddable":true,"href":"https:\/\/www.europesays.com\/afrique\/wp-json\/wp\/v2\/categories?post=187003"},{"taxonomy":"post_tag","embeddable":true,"href":"https:\/\/www.europesays.com\/afrique\/wp-json\/wp\/v2\/tags?post=187003"}],"curies":[{"name":"wp","href":"https:\/\/api.w.org\/{rel}","templated":true}]}}