{"id":187348,"date":"2026-08-20T22:35:11","date_gmt":"2026-08-20T22:35:11","guid":{"rendered":"https:\/\/www.europesays.com\/afrique\/187348\/"},"modified":"2026-08-20T22:35:11","modified_gmt":"2026-08-20T22:35:11","slug":"ethiopie-les-autorites-du-tigre-denoncent-une-frappe-de-drone-de-larmee-federale","status":"publish","type":"post","link":"https:\/\/www.europesays.com\/afrique\/187348\/","title":{"rendered":"\u00c9thiopie: les autorit\u00e9s du Tigr\u00e9 d\u00e9noncent une frappe de drone de l\u2019arm\u00e9e f\u00e9d\u00e9rale"},"content":{"rendered":"<p class=\"mb-4 text-lg md:leading-8 break-words\">\u00c0 Mekelle, capitale de la r\u00e9gion du Tigr\u00e9 en <a data-ylk=\"slk:\u00c9thiopie;elm:context_link;itc:0;sec:content-canvas;\" data-yga=\"{&quot;yLinkElement&quot;:&quot;link&quot;,&quot;yLinkElementType&quot;:&quot;article_link&quot;}\" href=\"https:\/\/www.rfi.fr\/fr\/tag\/\u00e9thiopie\/\" rel=\"noopener noreferrer nofollow\" target=\"_blank\">\u00c9thiopie<\/a>, la frappe a vis\u00e9 le quartier r\u00e9sidentiel de Daero, dans l&rsquo;ouest de la ville. Plusieurs maisons ont \u00e9t\u00e9 touch\u00e9es. Leurs vitres ont vol\u00e9 en \u00e9clats, les toitures ont \u00e9t\u00e9 d\u00e9truites et le mobilier endommag\u00e9 par l&rsquo;impact et le verre.<\/p>\n<p class=\"mb-4 text-lg md:leading-8 break-words\">Le vice-pr\u00e9sident du Front de lib\u00e9ration du peuple du Tigr\u00e9, Amanuel Assefa, accuse : cette frappe du gouvernement f\u00e9d\u00e9ral \u00ab avait pour cible des civils \u00bb. Il affirme qu&rsquo;un drone est aussi tomb\u00e9 pr\u00e8s de l&rsquo;universit\u00e9 de Mekelle, sans donner plus de d\u00e9tails, ni donner de bilan.<\/p>\n<p class=\"mb-4 text-lg md:leading-8 break-words\">\u00c0 \u00e9couter aussi<a data-ylk=\"slk:\u00c9thiopie: une nouvelle guerre au Tigr\u00e9 \u00abs&#039;\u00e9tendrait \u00e0 l&#039;ensemble de la Corne\u00bb au vu du \u00abjeu des alliances\u00bb;elm:context_link;itc:0;sec:content-canvas;\" data-yga=\"{&quot;yLinkElement&quot;:&quot;link&quot;,&quot;yLinkElementType&quot;:&quot;article_link&quot;}\" href=\"https:\/\/www.rfi.fr\/fr\/podcasts\/le-grand-invit\u00e9-afrique\/20260811-\u00e9thiopie-une-nouvelle-guerre-au-tigr\u00e9-s-\u00e9tendrait-\u00e0-l-ensemble-de-la-corne-au-vu-du-jeu-des-alliances\" class=\"a-read-more__link\" rel=\"noopener noreferrer nofollow\" target=\"_blank\">\u00c9thiopie: une nouvelle guerre au Tigr\u00e9 \u00abs&rsquo;\u00e9tendrait \u00e0 l&rsquo;ensemble de la Corne\u00bb au vu du \u00abjeu des alliances\u00bb<\/a><\/p>\n<p class=\"mb-4 text-lg md:leading-8 break-words\">L&rsquo;h\u00f4pital d&rsquo;Ayder a pris en charge les 13 bless\u00e9s, des patients \u00e2g\u00e9s de 2 \u00e0 60 ans dont cinq enfants, selon le coordinateur des urgences aupr\u00e8s de l&rsquo;AFP. Parmi eux, \u00ab trois d&rsquo;entre elles ont subi des blessures graves et font actuellement l&rsquo;objet d&rsquo;examens compl\u00e9mentaires \u00bb, a-t-il indiqu\u00e9.<\/p>\n<p class=\"mb-4 text-lg md:leading-8 break-words\">Depuis plusieurs mois les forces f\u00e9d\u00e9rales et tigr\u00e9ennes sont mass\u00e9es de part et d&rsquo;autre de la fronti\u00e8re du Tigr\u00e9, sur fond de tensions croissantes entre le pouvoir central et les autorit\u00e9s rebelles, qui se sont affront\u00e9s entre 2020 et 2022 et s&rsquo;accusent mutuellement de vouloir d\u00e9clencher un nouveau conflit.<\/p>\n<p class=\"mb-4 text-lg md:leading-8 break-words\">\u00c0 lire aussi<a data-ylk=\"slk:\u00c9thiopie: les rebelles Fano annoncent une alliance avec le Front de lib\u00e9ration du peuple du Tigr\u00e9;elm:context_link;itc:0;sec:content-canvas;\" data-yga=\"{&quot;yLinkElement&quot;:&quot;link&quot;,&quot;yLinkElementType&quot;:&quot;article_link&quot;}\" href=\"https:\/\/www.rfi.fr\/fr\/afrique\/20260817-\u00e9thiopie-les-rebelles-fano-annoncent-une-alliance-avec-le-front-de-lib\u00e9ration-du-peuple-du-tigr\u00e9\" class=\"a-read-more__link\" rel=\"noopener noreferrer nofollow\" target=\"_blank\">\u00c9thiopie: les rebelles Fano annoncent une alliance avec le Front de lib\u00e9ration du peuple du Tigr\u00e9<\/a><\/p>\n<p>Un \u00ab incident grave \u00bb<\/p>\n<p class=\"mb-4 text-lg md:leading-8 break-words\">Selon Kjetil Tronvoll, sp\u00e9cialiste de la r\u00e9gion \u00e0 l&rsquo;Oslo New University College en Norv\u00e8ge, la frappe sur Mekelle \u00ab vise probablement \u00e0 \u00e9liminer des cibles de haut rang au sein du Front de lib\u00e9ration du peuple du Tigr\u00e9 (TPLF)\u00bb, pour lui, cela montre que le gouvernement est \u00ab pr\u00eat \u00e0 recourir \u00e0 des moyens de plus en plus durs contre les forces tigr\u00e9ennes. C&rsquo;est un incident grave \u00bb.<\/p>\n<p class=\"mb-4 text-lg md:leading-8 break-words\">Plusieurs frappes de drones ont \u00e9t\u00e9 signal\u00e9es ces derni\u00e8res semaines au Tigr\u00e9, r\u00e9gion qui <a data-ylk=\"slk:comptait avant la guerre quelque six millions d&#039;habitants;elm:context_link;itc:0;sec:content-canvas;\" data-yga=\"{&quot;yLinkElement&quot;:&quot;link&quot;,&quot;yLinkElementType&quot;:&quot;article_link&quot;}\" href=\"https:\/\/www.rfi.fr\/fr\/afrique\/20260803-\u00e9thiopie-apr\u00e8s-des-combats-dans-le-tigr\u00e9-la-population-fuit-vers-le-soudan\" rel=\"noopener noreferrer nofollow\" target=\"_blank\">comptait avant la guerre quelque six millions d&rsquo;habitants<\/a>. Mardi, les autorit\u00e9s rebelles avaient accus\u00e9 Addis-Abeba d&rsquo;avoir men\u00e9 une frappe de drone \u00e0 environ 15 kilom\u00e8tres de Mekelle. Le 1er ao\u00fbt, des combats avaient aussi <a data-ylk=\"slk:oppos\u00e9 les forces f\u00e9d\u00e9rales \u00e0 celles du TPLF;elm:context_link;itc:0;sec:content-canvas;\" data-yga=\"{&quot;yLinkElement&quot;:&quot;link&quot;,&quot;yLinkElementType&quot;:&quot;article_link&quot;}\" href=\"https:\/\/www.rfi.fr\/fr\/afrique\/20260801-\u00e9thiopie-reprise-des-combats-entre-l-arm\u00e9e-et-les-rebelles-tigr\u00e9ens\" rel=\"noopener noreferrer nofollow\" target=\"_blank\">oppos\u00e9 les forces f\u00e9d\u00e9rales \u00e0 celles du TPLF<\/a> au Tigr\u00e9, pr\u00e8s de la fronti\u00e8re avec le <a data-ylk=\"slk:Soudan;elm:context_link;itc:0;sec:content-canvas;\" data-yga=\"{&quot;yLinkElement&quot;:&quot;link&quot;,&quot;yLinkElementType&quot;:&quot;article_link&quot;}\" href=\"https:\/\/www.rfi.fr\/fr\/tag\/soudan\/\" rel=\"noopener noreferrer nofollow\" target=\"_blank\">Soudan<\/a>.<\/p>\n<p class=\"mb-4 text-lg md:leading-8 break-words\">Les tensions s&rsquo;accroissent entre le pouvoir central et les autorit\u00e9s rebelles qui se sont affront\u00e9es entre 2020 et 2022. Les deux s&rsquo;accusent mutuellement de vouloir d\u00e9clencher un nouveau conflit.<\/p>\n<p class=\"mb-4 text-lg md:leading-8 break-words\">\u00c0 \u00e9couter aussi<a data-ylk=\"slk:Tigr\u00e9, aux origines d&#039;une guerre fratricide;elm:context_link;itc:0;sec:content-canvas;\" data-yga=\"{&quot;yLinkElement&quot;:&quot;link&quot;,&quot;yLinkElementType&quot;:&quot;article_link&quot;}\" href=\"https:\/\/www.rfi.fr\/fr\/podcasts\/afrique-m\u00e9moires-d-un-continent\/20241004-tigr\u00e9-aux-origines-d-une-guerre-fratricide\" class=\"a-read-more__link\" rel=\"noopener noreferrer nofollow\" target=\"_blank\">Tigr\u00e9, aux origines d&rsquo;une guerre fratricide<\/a><\/p>\n","protected":false},"excerpt":{"rendered":"\u00c0 Mekelle, capitale de la r\u00e9gion du Tigr\u00e9 en \u00c9thiopie, la frappe a vis\u00e9 le quartier r\u00e9sidentiel de&hellip;\n","protected":false},"author":2,"featured_media":187349,"comment_status":"","ping_status":"","sticky":false,"template":"","format":"standard","meta":{"footnotes":"","_share_on_mastodon":"0"},"categories":[158],"tags":[262,27824,502,7564,303],"class_list":["post-187348","post","type-post","status-publish","format-standard","has-post-thumbnail","category-ethiopie","tag-ethiopie","tag-frappe","tag-front-de-liberation","tag-gouvernement-federal","tag-tigre"],"share_on_mastodon":{"url":"https:\/\/pubeurope.com\/@afrique\/117130226954505890","error":""},"_links":{"self":[{"href":"https:\/\/www.europesays.com\/afrique\/wp-json\/wp\/v2\/posts\/187348","targetHints":{"allow":["GET"]}}],"collection":[{"href":"https:\/\/www.europesays.com\/afrique\/wp-json\/wp\/v2\/posts"}],"about":[{"href":"https:\/\/www.europesays.com\/afrique\/wp-json\/wp\/v2\/types\/post"}],"author":[{"embeddable":true,"href":"https:\/\/www.europesays.com\/afrique\/wp-json\/wp\/v2\/users\/2"}],"replies":[{"embeddable":true,"href":"https:\/\/www.europesays.com\/afrique\/wp-json\/wp\/v2\/comments?post=187348"}],"version-history":[{"count":0,"href":"https:\/\/www.europesays.com\/afrique\/wp-json\/wp\/v2\/posts\/187348\/revisions"}],"wp:featuredmedia":[{"embeddable":true,"href":"https:\/\/www.europesays.com\/afrique\/wp-json\/wp\/v2\/media\/187349"}],"wp:attachment":[{"href":"https:\/\/www.europesays.com\/afrique\/wp-json\/wp\/v2\/media?parent=187348"}],"wp:term":[{"taxonomy":"category","embeddable":true,"href":"https:\/\/www.europesays.com\/afrique\/wp-json\/wp\/v2\/categories?post=187348"},{"taxonomy":"post_tag","embeddable":true,"href":"https:\/\/www.europesays.com\/afrique\/wp-json\/wp\/v2\/tags?post=187348"}],"curies":[{"name":"wp","href":"https:\/\/api.w.org\/{rel}","templated":true}]}}