{"id":190027,"date":"2026-08-24T07:20:22","date_gmt":"2026-08-24T07:20:22","guid":{"rendered":"https:\/\/www.europesays.com\/afrique\/190027\/"},"modified":"2026-08-24T07:20:22","modified_gmt":"2026-08-24T07:20:22","slug":"maouloud-serigne-mountakha-depeche-une-delegation-a-thienaba","status":"publish","type":"post","link":"https:\/\/www.europesays.com\/afrique\/190027\/","title":{"rendered":"Maouloud : Serigne Mountakha d\u00e9p\u00eache une d\u00e9l\u00e9gation \u00e0 Thi\u00e9naba"},"content":{"rendered":"<p>\t\t\t\t\t En pr\u00e9lude au Maouloud, le khalife g\u00e9n\u00e9ral des mourides, Serigne Mountakha Bassirou Mback\u00e9, a d\u00e9p\u00each\u00e9 une d\u00e9l\u00e9gation \u00e0 Thi\u00e9naba, aupr\u00e8s du khalife Baye Serigne Assane Seck, renseignent nos confr\u00e8res de Dakaractu. <\/p>\n<p>La d\u00e9l\u00e9gation a \u00e9t\u00e9 conduite par le coordinateur entre Serigne Mountakha Bassirou Mback\u00e9 et les familles religieuses, Cheikh Bara Abdou Lahad, accompagn\u00e9 notamment de Cheikh Ahmed Saloum Dieng. Elle a insist\u00e9 sur les relations qui lient le khalife g\u00e9n\u00e9ral des mourides \u00e0 Baye Serigne Assane Seck, khalife g\u00e9n\u00e9ral de Thi\u00e9naba. <\/p>\n<p>Dans son discours, le chef de la d\u00e9l\u00e9gation, Cheikh Bara Abdou Lahad, a insist\u00e9 sur cet aspect en magnifiant la bonne parole que le guide religieux de Thi\u00e9naba ne cesse de porter en faveur de l&rsquo;Islam et pour le d\u00e9veloppement du S\u00e9n\u00e9gal. <\/p>\n<p>Prenant la parole \u00e0 son tour, Cheikh Ahmed Saloum Dieng a r\u00e9it\u00e9r\u00e9 ces m\u00eames consid\u00e9rations, saluant la dimension spirituelle du marabout ainsi que l&rsquo;amour et la reconnaissance dont il fait montre \u00e0 l&rsquo;\u00e9gard de Serigne Mountakha Bassirou Mback\u00e9. <\/p>\n<p>Apr\u00e8s avoir remerci\u00e9 ses h\u00f4tes, Baye Serigne Assane Seck s&rsquo;est f\u00e9licit\u00e9 des bonnes \u0153uvres de Serigne Mountakha, a pri\u00e9 pour lui, ainsi que pour l&rsquo;ensemble des membres de la d\u00e9l\u00e9gation. Il convient de rappeler que la d\u00e9l\u00e9gation a remis au khalife de Thi\u00e9naba la contribution financi\u00e8re du khalife g\u00e9n\u00e9ral des mourides dans le cadre de l&rsquo;organisation du Maouloud. <\/p>\n<p>Cette d\u00e9marche s&rsquo;inscrit dans la tradition des \u00e9changes de courtoisie entre les grandes familles religieuses du pays \u00e0 l&rsquo;approche des c\u00e9l\u00e9brations majeures du calendrier confr\u00e9rique, \u00e0 l&rsquo;image des visites effectu\u00e9es ces derniers jours \u00e0 Thi\u00e9naba par le pr\u00e9sident de l&rsquo;<a class=\"liens\" href=\"https:\/\/www.ndarinfo.com\/Touba-Ousmane-Sonko-attendu-ce-jeudi-pour-le-ziar-avant-le-Magal_a45952.html\" rel=\"nofollow noopener\" target=\"_blank\">Assembl\u00e9e nationale<\/a>, Ousmane Sonko, \u00e9galement re\u00e7u par le khalife Baye Serigne Assane Seck. <\/p>\n<p>Cette mobilisation de d\u00e9l\u00e9gations entre les diff\u00e9rentes cit\u00e9s religieuses du pays, \u00e0 quelques jours du Mawlid, illustre la solidit\u00e9 des liens historiques unissant les principales confr\u00e9ries s\u00e9n\u00e9galaises, au-del\u00e0 des sensibilit\u00e9s propres \u00e0 chacune d&rsquo;entre elles. Ces gestes de courtoisie interconfr\u00e9riques, r\u00e9guli\u00e8rement renouvel\u00e9s \u00e0 l&rsquo;occasion des grandes f\u00eates religieuses, participent au maintien d&rsquo;un climat de fraternit\u00e9 et de coh\u00e9sion entre les foyers religieux du S\u00e9n\u00e9gal. <\/p>\n<p>\u00a0\n\t\t\t\t <\/p>\n","protected":false},"excerpt":{"rendered":"En pr\u00e9lude au Maouloud, le khalife g\u00e9n\u00e9ral des mourides, Serigne Mountakha Bassirou Mback\u00e9, a d\u00e9p\u00each\u00e9 une d\u00e9l\u00e9gation \u00e0&hellip;\n","protected":false},"author":2,"featured_media":190028,"comment_status":"","ping_status":"","sticky":false,"template":"","format":"standard","meta":{"footnotes":"","_share_on_mastodon":"0"},"categories":[84],"tags":[57393,57394,57395,11,57396,57397],"class_list":["post-190027","post","type-post","status-publish","format-standard","has-post-thumbnail","category-senegal","tag-baye-serigne-assane-seck","tag-cheikh-bara-abdou-lahad","tag-maouloud","tag-senegal","tag-serigne-mountakha-bassirou-mbacke","tag-thienaba"],"share_on_mastodon":{"url":"https:\/\/pubeurope.com\/@afrique\/117149278128534519","error":""},"_links":{"self":[{"href":"https:\/\/www.europesays.com\/afrique\/wp-json\/wp\/v2\/posts\/190027","targetHints":{"allow":["GET"]}}],"collection":[{"href":"https:\/\/www.europesays.com\/afrique\/wp-json\/wp\/v2\/posts"}],"about":[{"href":"https:\/\/www.europesays.com\/afrique\/wp-json\/wp\/v2\/types\/post"}],"author":[{"embeddable":true,"href":"https:\/\/www.europesays.com\/afrique\/wp-json\/wp\/v2\/users\/2"}],"replies":[{"embeddable":true,"href":"https:\/\/www.europesays.com\/afrique\/wp-json\/wp\/v2\/comments?post=190027"}],"version-history":[{"count":0,"href":"https:\/\/www.europesays.com\/afrique\/wp-json\/wp\/v2\/posts\/190027\/revisions"}],"wp:featuredmedia":[{"embeddable":true,"href":"https:\/\/www.europesays.com\/afrique\/wp-json\/wp\/v2\/media\/190028"}],"wp:attachment":[{"href":"https:\/\/www.europesays.com\/afrique\/wp-json\/wp\/v2\/media?parent=190027"}],"wp:term":[{"taxonomy":"category","embeddable":true,"href":"https:\/\/www.europesays.com\/afrique\/wp-json\/wp\/v2\/categories?post=190027"},{"taxonomy":"post_tag","embeddable":true,"href":"https:\/\/www.europesays.com\/afrique\/wp-json\/wp\/v2\/tags?post=190027"}],"curies":[{"name":"wp","href":"https:\/\/api.w.org\/{rel}","templated":true}]}}