{"id":190601,"date":"2026-08-24T21:12:12","date_gmt":"2026-08-24T21:12:12","guid":{"rendered":"https:\/\/www.europesays.com\/afrique\/190601\/"},"modified":"2026-08-24T21:12:12","modified_gmt":"2026-08-24T21:12:12","slug":"cecifoot-le-vendeen-maxime-sellier-champion-deurope-avec-les-bleus","status":"publish","type":"post","link":"https:\/\/www.europesays.com\/afrique\/190601\/","title":{"rendered":"C\u00e9cifoot. Le Vend\u00e9en Maxime Sellier champion d\u2019Europe avec les Bleus"},"content":{"rendered":"<p>\n                Article premium,<br \/>\n                    R\u00e9serv\u00e9 aux\u00a0abonn\u00e9s\n            <\/p>\n<p class=\"su-standfirst chapeau\">Joueur du FC Nantes, Maxime Sellier a remport\u00e9 ce dimanche 23 ao\u00fbt l\u2019Euro de c\u00e9cifoot \u00e0 Strasbourg avec l\u2019\u00e9quipe de France. Seulement quatre ans apr\u00e8s ses d\u00e9buts dans ce sport, le Vend\u00e9en au parcours hors normes touche les dividendes de son travail.<\/p>\n<p>                                        <img decoding=\"async\" class=\"su-media\" src=\"https:\/\/media.ouest-france.fr\/v1\/pictures\/MjAyNjA4OTQ2NzIxZjZiZTlhMDcwMjczMjMyYWI1NWFlZmIwMmY?width=630&amp;height=354&amp;focuspoint=50%2C25&amp;cropresize=1&amp;client_id=bpeditorial&amp;sign=ae2cd37caf4eb99a338cf5f81af322ecbf78d067f45ace4a5a044e4cc4ac0138\" alt=\"Le Vend\u00e9en Maxime Sellier a remport\u00e9 ce dimanche l\u2019Euro de c\u00e9cifoot avec l\u2019\u00e9quipe de France \u00e0 Strasbourg.\"  \/><\/p>\n<p>                            Le Vend\u00e9en Maxime Sellier a remport\u00e9 ce dimanche l\u2019Euro de c\u00e9cifoot avec l\u2019\u00e9quipe de France \u00e0 Strasbourg. | MASSON ARNAUD<\/p>\n<p>                            fermer<\/p>\n<p><img decoding=\"async\" data-ofmaxheight=\"\" class=\"su-media lazyload\" alt=\"Le Vend\u00e9en Maxime Sellier a remport\u00e9 ce dimanche l\u2019Euro de c\u00e9cifoot avec l\u2019\u00e9quipe de France \u00e0 Strasbourg.\" src=\"data:image\/png;base64,iVBORw0KGgoAAAANSUhEUgAAABAAAAAJCAYAAAA7KqwyAAAAGXRFWHRTb2Z0d2FyZQBBZG9iZSBJbWFnZVJlYWR5ccllPAAAABhJREFUeNpi\/P\/\/PwMlgHHUgFEDgAAgwAD+lBrvy+NcxAAAAABJRU5ErkJggg==\" data-oflazyload=\"{&quot;srcset&quot;:&quot;https:\/\/media.ouest-france.fr\/v1\/pictures\/MjAyNjA4OTQ2NzIxZjZiZTlhMDcwMjczMjMyYWI1NWFlZmIwMmY?width=320&amp;focuspoint=50%2C25&amp;cropresize=1&amp;client_id=bpeditorial&amp;sign=66e84993c91da80acfc23962b22567046d3e6b35e9b3d52699afa4cb2c111252 320w,https:\/\/media.ouest-france.fr\/v1\/pictures\/MjAyNjA4OTQ2NzIxZjZiZTlhMDcwMjczMjMyYWI1NWFlZmIwMmY?width=375&amp;focuspoint=50%2C25&amp;cropresize=1&amp;client_id=bpeditorial&amp;sign=2e58eae089cafaf849b2e6cc9b8f0c2ee515b1be84f0fa453ce7abfa32d06f21 360w,https:\/\/media.ouest-france.fr\/v1\/pictures\/MjAyNjA4OTQ2NzIxZjZiZTlhMDcwMjczMjMyYWI1NWFlZmIwMmY?width=480&amp;focuspoint=50%2C25&amp;cropresize=1&amp;client_id=bpeditorial&amp;sign=e1fd953c6e06524d1a91df6412d886bb1ad9ed5b4bb72e731990993d24307e15 480w,https:\/\/media.ouest-france.fr\/v1\/pictures\/MjAyNjA4OTQ2NzIxZjZiZTlhMDcwMjczMjMyYWI1NWFlZmIwMmY?width=630&amp;focuspoint=50%2C25&amp;cropresize=1&amp;client_id=bpeditorial&amp;sign=d5a438a66ceb9d4606433f869efec6dc9c2205c18e2406b90c0028a07d17d8db 630w,https:\/\/media.ouest-france.fr\/v1\/pictures\/MjAyNjA4OTQ2NzIxZjZiZTlhMDcwMjczMjMyYWI1NWFlZmIwMmY?width=940&amp;focuspoint=50%2C25&amp;cropresize=1&amp;client_id=bpeditorial&amp;sign=95b91b56aa7e329ce350a4bbc8427b6672aa2d50f19be2541dbfaa6537923029 940w,https:\/\/media.ouest-france.fr\/v1\/pictures\/MjAyNjA4OTQ2NzIxZjZiZTlhMDcwMjczMjMyYWI1NWFlZmIwMmY?width=1260&amp;focuspoint=50%2C25&amp;cropresize=1&amp;client_id=bpeditorial&amp;sign=9b7326d5848327714c3c5c7820120b945ac4e6bf6531b5b11517e3c59608b661 1260w&quot;}\"\/>Le Vend\u00e9en Maxime Sellier a remport\u00e9 ce dimanche l\u2019Euro de c\u00e9cifoot avec l\u2019\u00e9quipe de France \u00e0 Strasbourg. | MASSON ARNAUD                            <\/p>\n<p data-ofstats-scroll=\"read_depth_20\">Le 31\u00a0juillet restera <a href=\"https:\/\/www.ouest-france.fr\/pays-de-la-loire\/essarts-en-bocage-85140\/devenu-malvoyant-ce-vendeen-veut-sensibiliser-au-handicap-et-au-depassement-de-soi-grace-au-sport-4d0150e2-00d7-11f0-a848-8deb61924784\" target=\"_blank\" rel=\"nofollow noopener\">comme une date \u00e0 part dans la vie du Vend\u00e9en Maxime Sellier<\/a>. Ce jour-l\u00e0, le natif de La Roche-sur-Yon a appris sa s\u00e9lection en \u00e9quipe de France pour l\u2019Euro 2026 de c\u00e9cifoot, qui se d\u00e9roule du lundi\u00a017 au dimanche 23\u00a0ao\u00fbt \u00e0 Strasbourg. Une convocation annonc\u00e9e exactement cinq ans apr\u00e8s le jour o\u00f9 sa vie a bascul\u00e9. Pour l\u2019anecdote, la liste est tomb\u00e9e cinq ans jour pour jour apr\u00e8s avoir appris le nom de ma maladie, le 31\u00a0juillet 2021. C\u2019est un petit clin d\u2019\u0153il assez sympa.<\/p>\n<p>Apr\u00e8s avoir contract\u00e9 la neuropathie optique h\u00e9r\u00e9ditaire de Leber,&#8230;<\/p>\n<p style=\"text-align: center; background-color: #dbbe4d; padding-top: 5px; padding-bottom: 5px; font-size: 14px;\">D\u00e9j\u00e0 abonn\u00e9 ? <a data-trkartmonet=\"Identification\" data-trk-sipa=\"{\" blockcategory=\"\" paywall=\"\" href=\"http:\/\/www.ouest-france.fr\/login?redirect=https:\/\/www.ouest-france.fr\/sport\/handisport\/cecifoot-le-vendeen-maxime-sellier-champion-deurope-avec-les-bleus-8e0a6bf2-9fc6-11f1-a8ad-3219df531147\" rel=\"nofollow noopener\" title=\"Se connecter \u00e0 Ouest-France\" class=\"su-link-light\" target=\"_blank\">Connectez-vous<\/a><\/p>\n<p style=\"text-align: center; padding-top: 15px; padding-bottom: 8px; vertical-align: bottom;\">bloqu\u00e9 Pour lire la suite, abonnez-vous<\/p>\n<p style=\"text-align: center;\">1er mois \u00e0 1\u20ac<\/p>\n<p style=\"text-align: center; margin-top: -5px;\">Annulable \u00e0 tout moment<\/p>\n<p style=\"text-align: center;\">\u00a0<\/p>\n<p style=\"text-align: center;\"><a data-ida=\"\" data-trkartmonet=\"Tunnel OF+\" data-trk-sipa=\"{&#010;\" blockcategory=\"\" paywall=\"\" :=\"\" m=\"\" of=\"\" class=\"su-button su-subscription\" data-trk-bloc=\"paywall\" href=\"https:\/\/abonnement.ouest-france.fr\/tunnel\/pack-essentiel-article\/122096117101?int_medium=lien&amp;int_campaign=PWFR0225-OF&amp;int_content=page-article-payant_boutonjaune-paywall&amp;marquesource=OF&amp;rt=https:\/\/www.ouest-france.fr\/sport\/handisport\/cecifoot-le-vendeen-maxime-sellier-champion-deurope-avec-les-bleus-8e0a6bf2-9fc6-11f1-a8ad-3219df531147\" rel=\"nofollow noopener\" target=\"_blank\">Je m&rsquo;abonne<\/a><\/p>\n<p style=\"text-align: center; padding-top: 10px; padding-bottom: 10px;\"><img decoding=\"async\" src=\"https:\/\/media.ouest-france.fr\/v1\/fonts\/be7723fcee3f1866f1ce99184077fc6f-carte-bancaire.svg?height=36\" alt=\"CB\"\/>\u00a0\u00a0<img decoding=\"async\" src=\"https:\/\/media.ouest-france.fr\/v1\/fonts\/1819d54c599d8afa64539cfba4ac9dde-rib.svg?height=36\" alt=\"RIB\"\/>\u00a0\u00a0<img decoding=\"async\" src=\"https:\/\/media.ouest-france.fr\/v1\/fonts\/065fc80d7b6a03d14a834c224ce723e1-paypal.svg?height=36\" alt=\"PAYPAL\"\/><\/p>\n","protected":false},"excerpt":{"rendered":"Article premium, R\u00e9serv\u00e9 aux\u00a0abonn\u00e9s Joueur du FC Nantes, Maxime Sellier a remport\u00e9 ce dimanche 23 ao\u00fbt l\u2019Euro de&hellip;\n","protected":false},"author":2,"featured_media":190602,"comment_status":"","ping_status":"","sticky":false,"template":"","format":"standard","meta":{"footnotes":"","_share_on_mastodon":"0"},"categories":[2],"tags":[18,6758,6278,46,17063],"class_list":["post-190601","post","type-post","status-publish","format-standard","has-post-thumbnail","category-europe","tag-europe","tag-fc-nantes","tag-handisport","tag-sport","tag-vendee"],"share_on_mastodon":{"url":"https:\/\/pubeurope.com\/@afrique\/117152550062240149","error":""},"_links":{"self":[{"href":"https:\/\/www.europesays.com\/afrique\/wp-json\/wp\/v2\/posts\/190601","targetHints":{"allow":["GET"]}}],"collection":[{"href":"https:\/\/www.europesays.com\/afrique\/wp-json\/wp\/v2\/posts"}],"about":[{"href":"https:\/\/www.europesays.com\/afrique\/wp-json\/wp\/v2\/types\/post"}],"author":[{"embeddable":true,"href":"https:\/\/www.europesays.com\/afrique\/wp-json\/wp\/v2\/users\/2"}],"replies":[{"embeddable":true,"href":"https:\/\/www.europesays.com\/afrique\/wp-json\/wp\/v2\/comments?post=190601"}],"version-history":[{"count":0,"href":"https:\/\/www.europesays.com\/afrique\/wp-json\/wp\/v2\/posts\/190601\/revisions"}],"wp:featuredmedia":[{"embeddable":true,"href":"https:\/\/www.europesays.com\/afrique\/wp-json\/wp\/v2\/media\/190602"}],"wp:attachment":[{"href":"https:\/\/www.europesays.com\/afrique\/wp-json\/wp\/v2\/media?parent=190601"}],"wp:term":[{"taxonomy":"category","embeddable":true,"href":"https:\/\/www.europesays.com\/afrique\/wp-json\/wp\/v2\/categories?post=190601"},{"taxonomy":"post_tag","embeddable":true,"href":"https:\/\/www.europesays.com\/afrique\/wp-json\/wp\/v2\/tags?post=190601"}],"curies":[{"name":"wp","href":"https:\/\/api.w.org\/{rel}","templated":true}]}}