{"id":190725,"date":"2026-08-25T01:18:44","date_gmt":"2026-08-25T01:18:44","guid":{"rendered":"https:\/\/www.europesays.com\/afrique\/190725\/"},"modified":"2026-08-25T01:18:44","modified_gmt":"2026-08-25T01:18:44","slug":"tunisie-ben-guerdane-la-colere-apres-le-drame-en-mer","status":"publish","type":"post","link":"https:\/\/www.europesays.com\/afrique\/190725\/","title":{"rendered":"Tunisie. Ben Guerdane : la col\u00e8re apr\u00e8s le drame en mer"},"content":{"rendered":"<p>Le naufrage <a href=\"https:\/\/www.lecourrierdelatlas.com\/slug-mediterranee-12-migrants-morts-naufrage-tunisie-zarzis\/\" target=\"_blank\" rel=\"noopener nofollow\">d\u2019une embarcation clandestine<\/a>, qui a co\u00fbt\u00e9 la vie \u00e0 quinze jeunes Tunisiens au large des c\u00f4tes sud-est du pays, a d\u00e9clench\u00e9 un week-end de heurts \u00e0 Ben Guerdane. Derri\u00e8re les violences, une ville meurtrie exprime autant son deuil que son exasp\u00e9ration face \u00e0 l\u2019absence de perspectives et \u00e0 la r\u00e9p\u00e9tition des trag\u00e9dies migratoires.<\/p>\n<p>\u00a0<\/p>\n<p>\u00a0<\/p>\n<p>\u00c0 Zarzis et Ben Guerdane, ville frontali\u00e8re du sud tunisien, le deuil a rapidement laiss\u00e9 place \u00e0 la col\u00e8re. Quinze jeunes Tunisiens ont p\u00e9ri dans la nuit de vendredi \u00e0 samedi, apr\u00e8s le naufrage d\u2019une embarcation clandestine partie vers l\u2019Europe.<\/p>\n<p>Les circonstances pr\u00e9cises du drame restent floues, mais un dernier bilan a raviv\u00e9 une douleur d\u00e9sormais habituelle dans les r\u00e9gions de d\u00e9part : celle des familles qui voient la M\u00e9diterran\u00e9e devenir le dernier horizon de leurs enfants.<\/p>\n<p><a href=\"https:\/\/www.facebook.com\/reel\/1358875513068321\" target=\"_blank\" rel=\"noopener nofollow\">Une vid\u00e9o en particulier enflamme la toile<\/a> en Tunisie, celle d\u2019un jeune homme parti faire des recherches en mer, d\u00e9couvrant le corps sans vie de son fr\u00e8re flottant \u00e0 la surface et s\u2019\u00e9criant\u00a0: \u00ab\u00a0C\u2019est mon fr\u00e9rot, mon petit fr\u00e8re\u00a0!\u00a0\u00bb, en sanglots.<\/p>\n<p>On apprend \u00e9galement qu\u2019<a href=\"https:\/\/www.facebook.com\/photo\/?fbid=1622655756072803&amp;set=gm.27005800512429510&amp;idorvanity=333604730075784\" target=\"_blank\" rel=\"noopener nofollow\">une m\u00eame famille a perdu sept de ses membres<\/a> dans le drame. Une seule personne a pu \u00eatre secourue par les garde-c\u00f4tes, malgr\u00e9 les conditions m\u00e9t\u00e9o dites \u00ab favorables \u00bb.<\/p>\n<p>Une ville sous tension apr\u00e8s le naufrage<\/p>\n<p>Durant tout le week-end, des manifestants ont incendi\u00e9 des voitures et des commerces. Les autorit\u00e9s ont d\u00e9ploy\u00e9 des renforts pour reprendre le contr\u00f4le de la situation et disperser les rassemblements. Ces violences ne peuvent toutefois se r\u00e9duire \u00e0 une seule s\u00e9quence de d\u00e9sordre. Elles traduisent une r\u00e9action brutale \u00e0 un drame collectif, dans une ville o\u00f9 beaucoup d\u00e9noncent l\u2019abandon \u00e9conomique et le manque de r\u00e9ponses face aux d\u00e9parts clandestins.<\/p>\n<p>\u00c0 chaque naufrage, le m\u00eame sc\u00e9nario se r\u00e9p\u00e8te : les proches r\u00e9clament des explications, les habitants accusent les r\u00e9seaux de passeurs de prosp\u00e9rer sur la mis\u00e8re, tandis que les pouvoirs publics privil\u00e9gient souvent une r\u00e9ponse s\u00e9curitaire. Un drame similaire dans la r\u00e9gion en 2025 avait r\u00e9sult\u00e9 en des sp\u00e9culations autour d\u2019interventions muscl\u00e9es des garde-c\u00f4tes, faisant suite aux accords migratoires controvers\u00e9s entre la Tunisie et l\u2019Italie de Giorgia Meloni.<\/p>\n<p>\u00c0 Ben Guerdane, les habitants se sont r\u00e9veill\u00e9s sur un paysage de d\u00e9solation et de voitures calcin\u00e9es. La veille, des feux d\u2019artifice ont \u00e9t\u00e9 utilis\u00e9s par certains \u00e9meutiers. L\u2019intervention des forces de l\u2019ordre a permis de contenir les heurts, sans \u00e9teindre les interrogations. Comment ces jeunes ont-ils pu prendre la mer ? Qui organisait le d\u00e9part ? Et pourquoi, malgr\u00e9 les naufrages \u00e0 r\u00e9p\u00e9tition, les embarcations de fortune continuent-elles de quitter les c\u00f4tes tunisiennes ?<\/p>\n<p>\u00a0<\/p>\n<p>La mer, ultime issue d\u2019une jeunesse sans horizon<\/p>\n<p>Le drame de Ben Guerdane remet au premier plan une r\u00e9alit\u00e9 sociale profonde. Pour de nombreux jeunes Tunisiens, en particulier dans les r\u00e9gions p\u00e9riph\u00e9riques, la travers\u00e9e clandestine appara\u00eet moins comme un choix que comme une \u00e9chapp\u00e9e. Ch\u00f4mage, pr\u00e9carit\u00e9, \u00e9conomie informelle et sentiment d\u2019injustice nourrissent le d\u00e9sir de partir. L\u2019Europe, m\u00eame fantasm\u00e9e, semble offrir une possibilit\u00e9 d\u2019avenir que le pays ne parvient plus \u00e0 garantir.<\/p>\n<p>Les candidats au d\u00e9part savent pourtant les risques : des embarcations surcharg\u00e9es et mal \u00e9quip\u00e9es, des travers\u00e9es de nuit, des passeurs qui exploitent la d\u00e9tresse, puis la mer et ses courants impr\u00e9visibles. Mais la peur du naufrage se heurte \u00e0 une autre peur, plus diffuse : celle de rester sans travail, sans perspective et sans place dans la soci\u00e9t\u00e9. C\u2019est ce d\u00e9sespoir que les autorit\u00e9s doivent entendre au-del\u00e0 du cycle des affrontements et de la r\u00e9pression.<\/p>\n<p>\u00c0 Ben Guerdane, les 15 disparus ne sont pas seulement les victimes d\u2019un naufrage. Ils sont devenus le visage d\u2019une crise plus large, o\u00f9 la M\u00e9diterran\u00e9e s\u00e9pare les r\u00eaves d\u2019une jeunesse de la r\u00e9alit\u00e9 d\u2019un pays en qu\u00eate de r\u00e9ponses.<\/p>\n<p>\u00a0<\/p>\n","protected":false},"excerpt":{"rendered":"Le naufrage d\u2019une embarcation clandestine, qui a co\u00fbt\u00e9 la vie \u00e0 quinze jeunes Tunisiens au large des c\u00f4tes&hellip;\n","protected":false},"author":2,"featured_media":190726,"comment_status":"","ping_status":"","sticky":false,"template":"","format":"standard","meta":{"footnotes":"","_share_on_mastodon":"0"},"categories":[120],"tags":[14339,24045,57540,57051,957,124,12249],"class_list":["post-190725","post","type-post","status-publish","format-standard","has-post-thumbnail","category-tunisie","tag-ben-guerdane","tag-clandestins","tag-drame-en-mer","tag-embarcation","tag-migration","tag-tunisie","tag-zarzis"],"share_on_mastodon":{"url":"https:\/\/pubeurope.com\/@afrique\/117153517241002451","error":""},"_links":{"self":[{"href":"https:\/\/www.europesays.com\/afrique\/wp-json\/wp\/v2\/posts\/190725","targetHints":{"allow":["GET"]}}],"collection":[{"href":"https:\/\/www.europesays.com\/afrique\/wp-json\/wp\/v2\/posts"}],"about":[{"href":"https:\/\/www.europesays.com\/afrique\/wp-json\/wp\/v2\/types\/post"}],"author":[{"embeddable":true,"href":"https:\/\/www.europesays.com\/afrique\/wp-json\/wp\/v2\/users\/2"}],"replies":[{"embeddable":true,"href":"https:\/\/www.europesays.com\/afrique\/wp-json\/wp\/v2\/comments?post=190725"}],"version-history":[{"count":0,"href":"https:\/\/www.europesays.com\/afrique\/wp-json\/wp\/v2\/posts\/190725\/revisions"}],"wp:featuredmedia":[{"embeddable":true,"href":"https:\/\/www.europesays.com\/afrique\/wp-json\/wp\/v2\/media\/190726"}],"wp:attachment":[{"href":"https:\/\/www.europesays.com\/afrique\/wp-json\/wp\/v2\/media?parent=190725"}],"wp:term":[{"taxonomy":"category","embeddable":true,"href":"https:\/\/www.europesays.com\/afrique\/wp-json\/wp\/v2\/categories?post=190725"},{"taxonomy":"post_tag","embeddable":true,"href":"https:\/\/www.europesays.com\/afrique\/wp-json\/wp\/v2\/tags?post=190725"}],"curies":[{"name":"wp","href":"https:\/\/api.w.org\/{rel}","templated":true}]}}