{"id":191279,"date":"2026-08-25T16:29:09","date_gmt":"2026-08-25T16:29:09","guid":{"rendered":"https:\/\/www.europesays.com\/afrique\/191279\/"},"modified":"2026-08-25T16:29:09","modified_gmt":"2026-08-25T16:29:09","slug":"algerie-u23-les-verts-fixes-sur-leur-premier-defi-vers-la-can","status":"publish","type":"post","link":"https:\/\/www.europesays.com\/afrique\/191279\/","title":{"rendered":"Alg\u00e9rie U23 : Les Verts fix\u00e9s sur leur premier d\u00e9fi vers la CAN"},"content":{"rendered":"<p style=\"text-align: justify;\" data-path-to-node=\"4\">Ce mardi, au si\u00e8ge de la Conf\u00e9d\u00e9ration Africaine de Football (CAF) situ\u00e9 au Caire, s\u2019est d\u00e9roul\u00e9 le tirage au sort des deux premiers tours des qualifications pour la Coupe d\u2019Afrique des Nations U23 2027, dont la phase finale se tiendra en \u00c9gypte. Exempt\u00e9e du premier tour en raison de son classement et de ses performances lors des \u00e9ditions pr\u00e9c\u00e9dentes, l\u2019\u00e9quipe d\u2019Alg\u00e9rie U23 effectuera son entr\u00e9e en lice directement lors du deuxi\u00e8me tour des \u00e9liminatoires.<\/p>\n<p style=\"text-align: justify;\" data-path-to-node=\"5\">Les Verts U23 connaissent d\u00e9sormais pr\u00e9cis\u00e9ment leur feuille de route vers la CAN U23 2027. Pour ce deuxi\u00e8me tour pr\u00e9vu du 9 au 17 novembre prochain, l\u2019Alg\u00e9rie affrontera le vainqueur de la confrontation du premier tour opposant le Malawi \u00e0 l\u2019Eswatini. Les co\u00e9quipiers d\u2019Adil Bourabaa disputeront cette manche d\u00e9cisive lors d\u2019une double confrontation au format aller-retour.<\/p>\n<p style=\"text-align: justify;\" data-path-to-node=\"6\">En cas de qualification lors de cette premi\u00e8re \u00e9tape, les hommes de Rafik Sa\u00effi devront encore franchir un troisi\u00e8me et ultime tour \u00e9liminatoire, lui aussi disput\u00e9 en matchs aller-retour. Les sept \u00e9quipes victorieuses de ce dernier barrage d\u00e9crocheront leur pr\u00e9cieux billet pour la phase finale de la CAN U23 2027, o\u00f9 elles rejoindront l\u2019\u00c9gypte, automatiquement qualifi\u00e9e en sa qualit\u00e9 de pays h\u00f4te.<\/p>\n<p lang=\"en\" dir=\"ltr\">Draw <a href=\"https:\/\/x.com\/hashtag\/TotalEnergiesAFCONU23?src=hash&amp;ref_src=twsrc%5Etfw\" rel=\"nofollow\">#TotalEnergiesAFCONU23<\/a><a href=\"https:\/\/x.com\/TheRoonBa?ref_src=twsrc%5Etfw\" rel=\"nofollow\">@TheRoonBa<\/a> <a href=\"https:\/\/t.co\/2BbvAR56Hr\" rel=\"nofollow\">pic.twitter.com\/2BbvAR56Hr<\/a><\/p>\n<p>\u2014 #Football, #Futsal, #BeachSoccer, #MiniFootball (@MundialesyCopas) <a href=\"https:\/\/x.com\/MundialesyCopas\/status\/2092240754160681090?ref_src=twsrc%5Etfw\" rel=\"nofollow\">August 25, 2026<\/a><\/p>\n<p>L\u2019objectif olympique dans le viseur<\/p>\n<p style=\"text-align: justify;\" data-path-to-node=\"8\">Au-del\u00e0 de la qualification pour le tournoi continental, l\u2019objectif ultime de cette g\u00e9n\u00e9ration de l\u2019Alg\u00e9rie U23 sera de d\u00e9crocher un ticket pour les Jeux Olympiques de 2028 \u00e0 Los Angeles. La mission s\u2019annonce particuli\u00e8rement ardue pour les Fennecs, puisque le continent africain ne disposera que de deux places seulement pour participer aux JO de LA 2028.<\/p>\n<p style=\"text-align: justify;\" data-path-to-node=\"9\">En effet, ces deux pr\u00e9cieux billets olympiques seront uniquement attribu\u00e9s au vainqueur et au finaliste de la CAN U23 2027, ne laissant aucun droit \u00e0 l\u2019erreur pour la troupe de Rafik Sa\u00effi dans cette qu\u00eate internationale.<\/p>\n<p>\t            <script async src=\"https:\/\/platform.twitter.com\/widgets.js\" charset=\"utf-8\"><\/script><\/p>\n","protected":false},"excerpt":{"rendered":"Ce mardi, au si\u00e8ge de la Conf\u00e9d\u00e9ration Africaine de Football (CAF) situ\u00e9 au Caire, s\u2019est d\u00e9roul\u00e9 le tirage&hellip;\n","protected":false},"author":2,"featured_media":122658,"comment_status":"","ping_status":"","sticky":false,"template":"","format":"standard","meta":{"footnotes":"","_share_on_mastodon":"0"},"categories":[85],"tags":[116,12635,12634,12636,29365,12637,12640],"class_list":["post-191279","post","type-post","status-publish","format-standard","has-post-thumbnail","category-algerie","tag-algerie","tag-algu00e9rie-olympique","tag-algu00e9rie-u00e9quipe-olympique","tag-algu00e9rie-u23","tag-can-u23","tag-equipe-nationale-u23","tag-u23"],"share_on_mastodon":{"url":"https:\/\/pubeurope.com\/@afrique\/117157099299623108","error":""},"_links":{"self":[{"href":"https:\/\/www.europesays.com\/afrique\/wp-json\/wp\/v2\/posts\/191279","targetHints":{"allow":["GET"]}}],"collection":[{"href":"https:\/\/www.europesays.com\/afrique\/wp-json\/wp\/v2\/posts"}],"about":[{"href":"https:\/\/www.europesays.com\/afrique\/wp-json\/wp\/v2\/types\/post"}],"author":[{"embeddable":true,"href":"https:\/\/www.europesays.com\/afrique\/wp-json\/wp\/v2\/users\/2"}],"replies":[{"embeddable":true,"href":"https:\/\/www.europesays.com\/afrique\/wp-json\/wp\/v2\/comments?post=191279"}],"version-history":[{"count":0,"href":"https:\/\/www.europesays.com\/afrique\/wp-json\/wp\/v2\/posts\/191279\/revisions"}],"wp:featuredmedia":[{"embeddable":true,"href":"https:\/\/www.europesays.com\/afrique\/wp-json\/wp\/v2\/media\/122658"}],"wp:attachment":[{"href":"https:\/\/www.europesays.com\/afrique\/wp-json\/wp\/v2\/media?parent=191279"}],"wp:term":[{"taxonomy":"category","embeddable":true,"href":"https:\/\/www.europesays.com\/afrique\/wp-json\/wp\/v2\/categories?post=191279"},{"taxonomy":"post_tag","embeddable":true,"href":"https:\/\/www.europesays.com\/afrique\/wp-json\/wp\/v2\/tags?post=191279"}],"curies":[{"name":"wp","href":"https:\/\/api.w.org\/{rel}","templated":true}]}}